{"id":1523,"date":"2019-07-28T14:00:00","date_gmt":"2019-07-28T12:00:00","guid":{"rendered":"https:\/\/skruv.nu\/?p=1523"},"modified":"2023-08-12T17:32:59","modified_gmt":"2023-08-12T15:32:59","slug":"picknick-med-kubb-vid-ales-stenar","status":"publish","type":"post","link":"https:\/\/skruv.nu\/be\/aktiviteter\/picknick-med-kubb-vid-ales-stenar\/","title":{"rendered":"Picknick med kubb vid Ales stenar"},"content":{"rendered":"\n<p class=\"has-theme-palette-7-background-color has-background has-medium-font-size\">Ales stenar, K\u00e5seberga, 18 km \u00f6ster om Ystad (samling vid stenarna)<br>S\u00f6ndag 28 juli 2019 kl 14.00\u201316.45<\/p>\n\n\n\n<p>Ovanf\u00f6r hamnen i det gamla fiskel\u00e4get K\u00e5seberga finns Sveriges st\u00f6rsta bevarade skeppss\u00e4ttning, Ales stenar. Den best\u00e5r av 59 stenblock, \u00e4r 67 meter l\u00e5ng och 19 meter bred.<\/p>\n\n\n\n<p>Alla \u00e4r v\u00e4lkomna att vara med och spela kubb.<\/p>\n\n\n\n<p>En varm tr\u00f6ja \u00e4r alltid l\u00e4mpligt att ha med sig till Ales stenar, eftersom det kan vara lite bl\u00e5sigt vid havet. Picknicken \u00e4r gratis, \u00f6ppen f\u00f6r alla oavsett \u00e5lder och modersm\u00e5l. Ingen f\u00f6ranm\u00e4lan kr\u00e4vs.<\/p>\n\n\n\n<p>Samling vid stenarna kl. 15.00.<\/p>\n\n\n\n<figure class=\"wp-block-image size-full is-style-default\"><img fetchpriority=\"high\" decoding=\"async\" width=\"1200\" height=\"800\" src=\"https:\/\/skruv.nu\/wp-content\/uploads\/2020\/08\/dsc_4431_1200x800.jpg\" alt=\"en skara m\u00e4nniskor p\u00e5 gr\u00e4set framf\u00f6r stora stenar\" class=\"wp-image-1529\" srcset=\"https:\/\/skruv.nu\/wp-content\/uploads\/2020\/08\/dsc_4431_1200x800.jpg 1200w, https:\/\/skruv.nu\/wp-content\/uploads\/2020\/08\/dsc_4431_1200x800-300x200.jpg 300w, https:\/\/skruv.nu\/wp-content\/uploads\/2020\/08\/dsc_4431_1200x800-1024x683.jpg 1024w, https:\/\/skruv.nu\/wp-content\/uploads\/2020\/08\/dsc_4431_1200x800-150x100.jpg 150w, https:\/\/skruv.nu\/wp-content\/uploads\/2020\/08\/dsc_4431_1200x800-768x512.jpg 768w\" sizes=\"(max-width: 1200px) 100vw, 1200px\" \/><figcaption class=\"wp-element-caption\">Skruv vid Ales stenar 2019. Foto: Anton Barmouk.<\/figcaption><\/figure>\n","protected":false},"excerpt":{"rendered":"<p>Skruv ordnar svensk-rysk-ukrainsk-vitrysk picknick med en makal\u00f6s utsikt \u00f6ver havet och den sk\u00e5nska sydkusten.<\/p>\n","protected":false},"author":1,"featured_media":1535,"comment_status":"closed","ping_status":"open","sticky":false,"template":"","format":"standard","meta":{"_acf_changed":false,"_seopress_robots_primary_cat":"none","_seopress_titles_title":"","_seopress_titles_desc":"","_seopress_robots_index":"","_kad_post_transparent":"","_kad_post_title":"","_kad_post_layout":"","_kad_post_sidebar_id":"","_kad_post_content_style":"","_kad_post_vertical_padding":"","_kad_post_feature":"","_kad_post_feature_position":"","_kad_post_header":false,"_kad_post_footer":false,"_kad_post_classname":"","footnotes":""},"categories":[41,160],"tags":[228,177],"class_list":["post-1523","post","type-post","status-publish","format-standard","has-post-thumbnail","hentry","category-aktiviteter","category-picknickar","tag-oresund","tag-tidigare"],"acf":[],"_links":{"self":[{"href":"https:\/\/skruv.nu\/be\/wp-json\/wp\/v2\/posts\/1523","targetHints":{"allow":["GET"]}}],"collection":[{"href":"https:\/\/skruv.nu\/be\/wp-json\/wp\/v2\/posts"}],"about":[{"href":"https:\/\/skruv.nu\/be\/wp-json\/wp\/v2\/types\/post"}],"author":[{"embeddable":true,"href":"https:\/\/skruv.nu\/be\/wp-json\/wp\/v2\/users\/1"}],"replies":[{"embeddable":true,"href":"https:\/\/skruv.nu\/be\/wp-json\/wp\/v2\/comments?post=1523"}],"version-history":[{"count":0,"href":"https:\/\/skruv.nu\/be\/wp-json\/wp\/v2\/posts\/1523\/revisions"}],"wp:featuredmedia":[{"embeddable":true,"href":"https:\/\/skruv.nu\/be\/wp-json\/wp\/v2\/media\/1535"}],"wp:attachment":[{"href":"https:\/\/skruv.nu\/be\/wp-json\/wp\/v2\/media?parent=1523"}],"wp:term":[{"taxonomy":"category","embeddable":true,"href":"https:\/\/skruv.nu\/be\/wp-json\/wp\/v2\/categories?post=1523"},{"taxonomy":"post_tag","embeddable":true,"href":"https:\/\/skruv.nu\/be\/wp-json\/wp\/v2\/tags?post=1523"}],"curies":[{"name":"wp","href":"https:\/\/api.w.org\/{rel}","templated":true}]}}