{"id":357096,"date":"2016-10-08T00:00:47","date_gmt":"2016-10-07T22:00:47","guid":{"rendered":"http:\/\/www.skruv.org\/?p=357096"},"modified":"2021-10-08T15:39:25","modified_gmt":"2021-10-08T13:39:25","slug":"forfattartraff-malmo-8-oktober-2016-tema-marina-tsvetajeva","status":"publish","type":"post","link":"https:\/\/skruv.nu\/be\/aktiviteter\/forfattartraff-malmo-8-oktober-2016-tema-marina-tsvetajeva\/","title":{"rendered":"F\u00f6rfattartr\u00e4ff i Malm\u00f6, tema Marina Tsvetajeva"},"content":{"rendered":"\n<p class=\"has-background has-medium-font-size\" style=\"background-color:#f4f4f4\">Ungdomens hus, sal 12, Torpgatan 21, Malm\u00f6<br>L\u00f6rdag 8 oktober 2016 kl 17.00\u201320.30<\/p>\n\n\n\n<p>Vi g\u00e4stas av poeter och&nbsp;f\u00f6rfattare fr\u00e5n Moskva \u2013 Larisa Kuzminskaja, Andrej Debabov och Aleksandra Kolosova&nbsp;\u2013 samt v\u00e5r egen Veronika Tarnovskaya fr\u00e5n Lund.<\/p>\n\n\n\n<p>Programmet leds av Larisa Kuzminskaja.<\/p>\n\n\n\n<p>En poet \u00e4r en m\u00e4nniska&nbsp;<em>vars sj\u00e4l \u00e4r f\u00f6dd bevingad<\/em>. N\u00e4r vi kommer n\u00e4ra inp\u00e5&nbsp;poetens&nbsp;skapande&nbsp;fylls&nbsp;vi av&nbsp;k\u00e4rlek till livet, godhet och visdom. Vi inbjuder alla intresserade att m\u00f6ta just s\u00e5dana m\u00e4nniskor \u2013 poeter! I deras framf\u00f6rande&nbsp;kommer vi att f\u00e5 h\u00f6ra dikter av Marina Tsvetajeva, dikter till\u00e4gnade Marina Tsvetajeva samt&nbsp;dikter av silver\u00e5lderns poeter.<\/p>\n\n\n\n<p>I&nbsp;aftonens andra avdelning&nbsp;presenterar&nbsp;Larisa Kuzminskaja sin nya diktsamling,&nbsp;<em>Vstr\u00e9tja s \u00e1ngelami<\/em>&nbsp;(M\u00f6te med \u00e4nglarna<em>)<\/em>.<\/p>\n\n\n\n<p><em>Under aftonen&nbsp;finns m\u00f6jlighet f\u00f6r alla&nbsp;att l\u00e4sa sina favoritdikter.<\/em><\/p>\n\n\n\n<p>Spr\u00e5k: ryska.<\/p>\n\n\n\n<p>Entr\u00e9: 60 kr (30 kr f\u00f6r medlemmar i Skruv).<\/p>\n\n\n\n<p>I entr\u00e9avgiften ing\u00e5r kaffe\/te och tilltugg.<\/p>\n\n\n\n<p><em>F\u00f6rfattartr\u00e4ffen \u00e4r ett arrangemang av Skruv i samarbete med ABF.<\/em><\/p>\n","protected":false},"excerpt":{"rendered":"<p>V\u00e4lkommen till en kv\u00e4ll i den ryska poesins tecken! Skruvs Litteraturklubb inbjuder till en f\u00f6rfattartr\u00e4ff \u00e4gnad minnet av den ryska poeten och f\u00f6rfattaren Mar\u00edna Tsvet\u00e1jeva (1892\u20131941), en av de fr\u00e4msta representanterna f\u00f6r den ryska poesins silver\u00e5lder.<\/p>\n","protected":false},"author":1,"featured_media":366968,"comment_status":"closed","ping_status":"open","sticky":false,"template":"","format":"standard","meta":{"_acf_changed":false,"_seopress_robots_primary_cat":"none","_seopress_titles_title":"","_seopress_titles_desc":"","_seopress_robots_index":"","_kad_post_transparent":"","_kad_post_title":"","_kad_post_layout":"","_kad_post_sidebar_id":"","_kad_post_content_style":"","_kad_post_vertical_padding":"","_kad_post_feature":"","_kad_post_feature_position":"","_kad_post_header":false,"_kad_post_footer":false,"_kad_post_classname":"","footnotes":""},"categories":[41,54],"tags":[177],"class_list":["post-357096","post","type-post","status-publish","format-standard","has-post-thumbnail","hentry","category-aktiviteter","category-kat-litteratur","tag-tidigare"],"acf":[],"_links":{"self":[{"href":"https:\/\/skruv.nu\/be\/wp-json\/wp\/v2\/posts\/357096","targetHints":{"allow":["GET"]}}],"collection":[{"href":"https:\/\/skruv.nu\/be\/wp-json\/wp\/v2\/posts"}],"about":[{"href":"https:\/\/skruv.nu\/be\/wp-json\/wp\/v2\/types\/post"}],"author":[{"embeddable":true,"href":"https:\/\/skruv.nu\/be\/wp-json\/wp\/v2\/users\/1"}],"replies":[{"embeddable":true,"href":"https:\/\/skruv.nu\/be\/wp-json\/wp\/v2\/comments?post=357096"}],"version-history":[{"count":0,"href":"https:\/\/skruv.nu\/be\/wp-json\/wp\/v2\/posts\/357096\/revisions"}],"wp:featuredmedia":[{"embeddable":true,"href":"https:\/\/skruv.nu\/be\/wp-json\/wp\/v2\/media\/366968"}],"wp:attachment":[{"href":"https:\/\/skruv.nu\/be\/wp-json\/wp\/v2\/media?parent=357096"}],"wp:term":[{"taxonomy":"category","embeddable":true,"href":"https:\/\/skruv.nu\/be\/wp-json\/wp\/v2\/categories?post=357096"},{"taxonomy":"post_tag","embeddable":true,"href":"https:\/\/skruv.nu\/be\/wp-json\/wp\/v2\/tags?post=357096"}],"curies":[{"name":"wp","href":"https:\/\/api.w.org\/{rel}","templated":true}]}}