{"id":357433,"date":"2017-02-12T12:30:00","date_gmt":"2017-02-12T11:30:00","guid":{"rendered":"http:\/\/www.skruv.org\/?p=357433\/"},"modified":"2022-09-25T11:03:52","modified_gmt":"2022-09-25T09:03:52","slug":"termin-4-ryska-med-start-12-februari-2017","status":"publish","type":"post","link":"https:\/\/skruv.nu\/be\/aktiviteter\/termin-4-ryska-med-start-12-februari-2017\/","title":{"rendered":"Start f\u00f6r termin 4 i ryska i Malm\u00f6"},"content":{"rendered":"\n<p><em>Tolv kurstillf\u00e4llen \u00e0 90 minuter med start s\u00f6ndag 12 februari 2017 kl 12.30<\/em> <br\/><em>ABF-huset, Malm\u00f6<\/em><\/p>\n\n<h2 class=\"wp-block-heading\">Kursbeskrivning<\/h2>\n\n<p><span lang=\"RU\">Forts\u00e4ttningskurs i ryska. Kursen utg\u00e5r fr\u00e5n l\u00e4romedlet Mozjno utgivet av f\u00f6rlaget Liber.<u><\/u><u><\/u><\/span><\/p>\n\n<p><span lang=\"RU\">Kursen v\u00e4nder sig till dig som har l\u00e4st ryska tidigare, som har f\u00e4rdigheter i att l\u00e4sa och skriva p\u00e5 ryska och som \u00e4r bekant med begreppen verbb\u00f6jning och substantivens kasus. Kursen motsvarar niv\u00e5 \u04101.2.<\/span><\/p>\n\n<h2 class=\"wp-block-heading\">M\u00e5lgrupp<\/h2>\n\n<p>Kursen v\u00e4nder sig till dig som har l\u00e4st ryska tidigare, ungef\u00e4r motsvarande tv\u00e5 terminers studier (90 min lektion\/vecka).<\/p>\n\n<h2 class=\"wp-block-heading\">L\u00e4rare<\/h2>\n\n<p>Kursen leds av Jel\u00e9na Konstant\u00ednovna Sav\u00e9ljeva (\u0415\u043b\u0435\u043d\u0430 \u041a\u043e\u043d\u0441\u0442\u0430\u043d\u0442\u0438\u043d\u043e\u0432\u043d\u0430 \u0421\u0430\u0432\u0435\u043b\u044c\u0435\u0432\u0430), som har ryska som modersm\u00e5l och som har erfarenhet av att undervisa vuxna i ryska som fr\u00e4mmande spr\u00e5k.<\/p>\n\n<h2 class=\"wp-block-heading\">Kursinneh\u00e5ll<\/h2>\n\n<p><span lang=\"RU\">Kursen best\u00e5r av fyra block:<u><\/u><\/span><\/p>\n\n<p><span lang=\"RU\">Block 1. \u201dPersonuppgifter\u201d (\u00e5lder, yrke, hobbyer, dativ, r\u00e4kneord, tidsutryck, verbet \u043b\u044e\u0431\u0438\u0442\u044c \u2019\u00e4lska\u2019)<u><\/u><u><\/u><\/span><\/p>\n\n<p><span lang=\"RU\">Block 2. \u201dV\u00e4dret\u201d (klimat, kalendern, dativ + en persons fysiska tillst\u00e5nd, ex. \u043c\u043d\u0435 \u0445\u043e\u043b\u043e\u0434\u043d\u043e \u2019jag fryser\u2019)<u><\/u><u><\/u><\/span><\/p>\n\n<p><span lang=\"RU\">Block 3. \u201dI aff\u00e4ren\u201d (kl\u00e4der, adjektiv, verbet \u043d\u0440\u0430\u0432\u0438\u0442\u0441\u044f \u2019tycker om\u2019)<u><\/u><u><\/u><\/span><\/p>\n\n<p><span lang=\"RU\">Block 4. \u201dUtseendet\u201d (l\u00e4nder, nationaliteter, adjektiv, ordningstal).<\/span><\/p>\n\n<h2 class=\"wp-block-heading\">Tid och plats<\/h2>\n\n<p>Kursen h\u00e5lls \u00e5tta s\u00f6ndagar, samma dagar som lektionerna p\u00e5 Skruvs ryska barnverksamhet, s\u00f6ndagar 12.30\u201314.00. Lokal: sal 205 (v\u00e5ning 2), ABF-huset, Sp\u00e5nehusv\u00e4gen 47 i Malm\u00f6. <\/p>\n\n<p>F\u00f6rsta g\u00e5ngen \u00e4r du v\u00e4lkommen att prova p\u00e5 niv\u00e5n, att k\u00e4nna dig f\u00f6r tillsammans med l\u00e4raren om det kan passa. Om du inte forts\u00e4tter efter f\u00f6rsta lektionen betalar ingenting.<\/p>\n\n<h2 class=\"wp-block-heading\">Avgift<\/h2>\n\n<p>Kursavgiften \u00e4r 400 kr. F\u00f6r att delta i kursen kr\u00e4vs <a href=\"https:\/\/skruv.nu\/bli-medlem\/\" data-type=\"URL\" data-id=\"https:\/\/skruv.nu\/ru\/vstupit\/\">medlemskap i Skruv<\/a>.<\/p>\n\n<h2 class=\"wp-block-heading\">Anm\u00e4lan<\/h2>\n\n<p>Anm\u00e4lan g\u00f6rs p\u00e5 e-postadress <a href=\"https:\/\/mail.google.com\/mail\/?view=cm&amp;fs=1&amp;tf=1&amp;to=info@skruv.org\" target=\"_blank\" rel=\"noopener noreferrer\">info@skruv.org<\/a>. Efter f\u00f6rsta lektionen f\u00e5r du faktura via e-post, och om du forts\u00e4tter kursen, ska hela kursavgiften betalas. Hur betalning ska ske meddelas senare.<\/p>\n\n<h2 class=\"wp-block-heading\">F\u00f6rbeh\u00e5ll<\/h2>\n\n<p>Med f\u00f6rbeh\u00e5ll f\u00f6r \u00e4ndringar i kursuppl\u00e4gg och kursprogram. Kursen ges under f\u00f6ruts\u00e4ttning att tillr\u00e4ckligt m\u00e5nga deltagare anm\u00e4ler sig. Normalt beh\u00f6vs minst tre deltagare.<\/p>\n","protected":false},"excerpt":{"rendered":"<p>Detta \u00e4r fj\u00e4rde terminen p\u00e5 Skruvs kurs i ryska spr\u00e5ket med inriktning p\u00e5 talad ryska, motsvarande niv\u00e5 A1.2.<\/p>\n","protected":false},"author":1,"featured_media":367590,"comment_status":"closed","ping_status":"closed","sticky":false,"template":"","format":"standard","meta":{"_acf_changed":false,"_seopress_robots_primary_cat":"none","_seopress_titles_title":"","_seopress_titles_desc":"","_seopress_robots_index":"","_kad_post_transparent":"","_kad_post_title":"","_kad_post_layout":"","_kad_post_sidebar_id":"","_kad_post_content_style":"","_kad_post_vertical_padding":"","_kad_post_feature":"","_kad_post_feature_position":"","_kad_post_header":false,"_kad_post_footer":false,"_kad_post_classname":"","footnotes":""},"categories":[41,43],"tags":[177],"class_list":["post-357433","post","type-post","status-publish","format-standard","has-post-thumbnail","hentry","category-aktiviteter","category-kurser","tag-tidigare"],"acf":[],"_links":{"self":[{"href":"https:\/\/skruv.nu\/be\/wp-json\/wp\/v2\/posts\/357433","targetHints":{"allow":["GET"]}}],"collection":[{"href":"https:\/\/skruv.nu\/be\/wp-json\/wp\/v2\/posts"}],"about":[{"href":"https:\/\/skruv.nu\/be\/wp-json\/wp\/v2\/types\/post"}],"author":[{"embeddable":true,"href":"https:\/\/skruv.nu\/be\/wp-json\/wp\/v2\/users\/1"}],"replies":[{"embeddable":true,"href":"https:\/\/skruv.nu\/be\/wp-json\/wp\/v2\/comments?post=357433"}],"version-history":[{"count":0,"href":"https:\/\/skruv.nu\/be\/wp-json\/wp\/v2\/posts\/357433\/revisions"}],"wp:featuredmedia":[{"embeddable":true,"href":"https:\/\/skruv.nu\/be\/wp-json\/wp\/v2\/media\/367590"}],"wp:attachment":[{"href":"https:\/\/skruv.nu\/be\/wp-json\/wp\/v2\/media?parent=357433"}],"wp:term":[{"taxonomy":"category","embeddable":true,"href":"https:\/\/skruv.nu\/be\/wp-json\/wp\/v2\/categories?post=357433"},{"taxonomy":"post_tag","embeddable":true,"href":"https:\/\/skruv.nu\/be\/wp-json\/wp\/v2\/tags?post=357433"}],"curies":[{"name":"wp","href":"https:\/\/api.w.org\/{rel}","templated":true}]}}