{"id":357584,"date":"2017-03-19T16:26:59","date_gmt":"2017-03-19T15:26:59","guid":{"rendered":"http:\/\/www.skruv.org\/?p=357584\/"},"modified":"2025-07-20T12:41:52","modified_gmt":"2025-07-20T10:41:52","slug":"rysksprakiga-videoklipp-om-juridik-och-forsakringar-i-sverige","status":"publish","type":"post","link":"https:\/\/skruv.nu\/be\/interkultur\/rysksprakiga-videoklipp-om-juridik-och-forsakringar-i-sverige\/","title":{"rendered":"Ryskspr\u00e5kiga videoklipp om juridik och f\u00f6rs\u00e4kringar i Sverige"},"content":{"rendered":"\n<p>Jurist Vladimir Reznik, Svensk Rysk Juridik<\/p>\n\n\n\n<figure class=\"wp-block-embed-youtube wp-block-embed is-type-video is-provider-youtube wp-embed-aspect-4-3 wp-has-aspect-ratio\"><div class=\"wp-block-embed__wrapper\">\n<iframe title=\"Vladimir Reznik 1\" width=\"720\" height=\"540\" src=\"https:\/\/www.youtube.com\/embed\/_f8Pat10qvA?feature=oembed\" frameborder=\"0\" allow=\"accelerometer; autoplay; clipboard-write; encrypted-media; gyroscope; picture-in-picture; web-share\" allowfullscreen><\/iframe>\n<\/div><\/figure>\n\n\n\n<p>Jurist Valerija Bilotien\u0117 (01:10\u201312:17)<br>Ordf\u00f6randen i Rysk-svenska f\u00f6reningen Sputnik Katerina Ekstr\u00f6m (13:29\u201322:17)<\/p>\n\n\n\n<figure class=\"wp-block-embed-youtube wp-block-embed is-type-video is-provider-youtube wp-embed-aspect-4-3 wp-has-aspect-ratio\"><div class=\"wp-block-embed__wrapper\">\n<iframe title=\"Valerija Bilotiene  Katerina Ekstrem\" width=\"720\" height=\"540\" src=\"https:\/\/www.youtube.com\/embed\/YGlq5bLwKjU?feature=oembed\" frameborder=\"0\" allow=\"accelerometer; autoplay; clipboard-write; encrypted-media; gyroscope; picture-in-picture; web-share\" allowfullscreen><\/iframe>\n<\/div><\/figure>\n\n\n\n<p>Advokat Nikita Lundin,&nbsp;WE Advokater<\/p>\n\n\n\n<figure class=\"wp-block-embed-youtube wp-block-embed is-type-video is-provider-youtube wp-embed-aspect-4-3 wp-has-aspect-ratio\"><div class=\"wp-block-embed__wrapper\">\n<iframe title=\"Nikita Lundin\" width=\"720\" height=\"540\" src=\"https:\/\/www.youtube.com\/embed\/diyH2VASaik?feature=oembed\" frameborder=\"0\" allow=\"accelerometer; autoplay; clipboard-write; encrypted-media; gyroscope; picture-in-picture; web-share\" allowfullscreen><\/iframe>\n<\/div><\/figure>\n\n\n\n<p>Tatiana Miralm, Folksams flerspr\u00e5kiga rikskundservice<\/p>\n\n\n\n<figure class=\"wp-block-embed-youtube wp-block-embed is-type-video is-provider-youtube wp-embed-aspect-4-3 wp-has-aspect-ratio\"><div class=\"wp-block-embed__wrapper\">\n<iframe title=\"Folksam 2\" width=\"720\" height=\"540\" src=\"https:\/\/www.youtube.com\/embed\/ultCepNxQVs?feature=oembed\" frameborder=\"0\" allow=\"accelerometer; autoplay; clipboard-write; encrypted-media; gyroscope; picture-in-picture; web-share\" allowfullscreen><\/iframe>\n<\/div><\/figure>\n\n\n\n<p>Tatiana Miralm och gruppchef Salar Shariati, Folksams flerspr\u00e5kiga rikskundservice (svagt ljud)<\/p>\n\n\n\n<figure class=\"wp-block-embed-youtube wp-block-embed is-type-video is-provider-youtube wp-embed-aspect-4-3 wp-has-aspect-ratio\"><div class=\"wp-block-embed__wrapper\">\n<iframe title=\"Folksam 1\" width=\"720\" height=\"540\" src=\"https:\/\/www.youtube.com\/embed\/W5CX72Olkgc?feature=oembed\" frameborder=\"0\" allow=\"accelerometer; autoplay; clipboard-write; encrypted-media; gyroscope; picture-in-picture; web-share\" allowfullscreen><\/iframe>\n<\/div><\/figure>\n","protected":false},"excerpt":{"rendered":"<p>L\u00e4nkar till f\u00f6ljande videoklipp har vi f\u00e5tt fr\u00e5n Centret f\u00f6r ryssars r\u00e4ttigheter i Sverige.<\/p>\n","protected":false},"author":1,"featured_media":804,"comment_status":"closed","ping_status":"open","sticky":false,"template":"","format":"standard","meta":{"_acf_changed":false,"_seopress_robots_primary_cat":"none","_seopress_titles_title":"","_seopress_titles_desc":"","_seopress_robots_index":"","_kad_post_transparent":"","_kad_post_title":"","_kad_post_layout":"","_kad_post_sidebar_id":"","_kad_post_content_style":"","_kad_post_vertical_padding":"","_kad_post_feature":"","_kad_post_feature_position":"","_kad_post_header":false,"_kad_post_footer":false,"_kad_post_classname":"","footnotes":""},"categories":[174,404],"tags":[],"class_list":["post-357584","post","type-post","status-publish","format-standard","has-post-thumbnail","hentry","category-interkultur","category-samhalle-och-integration-i-sverige"],"acf":[],"_links":{"self":[{"href":"https:\/\/skruv.nu\/be\/wp-json\/wp\/v2\/posts\/357584","targetHints":{"allow":["GET"]}}],"collection":[{"href":"https:\/\/skruv.nu\/be\/wp-json\/wp\/v2\/posts"}],"about":[{"href":"https:\/\/skruv.nu\/be\/wp-json\/wp\/v2\/types\/post"}],"author":[{"embeddable":true,"href":"https:\/\/skruv.nu\/be\/wp-json\/wp\/v2\/users\/1"}],"replies":[{"embeddable":true,"href":"https:\/\/skruv.nu\/be\/wp-json\/wp\/v2\/comments?post=357584"}],"version-history":[{"count":1,"href":"https:\/\/skruv.nu\/be\/wp-json\/wp\/v2\/posts\/357584\/revisions"}],"predecessor-version":[{"id":450895,"href":"https:\/\/skruv.nu\/be\/wp-json\/wp\/v2\/posts\/357584\/revisions\/450895"}],"wp:featuredmedia":[{"embeddable":true,"href":"https:\/\/skruv.nu\/be\/wp-json\/wp\/v2\/media\/804"}],"wp:attachment":[{"href":"https:\/\/skruv.nu\/be\/wp-json\/wp\/v2\/media?parent=357584"}],"wp:term":[{"taxonomy":"category","embeddable":true,"href":"https:\/\/skruv.nu\/be\/wp-json\/wp\/v2\/categories?post=357584"},{"taxonomy":"post_tag","embeddable":true,"href":"https:\/\/skruv.nu\/be\/wp-json\/wp\/v2\/tags?post=357584"}],"curies":[{"name":"wp","href":"https:\/\/api.w.org\/{rel}","templated":true}]}}