{"id":359003,"date":"2018-05-04T00:00:08","date_gmt":"2018-05-03T22:00:08","guid":{"rendered":"http:\/\/www.skruv.org\/?p=359003"},"modified":"2022-07-04T18:37:46","modified_gmt":"2022-07-04T16:37:46","slug":"skruv-deltar-i-malmo-stads-foreningsgala-4-maj-2018","status":"publish","type":"post","link":"https:\/\/skruv.nu\/be\/aktiviteter\/skruv-deltar-i-malmo-stads-foreningsgala-4-maj-2018\/","title":{"rendered":"Skruv deltar i Malm\u00f6 stads f\u00f6reningsgala"},"content":{"rendered":"\n<p class=\"has-background has-medium-font-size\" style=\"background-color:#f4f4f4\">Malm\u00f6 Arena, Hyllie Stationstorg 2, Malm\u00f6<br>Fredag 4 maj 2018 kl 17.45\u201323.00<\/p>\n\n\n\n<p>Som medlem i Skruv har du m\u00f6jlighet att delta i f\u00f6reningsgalan. Anm\u00e4lan g\u00f6r du senast onsdag 11 april genom att fylla i formul\u00e4ret nedan och samtidigt betala deltagaravgiften 275 kr\/person till Skruvs bankgiro 5309-6723.<\/p>\n\n\n\n<p>Kl\u00e4dsel: V\u00e5rfin.<\/p>\n\n\n\n<p>Pris: 275 kr f\u00f6r tv\u00e5r\u00e4tters middag, kaffe, kaka och alkoholfri dryck (inkl biljettavgift 25 kr). \u00d6l och vin finns till f\u00f6rs\u00e4ljning vid bordet och i baren.<\/p>\n\n\n\n<p><strong>V\u00e4lj vad du vill \u00e4ta<\/strong><br>All mat \u00e4r laktos- &amp; glutenfri. F\u00f6rr\u00e4tt: Vegan eller fisk. Varmr\u00e4tt: Vegan eller f\u00e5gel. Ger man sin biljett till en annan person f\u00f6ljer matvalet med biljetten.<\/p>\n\n\n\n<p><strong>Anm\u00e4lan<\/strong><br>Anm\u00e4lan \u00e4r bindande men inte personlig. Vid f\u00f6rhinder kan du utan kostnad anm\u00e4la n\u00e5gon annan medlem i ditt st\u00e4lle.<br>Deltagarens namn (obligatoriskt):<br>Deltagarens e-postadress (obligatoriskt):<br>F\u00f6rutom mig sj\u00e4lv anm\u00e4ler jag f\u00f6ljande medlemmar:<\/p>\n","protected":false},"excerpt":{"rendered":"<p>Malm\u00f6 stads fritidsf\u00f6rvaltning bjuder in alla f\u00f6reningar till en f\u00e4rgsprakande kv\u00e4ll med mingel, mat, upptr\u00e4dande, musik och dans. Under kv\u00e4llen delar fritidsf\u00f6rvaltningen bland annat ut priserna \u00c5rets eldsj\u00e4l, \u00c5rets f\u00f6rening, \u00c5rets Pegasus, \u00c5rets f\u00f6reningsinsats f\u00f6r Malm\u00f6 och Malm\u00f6 stads idrottspris. Galan leds av konferencier Nina Pressing, musikalartist fr\u00e5n Malm\u00f6, och en hemlig k\u00e4nd artist st\u00e5r f\u00f6r musiken tillsammans med v\u00e5rt husband Poplabbet.<\/p>\n","protected":false},"author":1,"featured_media":366623,"comment_status":"closed","ping_status":"open","sticky":false,"template":"","format":"standard","meta":{"_acf_changed":false,"_seopress_robots_primary_cat":"none","_seopress_titles_title":"","_seopress_titles_desc":"","_seopress_robots_index":"","_kad_post_transparent":"","_kad_post_title":"","_kad_post_layout":"","_kad_post_sidebar_id":"","_kad_post_content_style":"","_kad_post_vertical_padding":"","_kad_post_feature":"","_kad_post_feature_position":"","_kad_post_header":false,"_kad_post_footer":false,"_kad_post_classname":"","footnotes":""},"categories":[41,166],"tags":[222,177],"class_list":["post-359003","post","type-post","status-publish","format-standard","has-post-thumbnail","hentry","category-aktiviteter","category-foreningsdemokrati","tag-malmo","tag-tidigare"],"acf":[],"_links":{"self":[{"href":"https:\/\/skruv.nu\/be\/wp-json\/wp\/v2\/posts\/359003","targetHints":{"allow":["GET"]}}],"collection":[{"href":"https:\/\/skruv.nu\/be\/wp-json\/wp\/v2\/posts"}],"about":[{"href":"https:\/\/skruv.nu\/be\/wp-json\/wp\/v2\/types\/post"}],"author":[{"embeddable":true,"href":"https:\/\/skruv.nu\/be\/wp-json\/wp\/v2\/users\/1"}],"replies":[{"embeddable":true,"href":"https:\/\/skruv.nu\/be\/wp-json\/wp\/v2\/comments?post=359003"}],"version-history":[{"count":0,"href":"https:\/\/skruv.nu\/be\/wp-json\/wp\/v2\/posts\/359003\/revisions"}],"wp:featuredmedia":[{"embeddable":true,"href":"https:\/\/skruv.nu\/be\/wp-json\/wp\/v2\/media\/366623"}],"wp:attachment":[{"href":"https:\/\/skruv.nu\/be\/wp-json\/wp\/v2\/media?parent=359003"}],"wp:term":[{"taxonomy":"category","embeddable":true,"href":"https:\/\/skruv.nu\/be\/wp-json\/wp\/v2\/categories?post=359003"},{"taxonomy":"post_tag","embeddable":true,"href":"https:\/\/skruv.nu\/be\/wp-json\/wp\/v2\/tags?post=359003"}],"curies":[{"name":"wp","href":"https:\/\/api.w.org\/{rel}","templated":true}]}}