{"id":366470,"date":"2020-09-20T00:00:00","date_gmt":"2020-09-19T22:00:00","guid":{"rendered":"https:\/\/skruv.nu\/?p=366470"},"modified":"2021-03-01T13:29:43","modified_gmt":"2021-03-01T12:29:43","slug":"foreningsstamma-i-malmo-20-september-2020","status":"publish","type":"post","link":"https:\/\/skruv.nu\/be\/aktiviteter\/foreningsstamma-i-malmo-20-september-2020\/","title":{"rendered":"F\u00f6reningsst\u00e4mma i Malm\u00f6 2020"},"content":{"rendered":"\n<p class=\"has-background has-medium-font-size\" style=\"background-color:#f4f4f4\">Studiefr\u00e4mjandet, Ystadsgatan 53, Malm\u00f6<br>S\u00f6ndag 20 september 2020 15.15\u201317.00<\/p>\n\n\n\n<p>Till revisorer f\u00f6r en tid av ett \u00e5r omvaldes Gunnel Arbin-Sj\u00f6berg och Oxana Hall-Wilton, med ers\u00e4ttare Eva Alexanderson. Fram till n\u00e4sta f\u00f6reningsst\u00e4mma fungerar styrelsen som valberedning.<\/p>\n\n\n\n<p>I praktiken inneb\u00e4r &#8220;p\u00e5 ett \u00e5r&#8221; och &#8220;p\u00e5 tv\u00e5 \u00e5r&#8221; ett halv\u00e5r mindre, eftersom f\u00f6reningsst\u00e4mman h\u00f6lls ett halv\u00e5r senare \u00e4n normalt p.g.a. coronapandemin. Vi r\u00e4knar med att kunna h\u00e5lla n\u00e4sta ordinarie f\u00f6reningsst\u00e4mma i mars 2021.<\/p>\n\n\n\n<p>Styrelsens ordf\u00f6rande tackade Liliya Nicolaidis, som avgick fr\u00e5n styrelsen efter tv\u00e5 \u00e5r.<\/p>\n\n\n\n<p class=\"has-text-align-center\">&#8216; &#8216; &#8216;<\/p>\n\n\n\n<p>S\u00e5 h\u00e4r s\u00e5g inbjudan ut:<\/p>\n\n\n\n<p class=\"has-medium-font-size\"><strong>Var med och p\u00e5verka f\u00f6reningens utveckling. Medlemmarna i S\u00e4llskapet f\u00f6r kontakter med Ryssland, Ukraina och Vitryssland (Skruv) kallas till ordinarie f\u00f6reningsst\u00e4mma (\u00e5rsm\u00f6te). St\u00e4mman skulle ha \u00e4gt rum i v\u00e5ras men har blivit uppskjuten p.g.a. coronapandemin.<\/strong><\/p>\n\n\n\n<p>P\u00e5 f\u00f6reningsst\u00e4mman har du som medlem chans att p\u00e5verka vad Skruv ska g\u00f6ra under det kommande \u00e5ret. Vi tar ocks\u00e5 st\u00e4llning till hur styrelsen har sk\u00f6tt sitt arbete under det g\u00e5ngna \u00e5ret. De som aldrig tidigare har varit p\u00e5 en f\u00f6reningsst\u00e4mma&nbsp;tidigare h\u00e4lsas s\u00e4rskilt v\u00e4lkomna.<\/p>\n\n\n\n<p>Varje medlem har r\u00e4tt att st\u00e4lla f\u00f6rslag till f\u00f6reningsst\u00e4mman. S\u00e5dant f\u00f6rslag ska f\u00f6r att kunna behandlas ha kommit in till styrelsen senast&nbsp;fyra veckor f\u00f6re f\u00f6reningsst\u00e4mman.<\/p>\n\n\n\n<p>Varje n\u00e4rvarande medlem som betalat sin avgift \u00e4ger vid eventuell omr\u00f6stning en r\u00f6st. Bara medlemmar har tilltr\u00e4de till f\u00f6reningsst\u00e4mman.<\/p>\n\n\n\n<p><strong>Efter f\u00f6reningsst\u00e4mman bjuder f\u00f6reningen p\u00e5 kaffe\/te och n\u00e5got l\u00e4tt att \u00e4ta. Vi f\u00e5r tillf\u00e4lle att l\u00e4ra k\u00e4nna varandra lite b\u00e4ttre.<\/strong><\/p>\n\n\n\n<p><a href=\"\/?p=367320\" data-type=\"post\" data-id=\"367320\">H\u00e4r kan du l\u00e4sa verksamhetsber\u00e4ttelsen f\u00f6r 2019.<\/a><\/p>\n\n\n\n<div class=\"wp-block-group has-background\" style=\"background-color:#f4f4f4\"><div class=\"wp-block-group__inner-container is-layout-flow wp-block-group-is-layout-flow\">\n<h3 class=\"wp-block-heading\">Du \u00e4r v\u00e4lkommen att engagera dig<\/h3>\n\n\n\n<p>Vill du vara med och arbeta aktivt i f\u00f6reningen? H\u00f6r av dig till valberedningen och anm\u00e4l ditt intresse! Valberedningen best\u00e5r av&nbsp;Eva Alexanderson (n\u00e5s p\u00e5 <a href=\"http:\/\/m.me\/eva.y.alexanderson\">Messenger<\/a> eller e-post <a href=\"mailto:eva.alexanderson@gmail.com\">eva.alexanderson@gmail.com<\/a>) och Irina Rylander (e-post <a href=\"mailto:irinarylander@hotmail.com\">irinarylander@hotmail.com<\/a>).<\/p>\n<\/div><\/div>\n\n\n\n<p>&nbsp;<\/p>\n\n\n\n<p>Hj\u00e4rtligt v\u00e4lkommen h\u00e4lsar styrelsen!<\/p>\n\n\n\n<h2 class=\"wp-block-heading\">Dagordning f\u00f6r f\u00f6reningsst\u00e4mman<\/h2>\n\n\n\n<ol class=\"wp-block-list\"><li>F\u00f6reningsst\u00e4mmans \u00f6ppnande<\/li><li>Fr\u00e5ga om st\u00e4mman blivit kallad enligt stadgarna<\/li><li>Val av<br>a. m\u00f6tesordf\u00f6rande<br>b. m\u00f6tessekreterare<br>c. tv\u00e5 protokolljusterare, tillika r\u00f6str\u00e4knare<\/li><li>Fastst\u00e4llande av dagordning, arbetsordning och r\u00f6stl\u00e4ngd f\u00f6r st\u00e4mman<\/li><li>Styrelsens \u00e5rsber\u00e4ttelse<br>a. verksamhet<br>b. ekonomi<\/li><li>Revisorernas ber\u00e4ttelse<\/li><li>Fr\u00e5ga om ansvarsfrihet f\u00f6r styrelsen<\/li><li>Behandling av motioner och f\u00f6rslag<\/li><li>Fastst\u00e4llande av verksamhetsplan<\/li><li>Beslut om medlemsavgifter<\/li><li>Beslut om arvoden och ers\u00e4ttningar<\/li><li>Val av ordf\u00f6rande f\u00f6r en tid av ett \u00e5r<\/li><li>Val av \u00f6vriga ledam\u00f6ter f\u00f6r en tid av tv\u00e5 \u00e5r<\/li><li>Val av tv\u00e5 revisorer och en revisorsers\u00e4ttare p\u00e5 ett \u00e5r<\/li><li>Val av valberedning<\/li><li>Eventuella \u00f6vriga val<\/li><li>\u00d6vriga \u00e4renden som f\u00f6reningsst\u00e4mman beslutar behandla<\/li><li>F\u00f6reningsst\u00e4mmans avslutande<\/li><\/ol>\n","protected":false},"excerpt":{"rendered":"<p>P\u00e5 Skruvs f\u00f6reningsst\u00e4mma i Malm\u00f6 den 20 september 2020 omvaldes Niklas B\u00f6nnemark till f\u00f6reningens ordf\u00f6rande. Till \u00f6vriga ledam\u00f6ter i styrelsen valdes Elena Bibanina och Ulf Harborg (p\u00e5 tv\u00e5 \u00e5r) samt Daria Barmouk och Nuria B\u00f6nnemark (p\u00e5 ett \u00e5r).<\/p>\n","protected":false},"author":1,"featured_media":367641,"comment_status":"closed","ping_status":"open","sticky":false,"template":"","format":"standard","meta":{"_acf_changed":false,"_seopress_robots_primary_cat":"none","_seopress_titles_title":"","_seopress_titles_desc":"","_seopress_robots_index":"","_kad_post_transparent":"","_kad_post_title":"","_kad_post_layout":"","_kad_post_sidebar_id":"","_kad_post_content_style":"","_kad_post_vertical_padding":"","_kad_post_feature":"","_kad_post_feature_position":"","_kad_post_header":false,"_kad_post_footer":false,"_kad_post_classname":"","footnotes":""},"categories":[41,166],"tags":[222,177],"class_list":["post-366470","post","type-post","status-publish","format-standard","has-post-thumbnail","hentry","category-aktiviteter","category-foreningsdemokrati","tag-malmo","tag-tidigare"],"acf":[],"_links":{"self":[{"href":"https:\/\/skruv.nu\/be\/wp-json\/wp\/v2\/posts\/366470","targetHints":{"allow":["GET"]}}],"collection":[{"href":"https:\/\/skruv.nu\/be\/wp-json\/wp\/v2\/posts"}],"about":[{"href":"https:\/\/skruv.nu\/be\/wp-json\/wp\/v2\/types\/post"}],"author":[{"embeddable":true,"href":"https:\/\/skruv.nu\/be\/wp-json\/wp\/v2\/users\/1"}],"replies":[{"embeddable":true,"href":"https:\/\/skruv.nu\/be\/wp-json\/wp\/v2\/comments?post=366470"}],"version-history":[{"count":0,"href":"https:\/\/skruv.nu\/be\/wp-json\/wp\/v2\/posts\/366470\/revisions"}],"wp:featuredmedia":[{"embeddable":true,"href":"https:\/\/skruv.nu\/be\/wp-json\/wp\/v2\/media\/367641"}],"wp:attachment":[{"href":"https:\/\/skruv.nu\/be\/wp-json\/wp\/v2\/media?parent=366470"}],"wp:term":[{"taxonomy":"category","embeddable":true,"href":"https:\/\/skruv.nu\/be\/wp-json\/wp\/v2\/categories?post=366470"},{"taxonomy":"post_tag","embeddable":true,"href":"https:\/\/skruv.nu\/be\/wp-json\/wp\/v2\/tags?post=366470"}],"curies":[{"name":"wp","href":"https:\/\/api.w.org\/{rel}","templated":true}]}}