{"id":367785,"date":"2011-03-27T00:00:52","date_gmt":"2011-03-26T23:00:52","guid":{"rendered":"https:\/\/skruv.nu\/?p=367785"},"modified":"2025-01-19T20:11:15","modified_gmt":"2025-01-19T19:11:15","slug":"teatercirkel-i-malmo-i-samarbete-med-abf-varen-2011","status":"publish","type":"post","link":"https:\/\/skruv.nu\/be\/aktiviteter\/teatercirkel-i-malmo-i-samarbete-med-abf-varen-2011\/","title":{"rendered":"Teatercirkel i Malm\u00f6 i samarbete med ABF"},"content":{"rendered":"\n<h2 class=\"wp-block-heading\">Inneh\u00e5ll<\/h2>\n\n\n\n<h3 class=\"wp-block-heading\">Tr\u00e4ff 1<\/h3>\n\n\n\n<p class=\"has-background has-medium-font-size\" style=\"background-color:#f4f4f4\">Rum 307, ABF, Sp\u00e5nehusv\u00e4gen 47, Malm\u00f6<br>S\u00f6ndag 27 mars 2011 kl 12.30\u201315.00<\/p>\n\n\n\n<p>Gruppen samlas och diskuterar det material som Malm\u00f6 Stadsteater har tryckt upp. H\u00e4r f\u00f6rklaras handlingen i f\u00f6rest\u00e4llningen som vi ser p\u00e5 tr\u00e4ff 2.<\/p>\n\n\n\n<h3 class=\"wp-block-heading\">Tr\u00e4ff 2<\/h3>\n\n\n\n<p class=\"has-background has-medium-font-size\" style=\"background-color:#f4f4f4\">Hipp, Kalendegatan 12, Malm\u00f6<br>S\u00f6ndag 3 april 2011 kl 14.30\u2013ca 18.30<\/p>\n\n\n\n<p>Rundvisning bakom kulisserna (14.30\u201315.30), d\u00e4refter f\u00f6rest\u00e4llningen Mycket v\u00e4sen f\u00f6r ingenting av William Shakespeare p\u00e5 Hipp.<\/p>\n\n\n\n<h3 class=\"wp-block-heading\">Tr\u00e4ff 3<\/h3>\n\n\n\n<p class=\"has-background has-medium-font-size\" style=\"background-color:#f4f4f4\">Rum 307, ABF, Sp\u00e5nehusv\u00e4gen 47, Malm\u00f6<br>S\u00f6ndag 17 april 2011 kl 12.30\u201315.00<\/p>\n\n\n\n<p>Gruppen tr\u00e4ffas och diskuterar upplevelserna av och kring f\u00f6rest\u00e4llningen. En sammanfattning l\u00e4mnas in till ABF.<\/p>\n\n\n\n<h2 class=\"wp-block-heading\">Avgift och anm\u00e4lan<\/h2>\n\n\n\n<p>Deltagaravgiften \u00e4r 20 kr. I avgiften ing\u00e5r biljett till f\u00f6rest\u00e4llningen.<\/p>\n\n\n\n<p>Begr\u00e4nsat antal deltagare. Cirkeln \u00e4r \u00f6ppen endast f\u00f6r medlemmar i Skruv.<\/p>\n\n\n\n<p>Anm\u00e4lan g\u00f6rs till Niklas B\u00f6nnemark p\u00e5 e-post eller telefon senast fredag den 4 mars, g\u00e4rna tidigare.<\/p>\n\n\n\n<p><em>Detta \u00e4r ett arrangemang av Skruv i samarbete med ABF Malm\u00f6.<br>Id\u00e9, planering och genomf\u00f6rande: Malm\u00f6 Stadsteater, ABF och Skruvs styrelse.<br>Svensk text i inbjudan: Niklas B\u00f6nnemark.<br>\u00d6vers\u00e4ttning av inbjudan till ryska: Irina Makridova.<br>Layout och marknadsf\u00f6ring: Niklas B\u00f6nnemark.<br>Utskick p\u00e5 papper till e-postl\u00f6sa medlemmar: Ulf Pauli.<\/em><\/p>\n\n\n\n<p class=\"has-theme-palette-9-color has-theme-palette-3-background-color has-text-color has-background\">Teatercirkeln samlade 12 deltagare.<\/p>\n","protected":false},"excerpt":{"rendered":"<p>Skruv har f\u00e5tt ett erbjudande av ABF att ordna en studiecirkel om teater med tre tr\u00e4ffar under mars\u2013april 2011. Den v\u00e4nder sig s\u00e4rskilt till dem av Skruvs medlemmar som inte har m\u00f6jlighet att g\u00e5 p\u00e5 teater s\u00e5 ofta.<\/p>\n","protected":false},"author":1,"featured_media":861,"comment_status":"closed","ping_status":"open","sticky":false,"template":"","format":"standard","meta":{"_acf_changed":false,"_seopress_robots_primary_cat":"none","_seopress_titles_title":"","_seopress_titles_desc":"","_seopress_robots_index":"","_kad_post_transparent":"","_kad_post_title":"","_kad_post_layout":"","_kad_post_sidebar_id":"","_kad_post_content_style":"","_kad_post_vertical_padding":"","_kad_post_feature":"","_kad_post_feature_position":"","_kad_post_header":false,"_kad_post_footer":false,"_kad_post_classname":"","footnotes":""},"categories":[41,77,397],"tags":[222,177],"class_list":["post-367785","post","type-post","status-publish","format-standard","has-post-thumbnail","hentry","category-aktiviteter","category-ovrigt","category-teater","tag-malmo","tag-tidigare"],"acf":[],"_links":{"self":[{"href":"https:\/\/skruv.nu\/be\/wp-json\/wp\/v2\/posts\/367785","targetHints":{"allow":["GET"]}}],"collection":[{"href":"https:\/\/skruv.nu\/be\/wp-json\/wp\/v2\/posts"}],"about":[{"href":"https:\/\/skruv.nu\/be\/wp-json\/wp\/v2\/types\/post"}],"author":[{"embeddable":true,"href":"https:\/\/skruv.nu\/be\/wp-json\/wp\/v2\/users\/1"}],"replies":[{"embeddable":true,"href":"https:\/\/skruv.nu\/be\/wp-json\/wp\/v2\/comments?post=367785"}],"version-history":[{"count":1,"href":"https:\/\/skruv.nu\/be\/wp-json\/wp\/v2\/posts\/367785\/revisions"}],"predecessor-version":[{"id":446316,"href":"https:\/\/skruv.nu\/be\/wp-json\/wp\/v2\/posts\/367785\/revisions\/446316"}],"wp:featuredmedia":[{"embeddable":true,"href":"https:\/\/skruv.nu\/be\/wp-json\/wp\/v2\/media\/861"}],"wp:attachment":[{"href":"https:\/\/skruv.nu\/be\/wp-json\/wp\/v2\/media?parent=367785"}],"wp:term":[{"taxonomy":"category","embeddable":true,"href":"https:\/\/skruv.nu\/be\/wp-json\/wp\/v2\/categories?post=367785"},{"taxonomy":"post_tag","embeddable":true,"href":"https:\/\/skruv.nu\/be\/wp-json\/wp\/v2\/tags?post=367785"}],"curies":[{"name":"wp","href":"https:\/\/api.w.org\/{rel}","templated":true}]}}