{"id":368819,"date":"2011-04-10T00:00:37","date_gmt":"2011-04-09T22:00:37","guid":{"rendered":"https:\/\/skruv.nu\/?p=368819"},"modified":"2024-04-02T11:29:51","modified_gmt":"2024-04-02T09:29:51","slug":"skruvkafe-i-malmo-forsta-manniskan-i-rymden","status":"publish","type":"post","link":"https:\/\/skruv.nu\/be\/aktiviteter\/skruvkafe-i-malmo-forsta-manniskan-i-rymden\/","title":{"rendered":"Skruvkaf\u00e9 i Malm\u00f6: f\u00f6rsta m\u00e4nniskan i rymden"},"content":{"rendered":"\n<p class=\"has-background has-medium-font-size\" style=\"background-color:#f4f4f4\">Tea\/Barbro, Ungdomens hus, Norra Skolgatan 10 a, Malm\u00f6<br>S\u00f6ndag 10 april 2011 kl 14.30-ca 18.00<\/p>\n\n\n\n<p>Dessutom blir det diskussion, kaffe\/te och umg\u00e4nge.<\/p>\n\n\n\n<p>F\u00f6redragsspr\u00e5k: ryska. Svenska \u00f6vers\u00e4ttningar kommer att finnas tillg\u00e4ngliga.<\/p>\n\n\n\n<p>Entr\u00e9: 30 kr f\u00f6r medlemmar i Skruv, 60 kr f\u00f6r icke-medlemmar. I entr\u00e9avgiften ing\u00e5r kaffe, te och l\u00e4ttare f\u00f6rt\u00e4ring. Det g\u00e5r bra att l\u00f6sa medlemskap i samband med Skruvkaf\u00e9et.<\/p>\n\n\n\n<figure class=\"wp-block-image size-large\"><img fetchpriority=\"high\" decoding=\"async\" width=\"1024\" height=\"1024\" src=\"https:\/\/skruv.nu\/wp-content\/uploads\/2011\/04\/gagarinskruv2011-sv_1140x1140-1024x1024.jpg\" alt=\"collage med powerpointbilder\" class=\"wp-image-398008\" srcset=\"https:\/\/skruv.nu\/wp-content\/uploads\/2011\/04\/gagarinskruv2011-sv_1140x1140-1024x1024.jpg 1024w, https:\/\/skruv.nu\/wp-content\/uploads\/2011\/04\/gagarinskruv2011-sv_1140x1140-300x300.jpg 300w, https:\/\/skruv.nu\/wp-content\/uploads\/2011\/04\/gagarinskruv2011-sv_1140x1140-150x150.jpg 150w, https:\/\/skruv.nu\/wp-content\/uploads\/2011\/04\/gagarinskruv2011-sv_1140x1140-768x768.jpg 768w, https:\/\/skruv.nu\/wp-content\/uploads\/2011\/04\/gagarinskruv2011-sv_1140x1140.jpg 1140w\" sizes=\"(max-width: 1024px) 100vw, 1024px\" \/><figcaption>N\u00e5gra av Vitaly Kocherbitovs bilder till f\u00f6redraget p\u00e5 Skruvkaf\u00e9et 10 april 2011.<\/figcaption><\/figure>\n","protected":false},"excerpt":{"rendered":"<p>I \u00e5r \u00e4r det 50 \u00e5r sedan den f\u00f6rsta m\u00e4nniskan fl\u00f6g ut i rymden. S\u00f6ndagen den 10 april ber\u00e4ttar Vitaly Kocherbitov om Jurij Gagarins rymdf\u00e4rd och om rymdfartsutvecklingen som f\u00f6ljde d\u00e4refter.<\/p>\n","protected":false},"author":1,"featured_media":440516,"comment_status":"closed","ping_status":"open","sticky":false,"template":"","format":"standard","meta":{"_acf_changed":false,"_seopress_robots_primary_cat":"none","_seopress_titles_title":"","_seopress_titles_desc":"","_seopress_robots_index":"","_kad_post_transparent":"","_kad_post_title":"","_kad_post_layout":"","_kad_post_sidebar_id":"","_kad_post_content_style":"","_kad_post_vertical_padding":"","_kad_post_feature":"","_kad_post_feature_position":"","_kad_post_header":false,"_kad_post_footer":false,"_kad_post_classname":"","footnotes":""},"categories":[41,67],"tags":[222,177],"class_list":["post-368819","post","type-post","status-publish","format-standard","has-post-thumbnail","hentry","category-aktiviteter","category-kafe","tag-malmo","tag-tidigare"],"acf":[],"_links":{"self":[{"href":"https:\/\/skruv.nu\/be\/wp-json\/wp\/v2\/posts\/368819","targetHints":{"allow":["GET"]}}],"collection":[{"href":"https:\/\/skruv.nu\/be\/wp-json\/wp\/v2\/posts"}],"about":[{"href":"https:\/\/skruv.nu\/be\/wp-json\/wp\/v2\/types\/post"}],"author":[{"embeddable":true,"href":"https:\/\/skruv.nu\/be\/wp-json\/wp\/v2\/users\/1"}],"replies":[{"embeddable":true,"href":"https:\/\/skruv.nu\/be\/wp-json\/wp\/v2\/comments?post=368819"}],"version-history":[{"count":0,"href":"https:\/\/skruv.nu\/be\/wp-json\/wp\/v2\/posts\/368819\/revisions"}],"wp:featuredmedia":[{"embeddable":true,"href":"https:\/\/skruv.nu\/be\/wp-json\/wp\/v2\/media\/440516"}],"wp:attachment":[{"href":"https:\/\/skruv.nu\/be\/wp-json\/wp\/v2\/media?parent=368819"}],"wp:term":[{"taxonomy":"category","embeddable":true,"href":"https:\/\/skruv.nu\/be\/wp-json\/wp\/v2\/categories?post=368819"},{"taxonomy":"post_tag","embeddable":true,"href":"https:\/\/skruv.nu\/be\/wp-json\/wp\/v2\/tags?post=368819"}],"curies":[{"name":"wp","href":"https:\/\/api.w.org\/{rel}","templated":true}]}}