{"id":368857,"date":"2003-05-10T00:00:18","date_gmt":"2003-05-09T22:00:18","guid":{"rendered":"https:\/\/skruv.nu\/?p=368857"},"modified":"2021-03-23T17:11:32","modified_gmt":"2021-03-23T16:11:32","slug":"medlemstraff-med-josef-reich","status":"publish","type":"post","link":"https:\/\/skruv.nu\/be\/aktiviteter\/medlemstraff-med-josef-reich\/","title":{"rendered":"Medlemstr\u00e4ff i Lund med Josef Reich"},"content":{"rendered":"\n<p class=\"has-background has-medium-font-size\" style=\"background-color:#f4f4f4\">Etnologiska institutionen, Finngatan 10, Lund<br>L\u00f6rdag 10 maj 2003 kl 14.30\u201317.00<\/p>\n\n\n\n<p>Josef Reich, f. bibliotekarie vid f.d. Slaviska institutionen vid Lunds universitet, flydde undan Hitler till Sovjet, blev till slut starsjij lejtenant i R\u00f6da arm\u00e9n. Efter \u00e4nnu v\u00e4rre upplevelser, flydde han till Polen 1959 och blev utkastad d\u00e4rifr\u00e5n till Sverige 1969.<\/p>\n\n\n\n<p>Som vanligt blir det fika efter f\u00f6redraget.<\/p>\n\n\n\n<p>F\u00f6r medlemmar kostar det 10 kr, och icke-medlemmar som vill vara med betalar 30 kr. Tipsa g\u00e4rna bekanta som kan vara intresserade!<\/p>\n\n\n\n<p>Beskrivning av g\u00e5ngv\u00e4gen fr\u00e5n Lunds domkyrka till etnologiska institutionen: G\u00e5 fr\u00e5n domkyrkan norrut genom parken Lundag\u00e5rd, f\u00f6rbi huvuding\u00e5ngen till Akademiska F\u00f6reningen och forts\u00e4tt p\u00e5 Sandgatan tills den tar slut. G\u00e5 till h\u00f6ger p\u00e5 Biskopsgatan, ta f\u00f6rsta gatan till v\u00e4nster (S\u00f6lvegatan) och sedan f\u00f6rsta gatan till h\u00f6ger (Finngatan). Hus 10 ligger p\u00e5 h\u00f6ger sida, ca 100 meter in p\u00e5 Finngatan. Ing\u00e5ng fr\u00e5n sidan.<\/p>\n\n\n\n<p>Alla \u00e4r v\u00e4lkomna, men f\u00f6r att vi l\u00e4ttare ska kunna planera m\u00f6blering och fika, \u00e4r det bra om man anm\u00e4ler sig i f\u00f6rv\u00e4g. Vi tar g\u00e4rna emot hj\u00e4lp med att ordna fika.<\/p>\n","protected":false},"excerpt":{"rendered":"<p>L\u00f6rdagen den 10 maj tr\u00e4ffas Skruv i Lund f\u00f6r att ta del av Josef Reichs ber\u00e4ttelse om sitt h\u00e4ndelserika liv i Ryssland och Ukraina och hur han hamnade i Sverige. Josef Reich \u00e4r van att h\u00e5lla f\u00f6redrag om hur en vanlig m\u00e4nniska hade det under Stalins och Hitlers styre.<\/p>\n","protected":false},"author":1,"featured_media":368859,"comment_status":"closed","ping_status":"open","sticky":false,"template":"","format":"standard","meta":{"_acf_changed":false,"_seopress_robots_primary_cat":"none","_seopress_titles_title":"","_seopress_titles_desc":"","_seopress_robots_index":"","_kad_post_transparent":"","_kad_post_title":"","_kad_post_layout":"","_kad_post_sidebar_id":"","_kad_post_content_style":"","_kad_post_vertical_padding":"","_kad_post_feature":"","_kad_post_feature_position":"","_kad_post_header":false,"_kad_post_footer":false,"_kad_post_classname":"","footnotes":""},"categories":[41,67],"tags":[207,177],"class_list":["post-368857","post","type-post","status-publish","format-standard","has-post-thumbnail","hentry","category-aktiviteter","category-kafe","tag-lund","tag-tidigare"],"acf":[],"_links":{"self":[{"href":"https:\/\/skruv.nu\/be\/wp-json\/wp\/v2\/posts\/368857","targetHints":{"allow":["GET"]}}],"collection":[{"href":"https:\/\/skruv.nu\/be\/wp-json\/wp\/v2\/posts"}],"about":[{"href":"https:\/\/skruv.nu\/be\/wp-json\/wp\/v2\/types\/post"}],"author":[{"embeddable":true,"href":"https:\/\/skruv.nu\/be\/wp-json\/wp\/v2\/users\/1"}],"replies":[{"embeddable":true,"href":"https:\/\/skruv.nu\/be\/wp-json\/wp\/v2\/comments?post=368857"}],"version-history":[{"count":0,"href":"https:\/\/skruv.nu\/be\/wp-json\/wp\/v2\/posts\/368857\/revisions"}],"wp:featuredmedia":[{"embeddable":true,"href":"https:\/\/skruv.nu\/be\/wp-json\/wp\/v2\/media\/368859"}],"wp:attachment":[{"href":"https:\/\/skruv.nu\/be\/wp-json\/wp\/v2\/media?parent=368857"}],"wp:term":[{"taxonomy":"category","embeddable":true,"href":"https:\/\/skruv.nu\/be\/wp-json\/wp\/v2\/categories?post=368857"},{"taxonomy":"post_tag","embeddable":true,"href":"https:\/\/skruv.nu\/be\/wp-json\/wp\/v2\/tags?post=368857"}],"curies":[{"name":"wp","href":"https:\/\/api.w.org\/{rel}","templated":true}]}}