{"id":370576,"date":"2011-08-21T00:00:11","date_gmt":"2011-08-20T22:00:11","guid":{"rendered":"https:\/\/skruv.nu\/?p=370576"},"modified":"2021-04-02T13:37:00","modified_gmt":"2021-04-02T11:37:00","slug":"skruv-deltar-i-foreningarnas-dag-i-malmo","status":"publish","type":"post","link":"https:\/\/skruv.nu\/be\/aktiviteter\/skruv-deltar-i-foreningarnas-dag-i-malmo\/","title":{"rendered":"Skruv deltar i F\u00f6reningarnas dag i Malm\u00f6"},"content":{"rendered":"\n<p class=\"has-bakgrundsplatta-background-color has-background has-medium-font-size\">Gustav Adolfs torg, Malm\u00f6<br>S\u00f6ndag 21 augusti 2011 kl 11.00\u201317.00<\/p>\n\n\n\n<p>Skruv deltar i F\u00f6reningarnas dag med ett bemannat informationsbord (i n\u00e4rheten av H&amp;M), d\u00e4r du kan tr\u00e4ffa styrelsen och f\u00e5 information om f\u00f6reningen, b\u00e5de allm\u00e4n och specifik ang\u00e5ende h\u00f6stens aktiviteter. Syftet med Skruvs deltagande \u00e4r att informera om att vi finns, att locka fler bes\u00f6kare till v\u00e5ra aktiviteter och att s\u00e5 sm\u00e5ningom f\u00e5 nya medlemmar.<\/p>\n\n\n\n<p>P\u00e5 F\u00f6reningarnas dag g\u00e5r det ocks\u00e5 att k\u00f6pa biljetter kontant till Skruvs tio\u00e5rsjubileum, som \u00e4ger rum i Malm\u00f6 17 september. N\u00e4sta och sista m\u00f6jligheten att k\u00f6pa biljetter kontant blir i samband med starten f\u00f6r Skruvs barnverksamhet p\u00e5 ABF i Malm\u00f6 4 september.<\/p>\n\n\n\n<p>Alla som bes\u00f6ker Skruvs bord kan vinna fina priser i v\u00e5r prist\u00e4vling.<\/p>\n\n\n\n<p><em>Detta \u00e4r ett Skruvarrangemang.<br>Id\u00e9, planering och genomf\u00f6rande: Skruvs styrelse.<br>Svensk text i inbjudan: Niklas B\u00f6nnemark.<br>\u00d6vers\u00e4ttning av inbjudan till ryska: Irina Makridova.<br>Layout och marknadsf\u00f6ring: Niklas B\u00f6nnemark.<br>Utskick p\u00e5 papper till e-postl\u00f6sa medlemmar: Ulf Pauli.<\/em><\/p>\n","protected":false},"excerpt":{"rendered":"<p>Mitt under Malm\u00f6festivalen intar Malm\u00f6s f\u00f6reningsliv Gustav Adolfs torg. Ett \u00e5ttiotal olika f\u00f6reningar st\u00e5r redo att informera om och visa upp sina verksamheter. F\u00f6r allm\u00e4n information om F\u00f6reningarnas dag se Malm\u00f6 stads webbplats.<\/p>\n","protected":false},"author":1,"featured_media":370578,"comment_status":"closed","ping_status":"open","sticky":false,"template":"","format":"standard","meta":{"_acf_changed":false,"_seopress_robots_primary_cat":"none","_seopress_titles_title":"","_seopress_titles_desc":"","_seopress_robots_index":"","_kad_post_transparent":"","_kad_post_title":"","_kad_post_layout":"","_kad_post_sidebar_id":"","_kad_post_content_style":"","_kad_post_vertical_padding":"","_kad_post_feature":"","_kad_post_feature_position":"","_kad_post_header":false,"_kad_post_footer":false,"_kad_post_classname":"","footnotes":""},"categories":[41,166],"tags":[222,177],"class_list":["post-370576","post","type-post","status-publish","format-standard","has-post-thumbnail","hentry","category-aktiviteter","category-foreningsdemokrati","tag-malmo","tag-tidigare"],"acf":[],"_links":{"self":[{"href":"https:\/\/skruv.nu\/be\/wp-json\/wp\/v2\/posts\/370576","targetHints":{"allow":["GET"]}}],"collection":[{"href":"https:\/\/skruv.nu\/be\/wp-json\/wp\/v2\/posts"}],"about":[{"href":"https:\/\/skruv.nu\/be\/wp-json\/wp\/v2\/types\/post"}],"author":[{"embeddable":true,"href":"https:\/\/skruv.nu\/be\/wp-json\/wp\/v2\/users\/1"}],"replies":[{"embeddable":true,"href":"https:\/\/skruv.nu\/be\/wp-json\/wp\/v2\/comments?post=370576"}],"version-history":[{"count":0,"href":"https:\/\/skruv.nu\/be\/wp-json\/wp\/v2\/posts\/370576\/revisions"}],"wp:featuredmedia":[{"embeddable":true,"href":"https:\/\/skruv.nu\/be\/wp-json\/wp\/v2\/media\/370578"}],"wp:attachment":[{"href":"https:\/\/skruv.nu\/be\/wp-json\/wp\/v2\/media?parent=370576"}],"wp:term":[{"taxonomy":"category","embeddable":true,"href":"https:\/\/skruv.nu\/be\/wp-json\/wp\/v2\/categories?post=370576"},{"taxonomy":"post_tag","embeddable":true,"href":"https:\/\/skruv.nu\/be\/wp-json\/wp\/v2\/tags?post=370576"}],"curies":[{"name":"wp","href":"https:\/\/api.w.org\/{rel}","templated":true}]}}