{"id":370591,"date":"2011-11-12T00:00:03","date_gmt":"2011-11-11T23:00:03","guid":{"rendered":"https:\/\/skruv.nu\/?p=370591"},"modified":"2021-01-20T08:32:50","modified_gmt":"2021-01-20T07:32:50","slug":"skruvkafe-om-kaliningrad-historia-och-nutid-i-malmo","status":"publish","type":"post","link":"https:\/\/skruv.nu\/be\/aktiviteter\/skruvkafe-om-kaliningrad-historia-och-nutid-i-malmo\/","title":{"rendered":"Skruvkaf\u00e9 om &#8220;Kaliningrad &#8211; historia och nutid&#8221; i Malm\u00f6"},"content":{"rendered":"\n<p class=\"has-bakgrundsplatta-background-color has-background has-medium-font-size\">Sal 11, Ungdomens hus, Torpgatan 21, Malm\u00f6<br>L\u00f6rdag 12 november 2011 kl 16.30-ca 20.00<\/p>\n\n\n\n<p>Det blir f\u00f6redrag p\u00e5 f\u00f6ljande teman:<\/p>\n\n\n\n<ol class=\"wp-block-list\"><li>Kaliningrad &#8211; historia och nutid. F\u00f6redrag av Natalja Moroz, rektor f\u00f6r en frist\u00e5ende grundskola.<\/li><li>Information om ett samarbetsprojekt mellan Ryssland och Norden inom ett internationellt \u00f6vningsparlament.<\/li><\/ol>\n\n\n\n<p>F\u00f6redragsspr\u00e5k: ryska med tolkning till svenska.<\/p>\n\n\n\n<p>Efter f\u00f6redraget blir det diskussion, kaffe\/te, hembakt och umg\u00e4nge.<\/p>\n\n\n\n<p>Entr\u00e9: 30 kr f\u00f6r medlemmar i Skruv, 60 kr f\u00f6r icke-medlemmar. I entr\u00e9avgiften ing\u00e5r kaffe, te och l\u00e4ttare f\u00f6rt\u00e4ring. Det g\u00e5r bra att l\u00f6sa medlemskap i samband med Skruvkaf\u00e9et.<\/p>\n\n\n\n<p><em>Detta \u00e4r ett arrangemang av Skruv i samarbete med ABF Malm\u00f6.<br>Id\u00e9, planering och genomf\u00f6rande: Lidia Elfstrand, Liliya Nicolaidis.<br>F\u00f6redrag: Ulf Pauli<br>Tolkning: Maria Edstr\u00f6m.<br>Lokal tillhandah\u00e5lls av: ABF Malm\u00f6.<br>Iordningsst\u00e4llande\/\u00e5terst\u00e4llande av lokal: deltagarna.<br>Rysk text i inbjudan: Lidia Elfstrand, Liliya Nicolaidis, Natalja Moroz.<br>\u00d6vers\u00e4ttning av inbjudan till svenska: Niklas B\u00f6nnemark.<br>Layout och marknadsf\u00f6ring: Niklas B\u00f6nnemark.<br>Utskick p\u00e5 papper till e-postl\u00f6sa medlemmar: Ulf Pauli.<\/em><\/p>\n","protected":false},"excerpt":{"rendered":"<p>P\u00e5 november m\u00e5nads Skruvkaf\u00e9 i Malm\u00f6 g\u00e4stas vi av en grupp l\u00e4rare fr\u00e5n Kaliningrad.<\/p>\n","protected":false},"author":1,"featured_media":373824,"comment_status":"closed","ping_status":"open","sticky":false,"template":"","format":"standard","meta":{"_acf_changed":false,"_seopress_robots_primary_cat":"none","_seopress_titles_title":"","_seopress_titles_desc":"","_seopress_robots_index":"","_kad_post_transparent":"","_kad_post_title":"","_kad_post_layout":"","_kad_post_sidebar_id":"","_kad_post_content_style":"","_kad_post_vertical_padding":"","_kad_post_feature":"","_kad_post_feature_position":"","_kad_post_header":false,"_kad_post_footer":false,"_kad_post_classname":"","footnotes":""},"categories":[41,67],"tags":[222,177],"class_list":["post-370591","post","type-post","status-publish","format-standard","has-post-thumbnail","hentry","category-aktiviteter","category-kafe","tag-malmo","tag-tidigare"],"acf":[],"_links":{"self":[{"href":"https:\/\/skruv.nu\/be\/wp-json\/wp\/v2\/posts\/370591","targetHints":{"allow":["GET"]}}],"collection":[{"href":"https:\/\/skruv.nu\/be\/wp-json\/wp\/v2\/posts"}],"about":[{"href":"https:\/\/skruv.nu\/be\/wp-json\/wp\/v2\/types\/post"}],"author":[{"embeddable":true,"href":"https:\/\/skruv.nu\/be\/wp-json\/wp\/v2\/users\/1"}],"replies":[{"embeddable":true,"href":"https:\/\/skruv.nu\/be\/wp-json\/wp\/v2\/comments?post=370591"}],"version-history":[{"count":0,"href":"https:\/\/skruv.nu\/be\/wp-json\/wp\/v2\/posts\/370591\/revisions"}],"wp:featuredmedia":[{"embeddable":true,"href":"https:\/\/skruv.nu\/be\/wp-json\/wp\/v2\/media\/373824"}],"wp:attachment":[{"href":"https:\/\/skruv.nu\/be\/wp-json\/wp\/v2\/media?parent=370591"}],"wp:term":[{"taxonomy":"category","embeddable":true,"href":"https:\/\/skruv.nu\/be\/wp-json\/wp\/v2\/categories?post=370591"},{"taxonomy":"post_tag","embeddable":true,"href":"https:\/\/skruv.nu\/be\/wp-json\/wp\/v2\/tags?post=370591"}],"curies":[{"name":"wp","href":"https:\/\/api.w.org\/{rel}","templated":true}]}}