{"id":370972,"date":"2009-03-08T14:30:00","date_gmt":"2009-03-08T13:30:00","guid":{"rendered":"https:\/\/skruv.nu\/?p=370972"},"modified":"2025-01-13T12:51:55","modified_gmt":"2025-01-13T11:51:55","slug":"skruvkafe-i-malmo-internationella-kvinnodagen-2","status":"publish","type":"post","link":"https:\/\/skruv.nu\/be\/aktiviteter\/skruvkafe-i-malmo-internationella-kvinnodagen-2\/","title":{"rendered":"Skruvkaf\u00e9 i Malm\u00f6: internationella kvinnodagen"},"content":{"rendered":"\n<p class=\"has-theme-palette-7-background-color has-background has-medium-font-size\">ABF, Sp\u00e5nehusv\u00e4gen 47, Malm\u00f6<br>S\u00f6ndag 8 mars 2009 kl 14.30<\/p>\n\n\n\n<p>Skruv bjuder p\u00e5 sm\u00f6rg\u00e5st\u00e5rta med te, kaffe och vatten.<\/p>\n\n\n\n<p>Stadsbussar: nr 5 och 32 (h\u00e5llplats Folkets park), nr 34 och 35 (h\u00e5llplats Barkgatan), nr 3 (h\u00e5llplats Sp\u00e5nehusv\u00e4gen). Regionbussar: h\u00e5llplats Sp\u00e5ngatan.<\/p>\n\n\n\n<p>Entr\u00e9: 40 kr f\u00f6r medlemmar, 70 kr f\u00f6r icke-medlemmar, 10 kr f\u00f6r barn 3-11 \u00e5r. F\u00f6rt\u00e4ring ing\u00e5r. Medlemskap kan l\u00f6sas i samband med Skruvkaf\u00e9et.<\/p>\n\n\n\n<p>Samma dag kl 13.30 h\u00e5ller Skruv sin \u00e5rliga f\u00f6reningsst\u00e4mma p\u00e5 samma st\u00e4lle. F\u00f6reningsst\u00e4mman \u00e4r \u00f6ppen f\u00f6r alla medlemmar, och de medlemmar som \u00e4r med p\u00e5 f\u00f6reningsst\u00e4mman har sedan fri entr\u00e9 till Skruvkaf\u00e9et.<\/p>\n\n\n\n<p><em>Detta \u00e4r ett Skruvarrangemang.<br>Id\u00e9: Skruvs styrelse.<br>Planering: Skruvs styrelse.<br>Lokal tillhandah\u00e5lls av: ABF Malm\u00f6.<br>Iordningsst\u00e4llande\/\u00e5terst\u00e4llande av lokal: Skruvs styrelse + eventuella medhj\u00e4lpare.<br>Layout och marknadsf\u00f6ring: Niklas B\u00f6nnemark.<br>Svensk text i inbjudan: Niklas B\u00f6nnemark med hj\u00e4lp av Skruvs styrelse.<br>\u00d6vers\u00e4ttning av inbjudan fr\u00e5n svenska till ryska: Irina Makridova.<\/em><\/p>\n\n\n\n<figure class=\"wp-block-embed is-type-video is-provider-youtube wp-block-embed-youtube wp-embed-aspect-16-9 wp-has-aspect-ratio\"><div class=\"wp-block-embed__wrapper\">\n<iframe title=\"Internationella kvinnodagen 2009\" width=\"720\" height=\"405\" src=\"https:\/\/www.youtube.com\/embed\/fha8lo2HecY?feature=oembed\" frameborder=\"0\" allow=\"accelerometer; autoplay; clipboard-write; encrypted-media; gyroscope; picture-in-picture; web-share\" allowfullscreen><\/iframe>\n<\/div><figcaption class=\"wp-element-caption\">Lidia Elfstrand ber\u00e4ttar om internationella kvinnodagen p\u00e5 Skruvkaf\u00e9et i Malm\u00f6 8 mars 2009. Foto: Elmira Teichert.<\/figcaption><\/figure>\n","protected":false},"excerpt":{"rendered":"<p>Skruv firar Internationella kvinnodagen s\u00f6ndagen den 8 mars med n\u00e5gra sm\u00e5 presentationer av framst\u00e5ende kvinnor i historien. Vi f\u00e5r \u00e4ven h\u00f6ra hur man firar 8 mars i Ryssland.<\/p>\n","protected":false},"author":1,"featured_media":371340,"comment_status":"closed","ping_status":"open","sticky":false,"template":"","format":"standard","meta":{"_acf_changed":false,"_seopress_robots_primary_cat":"none","_seopress_titles_title":"","_seopress_titles_desc":"","_seopress_robots_index":"","_kad_post_transparent":"","_kad_post_title":"","_kad_post_layout":"","_kad_post_sidebar_id":"","_kad_post_content_style":"","_kad_post_vertical_padding":"","_kad_post_feature":"","_kad_post_feature_position":"","_kad_post_header":false,"_kad_post_footer":false,"_kad_post_classname":"","footnotes":""},"categories":[41,67],"tags":[177],"class_list":["post-370972","post","type-post","status-publish","format-standard","has-post-thumbnail","hentry","category-aktiviteter","category-kafe","tag-tidigare"],"acf":[],"_links":{"self":[{"href":"https:\/\/skruv.nu\/be\/wp-json\/wp\/v2\/posts\/370972","targetHints":{"allow":["GET"]}}],"collection":[{"href":"https:\/\/skruv.nu\/be\/wp-json\/wp\/v2\/posts"}],"about":[{"href":"https:\/\/skruv.nu\/be\/wp-json\/wp\/v2\/types\/post"}],"author":[{"embeddable":true,"href":"https:\/\/skruv.nu\/be\/wp-json\/wp\/v2\/users\/1"}],"replies":[{"embeddable":true,"href":"https:\/\/skruv.nu\/be\/wp-json\/wp\/v2\/comments?post=370972"}],"version-history":[{"count":1,"href":"https:\/\/skruv.nu\/be\/wp-json\/wp\/v2\/posts\/370972\/revisions"}],"predecessor-version":[{"id":446175,"href":"https:\/\/skruv.nu\/be\/wp-json\/wp\/v2\/posts\/370972\/revisions\/446175"}],"wp:featuredmedia":[{"embeddable":true,"href":"https:\/\/skruv.nu\/be\/wp-json\/wp\/v2\/media\/371340"}],"wp:attachment":[{"href":"https:\/\/skruv.nu\/be\/wp-json\/wp\/v2\/media?parent=370972"}],"wp:term":[{"taxonomy":"category","embeddable":true,"href":"https:\/\/skruv.nu\/be\/wp-json\/wp\/v2\/categories?post=370972"},{"taxonomy":"post_tag","embeddable":true,"href":"https:\/\/skruv.nu\/be\/wp-json\/wp\/v2\/tags?post=370972"}],"curies":[{"name":"wp","href":"https:\/\/api.w.org\/{rel}","templated":true}]}}