{"id":371071,"date":"2012-12-08T00:00:26","date_gmt":"2012-12-07T23:00:26","guid":{"rendered":"https:\/\/skruv.nu\/?p=371071"},"modified":"2021-02-05T21:37:40","modified_gmt":"2021-02-05T20:37:40","slug":"skruvkafe-i-malmo-vitryssland-och-dess-grannlander","status":"publish","type":"post","link":"https:\/\/skruv.nu\/be\/aktiviteter\/skruvkafe-i-malmo-vitryssland-och-dess-grannlander\/","title":{"rendered":"Skruvkaf\u00e9 i Malm\u00f6: Vitryssland och dess grannl\u00e4nder"},"content":{"rendered":"\n<p class=\"has-bakgrundsplatta-background-color has-background has-medium-font-size\">Sal 11, Ungdomens hus, Torpgatan 21, Malm\u00f6<br>L\u00f6rdag 8 december 2012 kl 14.30-18.00<\/p>\n\n\n\n<p>F\u00f6redragsspr\u00e5k: svenska.<\/p>\n\n\n\n<p>Efter f\u00f6redraget blir det diskussion, kaffe\/te, kakor och tid att umg\u00e5s med gamla och nya bekanta.<\/p>\n\n\n\n<p>Entr\u00e9: 30 kr f\u00f6r medlemmar i Skruv, 60 kr f\u00f6r icke-medlemmar. I entr\u00e9avgiften ing\u00e5r kaffe, te och l\u00e4ttare f\u00f6rt\u00e4ring. Det g\u00e5r bra att l\u00f6sa medlemskap i samband med Skruvkaf\u00e9et.<\/p>\n\n\n\n<p><em>Detta \u00e4r ett arrangemang av Skruv i samarbete med ABF Malm\u00f6.<br>Id\u00e9, planering och genomf\u00f6rande: Tania Bauder, Skruvs styrelse.<br>F\u00f6redrag: Tania Bauder.<br>Lokal tillhandah\u00e5lls av: ABF Malm\u00f6.<br>Iordningsst\u00e4llande\/\u00e5terst\u00e4llande av lokal: deltagarna.<br>Svensk text i inbjudan: Tania Bauder, Niklas B\u00f6nnemark.<br>Rysk text i inbjudan: Irina Makridova, Niklas B\u00f6nnemark, Vitaly Kocherbitov.<br>Layout och marknadsf\u00f6ring: Niklas B\u00f6nnemark.<br>Utskick p\u00e5 papper till e-postl\u00f6sa medlemmar: Ulf Pauli.<br>Fotodokumentation: best\u00e4ms senare.<\/em><\/p>\n","protected":false},"excerpt":{"rendered":"<p>P\u00e5 Skruvkaf\u00e9et i Malm\u00f6 l\u00f6rdagen den 8 december ber\u00e4ttar Tania Bauder om de tre grannl\u00e4nderna Vitryssland, Ukraina och Ryssland och drar paralleller till Danmark, Norge och Sverige. Det utlovas ett l\u00e4ttsamt f\u00f6redrag, och under eftermiddagen fokuserar vi fr\u00e4mst p\u00e5 Vitryssland.<\/p>\n","protected":false},"author":1,"featured_media":375108,"comment_status":"closed","ping_status":"open","sticky":false,"template":"","format":"standard","meta":{"_acf_changed":false,"_seopress_robots_primary_cat":"none","_seopress_titles_title":"","_seopress_titles_desc":"","_seopress_robots_index":"","_kad_post_transparent":"","_kad_post_title":"","_kad_post_layout":"","_kad_post_sidebar_id":"","_kad_post_content_style":"","_kad_post_vertical_padding":"","_kad_post_feature":"","_kad_post_feature_position":"","_kad_post_header":false,"_kad_post_footer":false,"_kad_post_classname":"","footnotes":""},"categories":[41,67],"tags":[184,222,177],"class_list":["post-371071","post","type-post","status-publish","format-standard","has-post-thumbnail","hentry","category-aktiviteter","category-kafe","tag-belarus","tag-malmo","tag-tidigare"],"acf":[],"_links":{"self":[{"href":"https:\/\/skruv.nu\/be\/wp-json\/wp\/v2\/posts\/371071","targetHints":{"allow":["GET"]}}],"collection":[{"href":"https:\/\/skruv.nu\/be\/wp-json\/wp\/v2\/posts"}],"about":[{"href":"https:\/\/skruv.nu\/be\/wp-json\/wp\/v2\/types\/post"}],"author":[{"embeddable":true,"href":"https:\/\/skruv.nu\/be\/wp-json\/wp\/v2\/users\/1"}],"replies":[{"embeddable":true,"href":"https:\/\/skruv.nu\/be\/wp-json\/wp\/v2\/comments?post=371071"}],"version-history":[{"count":0,"href":"https:\/\/skruv.nu\/be\/wp-json\/wp\/v2\/posts\/371071\/revisions"}],"wp:featuredmedia":[{"embeddable":true,"href":"https:\/\/skruv.nu\/be\/wp-json\/wp\/v2\/media\/375108"}],"wp:attachment":[{"href":"https:\/\/skruv.nu\/be\/wp-json\/wp\/v2\/media?parent=371071"}],"wp:term":[{"taxonomy":"category","embeddable":true,"href":"https:\/\/skruv.nu\/be\/wp-json\/wp\/v2\/categories?post=371071"},{"taxonomy":"post_tag","embeddable":true,"href":"https:\/\/skruv.nu\/be\/wp-json\/wp\/v2\/tags?post=371071"}],"curies":[{"name":"wp","href":"https:\/\/api.w.org\/{rel}","templated":true}]}}