{"id":371083,"date":"2012-05-23T00:00:38","date_gmt":"2012-05-22T22:00:38","guid":{"rendered":"https:\/\/skruv.nu\/okategoriserad\/seminarium-for-pedagoger-och-vardnadshavare-till-tvasprakiga-barn\/"},"modified":"2021-04-02T13:40:26","modified_gmt":"2021-04-02T11:40:26","slug":"seminarium-for-pedagoger-och-vardnadshavare-till-tvasprakiga-barn","status":"publish","type":"post","link":"https:\/\/skruv.nu\/be\/aktiviteter\/barn\/barn-malmo\/seminarium-for-pedagoger-och-vardnadshavare-till-tvasprakiga-barn\/","title":{"rendered":"Seminarium i Malm\u00f6 f\u00f6r pedagoger och v\u00e5rdnadshavare till tv\u00e5spr\u00e5kiga barn"},"content":{"rendered":"\n<p class=\"has-bakgrundsplatta-background-color has-background has-medium-font-size\">Sal 4, Ungdomens hus, Norra Skolgatan 10 a, Malm\u00f6<br\/>Onsdag 23 maj 2012 kl 16.00-20.00<\/p>\n\n<p>Man kan s\u00e4ga att detta har varit min dr\u00f6m, att kunna erbjuda v\u00e5rdnadshavarna till v\u00e5ra barn ett seminarium p\u00e5 h\u00f6g professionell niv\u00e5. Alla ledarna p\u00e5 barnverksamheten har hela tiden st\u00f6tt min id\u00e9 och jag har letat l\u00e4nge efter en m\u00f6jlighet\u2026<\/p>\n\n<p>Nyligen fick jag veta att ett s\u00e5dant seminarium skulle h\u00e5llas i K\u00f6penhamn, och att det i princip skulle kunna g\u00e5 att bjuda in f\u00f6rel\u00e4sarna \u00e4ven till oss. Tro mig, jag har verkligen anstr\u00e4ngt mig f\u00f6r att f\u00f6rverkliga denna m\u00f6jlighet och finna sponsorer s\u00e5 att seminariet skulle bli kostnadsfritt f\u00f6r er och inte dra pengar fr\u00e5n barnverksamheten!<\/p>\n\n<p>Det har varit ett stort arbete, och jag hoppas verkligen att ni uppskattar det! Tro mig, det h\u00e4r \u00e4r verkligen ett seminarium ni m\u00e5ste vara med p\u00e5!<br\/>Om ni kan, kom och var med p\u00e5 hela seminariet! Om ni inte kan delta i hela seminariet, rekommenderar jag er starkt att komma till den andra delen &#8211; master class f\u00f6r kandidaten i psykologi N.M. Rodina och kandidaten i filosofi D.V. Kolesova.  <\/p>\n\n<p>Ni kommer att f\u00e5 veta mycket, l\u00e4ra er mycket och f\u00f6rst\u00e5 mycket om era tv\u00e5spr\u00e5kiga barn p\u00e5 den h\u00e4r korta tiden. Sj\u00e4lv har jag redan deltagit i dessa f\u00f6rel\u00e4sares f\u00f6rel\u00e4sningar, och varje g\u00e5ng har jag uppt\u00e4ckt m\u00e5nga nya och intressanta saker.<\/p>\n\n<p>Seminariet \u00e4r gratis, h\u00e5lls p\u00e5 ryska och \u00e4r \u00f6ppet f\u00f6r alla. Ber\u00e4tta om det f\u00f6r alla era rysktalande v\u00e4nner och bekanta som har barn i f\u00f6reskole- eller skol\u00e5ldern!<\/p>\n\n<p>Onsdag 23 maj &#8211; del 1 kl 16.00, del 2 kl 17.40, slut kl 20.00.<\/p>\n\n<p>I samma byggnad som v\u00e5ra ny\u00e5rsf\u00f6rest\u00e4llningar. Detaljerat program finns nedan. I pausen v\u00e4ntar gratis te, kaffe och kakor.<\/p>\n\n<p>Vi ses p\u00e5 seminariet!<br\/><em>Med v\u00e4nlig h\u00e4lsning, Liliya Nicolaidis,<br\/>verksamhetsledare f\u00f6r Skruvs ryska barnverksamhet<\/em><\/p>\n\n<h2 class=\"wp-block-heading\">\u041f\u0440\u043e\u0433\u0440\u0430\u043c\u043c\u0430 \u00ab\u0420\u0443\u0441\u0441\u043a\u0438\u0439 \u044f\u0437\u044b\u043a \u0432\u043d\u0435 \u0420\u043e\u0441\u0441\u0438\u0438\u00bb: \u043c\u0435\u0442\u043e\u0434\u0438\u0447\u0435\u0441\u043a\u0438\u0439 \u0441\u0435\u043c\u0438\u043d\u0430\u0440 \u0434\u043b\u044f \u043f\u0435\u0434\u0430\u0433\u043e\u0433\u043e\u0432 \u0438 \u0440\u043e\u0434\u0438\u0442\u0435\u043b\u0435\u0439 \u0434\u0432\u0443\u044f\u0437\u044b\u0447\u043d\u044b\u0445 \u0434\u0435\u0442\u0435\u0439<\/h2>\n\n<p>16.00 &#8211; 16.15<br\/>\u0420\u0435\u0433\u0438\u0441\u0442\u0440\u0430\u0446\u0438\u044f \u0443\u0447\u0430\u0441\u0442\u043d\u0438\u043a\u043e\u0432<br\/>\u041c\u0438\u043d\u0438-\u0432\u044b\u0441\u0442\u0430\u0432\u043a\u0430 \u0438\u0437\u0434\u0430\u0442\u0435\u043b\u044c\u0441\u0442\u0432\u0430 \u00ab\u0417\u043b\u0430\u0442\u043e\u0443\u0441\u0442\u00bb<\/p>\n\n<p>16.15 \u2013 16.30<br\/>\u0422\u043e\u0440\u0436\u0435\u0441\u0442\u0432\u0435\u043d\u043d\u043e\u0435 \u043e\u0442\u043a\u0440\u044b\u0442\u0438\u0435 \u0441\u0435\u043c\u0438\u043d\u0430\u0440\u0430<br\/>Liliya Nicolaidis, verksamhetsledare p\u00e5 Skruvs ryska barnverksamhet, Malm\u00f6 <br\/>\u0414.\u0412. \u041a\u043e\u043b\u0435\u0441\u043e\u0432\u0430, \u043a.\u0444.\u043d., \u0434\u043e\u0446\u0435\u043d\u0442, \u043d\u0430\u0447\u0430\u043b\u044c\u043d\u0438\u043a \u043e\u0442\u0434\u0435\u043b\u0430 \u043e\u0431\u0440\u0430\u0437\u043e\u0432\u0430\u0442\u0435\u043b\u044c\u043d\u044b\u0445 \u043f\u0440\u043e\u0433\u0440\u0430\u043c\u043c \u0426\u0435\u043d\u0442\u0440\u0430 \u0417\u043b\u0430\u0442\u043e\u0443\u0441\u0442<\/p>\n\n<p>16.30-17.20<br\/>\u041e\u0431\u0437\u043e\u0440\u043d\u0430\u044f \u043b\u0435\u043a\u0446\u0438\u044f: \u201c\u0421\u043e\u0432\u0440\u0435\u043c\u0435\u043d\u043d\u0430\u044f \u0434\u0435\u0442\u0441\u043a\u0430\u044f \u043b\u0438\u0442\u0435\u0440\u0430\u0442\u0443\u0440\u0430\u201d<br\/>\u0410.\u0410. \u0425\u0430\u0440\u0438\u0442\u043e\u043d\u043e\u0432, \u043a.\u0444.\u043d., \u041f\u0440\u0435\u0437\u0438\u0434\u0435\u043d\u0442 \u0438\u0437\u0434\u0430\u0442\u0435\u043b\u044c\u0441\u043a\u043e\u0433\u043e \u0446\u0435\u043d\u0442\u0440\u0430 \u0434\u0435\u0442\u0441\u043a\u043e\u0439 \u0438 \u044e\u043d\u043e\u0448\u0435\u0441\u043a\u043e\u0439<br\/>\u043b\u0438\u0442\u0435\u0440\u0430\u0442\u0443\u0440\u044b \u00ab\u041d\u0430\u0440\u043d\u0438\u044f\u00bb<\/p>\n\n<p>17.20 \u2013 17.40<br\/>\u041f\u0440\u0435\u0437\u0435\u043d\u0442\u0430\u0446\u0438\u044f \u0443\u0447\u0435\u0431\u043d\u043e\u0433\u043e \u043f\u043e\u0441\u043e\u0431\u0438\u044f: \u043e\u0442\u043a\u0440\u044b\u0442\u0430\u044f \u0434\u0438\u0441\u043a\u0443\u0441\u0441\u0438\u044f \u00ab\u0420\u0443\u0441\u0441\u043a\u0438\u0439 \u0431\u0435\u0437 \u0433\u0440\u0430\u043d\u0438\u0446\u00bb<br\/>\u0414.\u0412. \u041a\u043e\u043b\u0435\u0441\u043e\u0432\u0430, \u043a.\u0444.\u043d., \u0434\u043e\u0446\u0435\u043d\u0442, \u043d\u0430\u0447\u0430\u043b\u044c\u043d\u0438\u043a \u043e\u0442\u0434\u0435\u043b\u0430 \u043e\u0431\u0440\u0430\u0437\u043e\u0432\u0430\u0442\u0435\u043b\u044c\u043d\u044b\u0445 \u043f\u0440\u043e\u0433\u0440\u0430\u043c\u043c \u0426\u0435\u043d\u0442\u0440\u0430 \u0417\u043b\u0430\u0442\u043e\u0443\u0441\u0442<\/p>\n\n<p>17.40-17.50<br\/>\u041a\u043e\u0444\u0435 \u043f\u0430\u0443\u0437\u0430<\/p>\n\n<p>17.50 -18.50<br\/>\u041c\u0430\u0441\u0442\u0435\u0440-\u043a\u043b\u0430\u0441\u0441 \u0434\u043b\u044f \u0440\u043e\u0434\u0438\u0442\u0435\u043b\u0435\u0439 \u00ab\u0420\u0435\u0447\u0435\u0432\u043e\u0435 \u0440\u0430\u0437\u0432\u0438\u0442\u0438\u0435 \u0440\u0435\u0431\u0435\u043d\u043a\u0430-\u0434\u043e\u0448\u043a\u043e\u043b\u044c\u043d\u0438\u043a\u0430\u00bb<br\/>\u041d.\u041c \u0420\u043e\u0434\u0438\u043d\u0430, \u043a. \u043f\u0441\u0438\u0445\u043e\u043b.\u043d., \u0432\u0435\u0434\u0443\u0449\u0438\u0439 \u043d\u0430\u0443\u0447\u043d\u044b\u0439 \u0441\u043e\u0442\u0440\u0443\u0434\u043d\u0438\u043a \u041d\u0418\u0418 \u0434\u043e\u0448\u043a\u043e\u043b\u044c\u043d\u043e\u0433\u043e \u043e\u0431\u0440\u0430\u0437\u043e\u0432\u0430\u043d\u0438\u044f \u0438\u043c.\u0410.\u0412.\u0417\u0430\u043f\u043e\u0440\u043e\u0436\u0446\u0430 (\u0433. \u041c\u043e\u0441\u043a\u0432\u0430)<\/p>\n\n<p>18.50-19.50<br\/>\u041c\u0430\u0441\u0442\u0435\u0440-\u043a\u043b\u0430\u0441\u0441: \u201c\u0418\u0433\u0440\u0430 \u0432 \u0441\u0435\u043c\u044c\u0435 \u0438 \u0432 \u0448\u043a\u043e\u043b\u0435\u201d<br\/>\u0414.\u0412. \u041a\u043e\u043b\u0435\u0441\u043e\u0432\u0430, \u043a.\u0444.\u043d., \u0434\u043e\u0446\u0435\u043d\u0442, \u043d\u0430\u0447\u0430\u043b\u044c\u043d\u0438\u043a \u043e\u0442\u0434\u0435\u043b\u0430 \u043e\u0431\u0440\u0430\u0437\u043e\u0432\u0430\u0442\u0435\u043b\u044c\u043d\u044b\u0445 \u043f\u0440\u043e\u0433\u0440\u0430\u043c\u043c \u0426\u0435\u043d\u0442\u0440\u0430 \u0417\u043b\u0430\u0442\u043e\u0443\u0441\u0442<\/p>\n\n<p>19.50- 20.00<br\/>\u0417\u0430\u043a\u0440\u044b\u0442\u0438\u0435 \u0440\u0430\u0431\u043e\u0442\u044b \u0441\u0435\u043c\u0438\u043d\u0430\u0440\u0430<\/p>\n\n<p><em>Detta \u00e4r ett Skruvevenemang.<br\/>Projektledare: Liliya Nicolaidis.<\/em><\/p>\n","protected":false},"excerpt":{"rendered":"<p>Ett unikt evenemang i Malm\u00f6: metodseminarium f\u00f6r pedagoger och v\u00e5rdnadshavare till tv\u00e5spr\u00e5kiga barn, som h\u00e5lls f\u00f6r oss av ledande ryska specialister inom omr\u00e5det.<\/p>\n","protected":false},"author":1,"featured_media":371080,"comment_status":"closed","ping_status":"open","sticky":false,"template":"","format":"standard","meta":{"_acf_changed":false,"_seopress_robots_primary_cat":"none","_seopress_titles_title":"","_seopress_titles_desc":"","_seopress_robots_index":"","_kad_post_transparent":"","_kad_post_title":"","_kad_post_layout":"","_kad_post_sidebar_id":"","_kad_post_content_style":"","_kad_post_vertical_padding":"","_kad_post_feature":"","_kad_post_feature_position":"","_kad_post_header":false,"_kad_post_footer":false,"_kad_post_classname":"","footnotes":""},"categories":[41,32],"tags":[222,177],"class_list":["post-371083","post","type-post","status-publish","format-standard","has-post-thumbnail","hentry","category-aktiviteter","category-barn-malmo","tag-malmo","tag-tidigare"],"acf":[],"_links":{"self":[{"href":"https:\/\/skruv.nu\/be\/wp-json\/wp\/v2\/posts\/371083","targetHints":{"allow":["GET"]}}],"collection":[{"href":"https:\/\/skruv.nu\/be\/wp-json\/wp\/v2\/posts"}],"about":[{"href":"https:\/\/skruv.nu\/be\/wp-json\/wp\/v2\/types\/post"}],"author":[{"embeddable":true,"href":"https:\/\/skruv.nu\/be\/wp-json\/wp\/v2\/users\/1"}],"replies":[{"embeddable":true,"href":"https:\/\/skruv.nu\/be\/wp-json\/wp\/v2\/comments?post=371083"}],"version-history":[{"count":0,"href":"https:\/\/skruv.nu\/be\/wp-json\/wp\/v2\/posts\/371083\/revisions"}],"wp:featuredmedia":[{"embeddable":true,"href":"https:\/\/skruv.nu\/be\/wp-json\/wp\/v2\/media\/371080"}],"wp:attachment":[{"href":"https:\/\/skruv.nu\/be\/wp-json\/wp\/v2\/media?parent=371083"}],"wp:term":[{"taxonomy":"category","embeddable":true,"href":"https:\/\/skruv.nu\/be\/wp-json\/wp\/v2\/categories?post=371083"},{"taxonomy":"post_tag","embeddable":true,"href":"https:\/\/skruv.nu\/be\/wp-json\/wp\/v2\/tags?post=371083"}],"curies":[{"name":"wp","href":"https:\/\/api.w.org\/{rel}","templated":true}]}}