{"id":371922,"date":"2003-10-22T00:00:00","date_gmt":"2003-10-21T22:00:00","guid":{"rendered":"https:\/\/skruv.nu\/?p=371922"},"modified":"2023-10-20T17:06:47","modified_gmt":"2023-10-20T15:06:47","slug":"filmkvall-i-malmo-goken","status":"publish","type":"post","link":"https:\/\/skruv.nu\/be\/aktiviteter\/filmkvall-i-malmo-goken\/","title":{"rendered":"Filmkv\u00e4ll i Malm\u00f6: G\u00f6ken"},"content":{"rendered":"\n<p class=\"has-theme-palette-7-background-color has-background has-medium-font-size\">L\u00e4nsstyrelsens h\u00f6rsal, Kungsgatan 13, Malm\u00f6<br>Onsdag 22 oktober 2003 kl 18.45<\/p>\n\n\n\n<p>S\u00e5 \u00e4r det \u00e5ter dags f\u00f6r en filmvisning som sker p\u00e5 stor duk (3\u00d72 m) med extremt bra bild och ljud, det \u00e4r med andra ord riktig biok\u00e4nsla. Filmen vi visar denna g\u00e5ng blir dramakomedin Kukusjka (G\u00f6ken) av regiss\u00f6ren Aleksandr Rogozjkin fr\u00e5n 2002. Filmen har blivit bel\u00f6nad med m\u00e5nga prestigefyllda priser och \u00e4r mycket sev\u00e4rd. Handlingen utspelar sig 1944 i Finland. Wille och Ivan, som k\u00e4mpar p\u00e5 var sin sida i kriget, lyckas ta sig fria, och samiska Anni ger dem b\u00e5da skydd p\u00e5 sin g\u00e5rd. Soldaterna \u00e4r l\u00e5ngt hemifr\u00e5n och vet inte att det redan slutits fred mellan Finland och Sovjetunionen. F\u00f6r Anni \u00e4r soldaterna inte fiender utan bara m\u00e4n. Och alla tre talar olika spr\u00e5k\u2026<\/p>\n\n\n\n<p>Filmen \u00e4r p\u00e5 ryska men \u00e4ven de med sm\u00e5 kunskaper i ryska spr\u00e5ket tror jag kan f\u00f6lja med i handlingen. Det \u00e4r dessutom ett utm\u00e4rkt s\u00e4tt att b\u00e4ttra p\u00e5 spr\u00e5kkunskaperna. Filmen \u00e4r 1 timme och 40 minuter l\u00e5ng.<\/p>\n\n\n\n<p>F\u00f6rslag till andra filmer att visa, g\u00e4rna med svensk text, tar jag emot med tacksamhet.<\/p>\n\n\n\n<p>Medlemskap kostar 200 kr, och medlemsavgifter som betalas nu fram till \u00e5rsskiftet g\u00e4ller hela 2004. Heltidsstuderande, pension\u00e4r eller familjemedlem betalar 100 kr.<\/p>\n\n\n\n<p>V\u00e4l m\u00f6tt!<\/p>\n\n\n\n<p>F\u00f6r filmgruppen<br>Jakob Rydinger<\/p>\n","protected":false},"excerpt":{"rendered":"<p>Skruv ordnar filmkv\u00e4ll i Malm\u00f6.<\/p>\n","protected":false},"author":1,"featured_media":1592,"comment_status":"closed","ping_status":"open","sticky":false,"template":"","format":"standard","meta":{"_acf_changed":false,"_seopress_robots_primary_cat":"none","_seopress_titles_title":"","_seopress_titles_desc":"","_seopress_robots_index":"","_kad_post_transparent":"","_kad_post_title":"","_kad_post_layout":"","_kad_post_sidebar_id":"","_kad_post_content_style":"","_kad_post_vertical_padding":"","_kad_post_feature":"","_kad_post_feature_position":"","_kad_post_header":false,"_kad_post_footer":false,"_kad_post_classname":"","footnotes":""},"categories":[41,162],"tags":[222,177],"class_list":["post-371922","post","type-post","status-publish","format-standard","has-post-thumbnail","hentry","category-aktiviteter","category-film-foto","tag-malmo","tag-tidigare"],"acf":[],"_links":{"self":[{"href":"https:\/\/skruv.nu\/be\/wp-json\/wp\/v2\/posts\/371922","targetHints":{"allow":["GET"]}}],"collection":[{"href":"https:\/\/skruv.nu\/be\/wp-json\/wp\/v2\/posts"}],"about":[{"href":"https:\/\/skruv.nu\/be\/wp-json\/wp\/v2\/types\/post"}],"author":[{"embeddable":true,"href":"https:\/\/skruv.nu\/be\/wp-json\/wp\/v2\/users\/1"}],"replies":[{"embeddable":true,"href":"https:\/\/skruv.nu\/be\/wp-json\/wp\/v2\/comments?post=371922"}],"version-history":[{"count":0,"href":"https:\/\/skruv.nu\/be\/wp-json\/wp\/v2\/posts\/371922\/revisions"}],"wp:featuredmedia":[{"embeddable":true,"href":"https:\/\/skruv.nu\/be\/wp-json\/wp\/v2\/media\/1592"}],"wp:attachment":[{"href":"https:\/\/skruv.nu\/be\/wp-json\/wp\/v2\/media?parent=371922"}],"wp:term":[{"taxonomy":"category","embeddable":true,"href":"https:\/\/skruv.nu\/be\/wp-json\/wp\/v2\/categories?post=371922"},{"taxonomy":"post_tag","embeddable":true,"href":"https:\/\/skruv.nu\/be\/wp-json\/wp\/v2\/tags?post=371922"}],"curies":[{"name":"wp","href":"https:\/\/api.w.org\/{rel}","templated":true}]}}