{"id":372143,"date":"2017-07-27T16:15:00","date_gmt":"2017-07-27T14:15:00","guid":{"rendered":"https:\/\/skruv.nu\/?p=372143"},"modified":"2021-03-09T09:02:36","modified_gmt":"2021-03-09T08:02:36","slug":"konstituerande-styrelsemote-i-trelleborg","status":"publish","type":"post","link":"https:\/\/skruv.nu\/be\/aktiviteter\/konstituerande-styrelsemote-i-trelleborg\/","title":{"rendered":"Konstituerande styrelsem\u00f6te i Trelleborg"},"content":{"rendered":"\n<p class=\"has-bakgrundsplatta-background-color has-background has-medium-font-size\">B\u00f6nnemarks, Trelleborg<br>Torsdag 27 juli 2017 kl 16.15-19.00<\/p>\n\n\n\n<p>Styrelsens sammantr\u00e4den \u00e4r normalt bara \u00f6ppna f\u00f6r dess ledam\u00f6ter.<\/p>\n\n\n\n<div class=\"wp-block-group has-vit-color has-primar-background-color has-text-color has-background\"><div class=\"wp-block-group__inner-container is-layout-flow wp-block-group-is-layout-flow\">\n<p>Styrelsen best\u00e5r fram till f\u00f6reningsst\u00e4mman 2018 av f\u00f6ljande personer:<\/p>\n\n\n\n<ul class=\"wp-block-list\"><li>Niklas B\u00f6nnemark, ordf\u00f6rande<\/li><li>Ulf Pauli, sekreterare<\/li><li>Nuria B\u00f6nnemark, kass\u00f6r<\/li><li>Elena Bibanina, ledamot<\/li><li>fem vakanser.<\/li><\/ul>\n<\/div><\/div>\n","protected":false},"excerpt":{"rendered":"<p>Skruvs styrelse sammantr\u00e4der och konstituerar sig.<\/p>\n","protected":false},"author":1,"featured_media":366837,"comment_status":"closed","ping_status":"open","sticky":false,"template":"","format":"standard","meta":{"_acf_changed":false,"_seopress_robots_primary_cat":"none","_seopress_titles_title":"","_seopress_titles_desc":"","_seopress_robots_index":"","_kad_post_transparent":"","_kad_post_title":"","_kad_post_layout":"","_kad_post_sidebar_id":"","_kad_post_content_style":"","_kad_post_vertical_padding":"","_kad_post_feature":"","_kad_post_feature_position":"","_kad_post_header":false,"_kad_post_footer":false,"_kad_post_classname":"","footnotes":""},"categories":[41,166],"tags":[228,177],"class_list":["post-372143","post","type-post","status-publish","format-standard","has-post-thumbnail","hentry","category-aktiviteter","category-foreningsdemokrati","tag-oresund","tag-tidigare"],"acf":[],"_links":{"self":[{"href":"https:\/\/skruv.nu\/be\/wp-json\/wp\/v2\/posts\/372143","targetHints":{"allow":["GET"]}}],"collection":[{"href":"https:\/\/skruv.nu\/be\/wp-json\/wp\/v2\/posts"}],"about":[{"href":"https:\/\/skruv.nu\/be\/wp-json\/wp\/v2\/types\/post"}],"author":[{"embeddable":true,"href":"https:\/\/skruv.nu\/be\/wp-json\/wp\/v2\/users\/1"}],"replies":[{"embeddable":true,"href":"https:\/\/skruv.nu\/be\/wp-json\/wp\/v2\/comments?post=372143"}],"version-history":[{"count":0,"href":"https:\/\/skruv.nu\/be\/wp-json\/wp\/v2\/posts\/372143\/revisions"}],"wp:featuredmedia":[{"embeddable":true,"href":"https:\/\/skruv.nu\/be\/wp-json\/wp\/v2\/media\/366837"}],"wp:attachment":[{"href":"https:\/\/skruv.nu\/be\/wp-json\/wp\/v2\/media?parent=372143"}],"wp:term":[{"taxonomy":"category","embeddable":true,"href":"https:\/\/skruv.nu\/be\/wp-json\/wp\/v2\/categories?post=372143"},{"taxonomy":"post_tag","embeddable":true,"href":"https:\/\/skruv.nu\/be\/wp-json\/wp\/v2\/tags?post=372143"}],"curies":[{"name":"wp","href":"https:\/\/api.w.org\/{rel}","templated":true}]}}