{"id":372747,"date":"2011-03-12T00:00:00","date_gmt":"2011-03-11T23:00:00","guid":{"rendered":"https:\/\/skruv.nu\/?p=372747"},"modified":"2021-01-04T17:42:13","modified_gmt":"2021-01-04T16:42:13","slug":"konstituerande-styrelsemote-i-malmo-6","status":"publish","type":"post","link":"https:\/\/skruv.nu\/be\/aktiviteter\/konstituerande-styrelsemote-i-malmo-6\/","title":{"rendered":"Konstituerande styrelsem\u00f6te i Malm\u00f6"},"content":{"rendered":"\n<p>Styrelsens sammantr\u00e4den \u00e4r normalt bara \u00f6ppna f\u00f6r dess ledam\u00f6ter.<\/p>\n\n\n\n<p class=\"has-vit-color has-primar-background-color has-text-color has-background\">Skruvs styrelse mars 2011\u2013mars 2012: ordf\u00f6rande Lidia Elfstrand, vice ordf\u00f6rande Niklas B\u00f6nnemark och Sara Gradlander, kass\u00f6r Nuria B\u00f6nnemark, sekreterare Ulf Pauli, ledam\u00f6ter Vladlena Clausen, Michael Tojzner och Dan Wallenberg.<\/p>\n","protected":false},"excerpt":{"rendered":"<p>Skruvs styrelse sammantr\u00e4der och konstituerar sig.<\/p>\n","protected":false},"author":1,"featured_media":366837,"comment_status":"closed","ping_status":"open","sticky":false,"template":"","format":"standard","meta":{"_acf_changed":false,"_seopress_robots_primary_cat":"none","_seopress_titles_title":"","_seopress_titles_desc":"","_seopress_robots_index":"","_kad_post_transparent":"","_kad_post_title":"","_kad_post_layout":"","_kad_post_sidebar_id":"","_kad_post_content_style":"","_kad_post_vertical_padding":"","_kad_post_feature":"","_kad_post_feature_position":"","_kad_post_header":false,"_kad_post_footer":false,"_kad_post_classname":"","footnotes":""},"categories":[41,166],"tags":[222,177],"class_list":["post-372747","post","type-post","status-publish","format-standard","has-post-thumbnail","hentry","category-aktiviteter","category-foreningsdemokrati","tag-malmo","tag-tidigare"],"acf":[],"_links":{"self":[{"href":"https:\/\/skruv.nu\/be\/wp-json\/wp\/v2\/posts\/372747","targetHints":{"allow":["GET"]}}],"collection":[{"href":"https:\/\/skruv.nu\/be\/wp-json\/wp\/v2\/posts"}],"about":[{"href":"https:\/\/skruv.nu\/be\/wp-json\/wp\/v2\/types\/post"}],"author":[{"embeddable":true,"href":"https:\/\/skruv.nu\/be\/wp-json\/wp\/v2\/users\/1"}],"replies":[{"embeddable":true,"href":"https:\/\/skruv.nu\/be\/wp-json\/wp\/v2\/comments?post=372747"}],"version-history":[{"count":0,"href":"https:\/\/skruv.nu\/be\/wp-json\/wp\/v2\/posts\/372747\/revisions"}],"wp:featuredmedia":[{"embeddable":true,"href":"https:\/\/skruv.nu\/be\/wp-json\/wp\/v2\/media\/366837"}],"wp:attachment":[{"href":"https:\/\/skruv.nu\/be\/wp-json\/wp\/v2\/media?parent=372747"}],"wp:term":[{"taxonomy":"category","embeddable":true,"href":"https:\/\/skruv.nu\/be\/wp-json\/wp\/v2\/categories?post=372747"},{"taxonomy":"post_tag","embeddable":true,"href":"https:\/\/skruv.nu\/be\/wp-json\/wp\/v2\/tags?post=372747"}],"curies":[{"name":"wp","href":"https:\/\/api.w.org\/{rel}","templated":true}]}}