{"id":373150,"date":"2011-12-06T00:00:00","date_gmt":"2011-12-05T23:00:00","guid":{"rendered":"https:\/\/skruv.nu\/?p=373150"},"modified":"2021-02-03T13:21:30","modified_gmt":"2021-02-03T12:21:30","slug":"planeringsmote-for-skruvaktiviteter-i-uppsala","status":"publish","type":"post","link":"https:\/\/skruv.nu\/be\/aktiviteter\/planeringsmote-for-skruvaktiviteter-i-uppsala\/","title":{"rendered":"Planeringsm\u00f6te f\u00f6r Skruvaktiviteter i Uppsala"},"content":{"rendered":"\n<p class=\"has-bakgrundsplatta-background-color has-background has-medium-font-size\">Coffeehouse by George, Kungsgatan, Uppsala<br>Tisdag 6 december 2011 kl 17.45\u201319.15<\/p>\n\n\n\n<p>\u00c4mnen att diskutera \u00e4r bland annat:<\/p>\n\n\n\n<ul class=\"wp-block-list\"><li>Vad ska det vara f\u00f6r sorts aktiviteter? Exempel:<ul><li>F\u00f6redrag? P\u00e5 vilka teman?<\/li><li>Studiebes\u00f6k? Var?<\/li><li>En studiecirkel\/kurs? I vilket \u00e4mne? Vem\/vilka ska leda den?<\/li><li>Picknick(ar) p\u00e5 sommaren?<\/li><\/ul><\/li><li>Var och n\u00e4r ska aktiviteterna \u00e4ga rum?<\/li><li>Vem\/vilka ansvarar f\u00f6r varje aktivitet?<\/li><li>Hur n\u00e5r vi ut till folk som kan vara intresserade?<\/li><\/ul>\n\n\n\n<p>Alla \u00e4r v\u00e4lkomna som \u00e4r intresserade av att arbeta aktivt och ideellt f\u00f6r att skapa aktiviteter inom Skruv i Uppsala under 2012. Vi beh\u00f6ver folk som tycker om att planera, koka kaffe, ber\u00e4tta och dela med sig av dina kunskaper, sk\u00f6ta enkel redovisning, sprida reklam m.fl.<\/p>\n\n\n\n<p>Det \u00e4r bra att l\u00e4sa p\u00e5 lite om f\u00f6reningen innan vi tr\u00e4ffas. I korthet kan s\u00e4gas att Skruv (S\u00e4llskapet f\u00f6r kontakter med Ryssland, Ukraina och Vitryssland) \u00e4r en politiskt och religi\u00f6st obunden ideell f\u00f6rening dels f\u00f6r m\u00e4nniskor i Sverige med intresse f\u00f6r f.d. Sovjetunionen och kulturerna, spr\u00e5ken och m\u00e4nniskorna d\u00e4r, dels f\u00f6r rysktalande personer i Sverige som vill l\u00e4ra sig mer om svensk kultur och samh\u00e4llsliv.<\/p>\n\n\n\n<p>Diskussionsspr\u00e5k: i f\u00f6rsta hand&nbsp;<strong>svenska<\/strong>. \u00c4ven ryska kan f\u00f6rekomma, f\u00f6rhoppningsvis inte utan tolkning till svenska.<\/p>\n\n\n\n<p>F\u00f6r att vi ska kunna sitta p\u00e5 denna kaffebar kr\u00e4vs att de flesta i s\u00e4llskapet k\u00f6per n\u00e5got att dricka eller \u00e4ta. Ta d\u00e4rf\u00f6r med en liten peng s\u00e5 du kan k\u00f6pa t.ex. en kopp te.<\/p>\n\n\n\n<h3 class=\"wp-block-heading\">Anm\u00e4lan<\/h3>\n\n\n\n<p>Om du \u00e4r intresserad att vara med p\u00e5 planeringsm\u00f6tet, anm\u00e4l dig till Niklas B\u00f6nnemark p\u00e5 e-post\u00a0eller telefon. Det g\u00e5r bra att anm\u00e4la sig samma dag.<\/p>\n\n\n\n<p><em>Detta \u00e4r ett Skruvarrangemang.<br>Id\u00e9 och planering: Niklas B\u00f6nnemark.<br>Svensk text i inbjudan: Niklas B\u00f6nnemark.<br>\u00d6vers\u00e4ttning av inbjudan till ryska: Niklas B\u00f6nnemark.<br>Layout och marknadsf\u00f6ring: Niklas B\u00f6nnemark.<\/em><\/p>\n","protected":false},"excerpt":{"rendered":"<p>Tisdagen den 6 december 2011 ordnas ett planeringsm\u00f6te i Uppsala, dit alla som \u00e4r intresserade av att ordna aktiviteter med svensk-rysk-ukrainsk-vitrysk anknytning \u00e4r v\u00e4lkomna. Tanken \u00e4r att det ska bli minst fyra aktiviteter i Uppsala under 2012.<\/p>\n","protected":false},"author":1,"featured_media":373714,"comment_status":"closed","ping_status":"open","sticky":false,"template":"","format":"standard","meta":{"_acf_changed":false,"_seopress_robots_primary_cat":"none","_seopress_titles_title":"","_seopress_titles_desc":"","_seopress_robots_index":"","_kad_post_transparent":"","_kad_post_title":"","_kad_post_layout":"","_kad_post_sidebar_id":"","_kad_post_content_style":"","_kad_post_vertical_padding":"","_kad_post_feature":"","_kad_post_feature_position":"","_kad_post_header":false,"_kad_post_footer":false,"_kad_post_classname":"","footnotes":""},"categories":[41,166],"tags":[233,177],"class_list":["post-373150","post","type-post","status-publish","format-standard","has-post-thumbnail","hentry","category-aktiviteter","category-foreningsdemokrati","tag-ovriga-orter","tag-tidigare"],"acf":[],"_links":{"self":[{"href":"https:\/\/skruv.nu\/be\/wp-json\/wp\/v2\/posts\/373150","targetHints":{"allow":["GET"]}}],"collection":[{"href":"https:\/\/skruv.nu\/be\/wp-json\/wp\/v2\/posts"}],"about":[{"href":"https:\/\/skruv.nu\/be\/wp-json\/wp\/v2\/types\/post"}],"author":[{"embeddable":true,"href":"https:\/\/skruv.nu\/be\/wp-json\/wp\/v2\/users\/1"}],"replies":[{"embeddable":true,"href":"https:\/\/skruv.nu\/be\/wp-json\/wp\/v2\/comments?post=373150"}],"version-history":[{"count":0,"href":"https:\/\/skruv.nu\/be\/wp-json\/wp\/v2\/posts\/373150\/revisions"}],"wp:featuredmedia":[{"embeddable":true,"href":"https:\/\/skruv.nu\/be\/wp-json\/wp\/v2\/media\/373714"}],"wp:attachment":[{"href":"https:\/\/skruv.nu\/be\/wp-json\/wp\/v2\/media?parent=373150"}],"wp:term":[{"taxonomy":"category","embeddable":true,"href":"https:\/\/skruv.nu\/be\/wp-json\/wp\/v2\/categories?post=373150"},{"taxonomy":"post_tag","embeddable":true,"href":"https:\/\/skruv.nu\/be\/wp-json\/wp\/v2\/tags?post=373150"}],"curies":[{"name":"wp","href":"https:\/\/api.w.org\/{rel}","templated":true}]}}