{"id":373432,"date":"2013-05-12T00:00:00","date_gmt":"2013-05-11T22:00:00","guid":{"rendered":"https:\/\/skruv.nu\/okategoriserad\/esc-sangerskan-zlata-ognevitj-fran-ukraina-besoker-barnverksamheten-i-malmo\/"},"modified":"2024-03-20T11:38:07","modified_gmt":"2024-03-20T10:38:07","slug":"esc-sangerskan-zlata-ognevitj-fran-ukraina-i-malmo-12-maj-2013","status":"publish","type":"post","link":"https:\/\/skruv.nu\/be\/aktiviteter\/barn\/barn-malmo\/esc-sangerskan-zlata-ognevitj-fran-ukraina-i-malmo-12-maj-2013\/","title":{"rendered":"ESC-s\u00e5ngerskan Zlata Ognevitj fr\u00e5n Ukraina bes\u00f6ker barnverksamheten i Malm\u00f6"},"content":{"rendered":"\n<p class=\"has-background has-medium-font-size\" style=\"background-color:#f4f4f4\">ABF, Sp\u00e5nehusv\u00e4gen 47, Malm\u00f6<br\/>S\u00f6ndag 12 maj 2013 kl 09.45<\/p>\n\n<p>Det \u00e4r ingen hemlighet att \u00e5rets Eurovision Song Contest h\u00e5lls i Malm\u00f6. Mycket snart kommer f\u00f6retr\u00e4dare f\u00f6r Ryssland, Ukraina och Vitryssland att k\u00e4mpa f\u00f6r att n\u00e5 finalen i t\u00e4vlingen. Vem hejar du p\u00e5?<\/p>\n\n<p>Vi har lyckats komma i kontakt med den ukrainska delegationen och bjuda in s\u00e5ngaren som f\u00f6retr\u00e4der Ukraina vid ESC \u2013 Zlata Ognevitj (Ohnevytj) att bes\u00f6ka oss. Och denna s\u00f6ndag v\u00e4ntar vi p\u00e5 att hon ska bes\u00f6ka oss! D\u00e4rf\u00f6r m\u00e5ste vi f\u00f6rbereda oss v\u00e4l.<\/p>\n\n<p>Vi inbjuder barn och f\u00f6r\u00e4ldrar i grupperna Kolosok och Rosinka att delta som journalister i en presskonferens med Zlata.<br\/>F\u00f6r att g\u00f6ra detta beh\u00f6ver ni:<\/p>\n\n<ol class=\"wp-block-list\"><li>l\u00e4sa informationen om Zlata och lyssna p\u00e5 l\u00e5ten som hon kommer att sjunga p\u00e5 ESC<\/li><li>komma med 5 intressanta\/ovanliga fr\u00e5gor till Eurovisiondeltagaren fr\u00e5n Ukraina Zlata Ognevitj<\/li><li>t\u00e4nka er in i rollen som journalist (s\u00e4g ert namn och ber\u00e4tta vilken tidning\/radiostation\/TV-kanal du kommer fr\u00e5n), rita dig en namnskylt<\/li><li>komma ih\u00e5g att v\u00e4lja l\u00e4mpliga kl\u00e4der: strikt, snyggt, formell aff\u00e4rsstil<\/li><li>rita runt din handflata med en penna 2 g\u00e5nger p\u00e5 f\u00e4rgat papper (f\u00f6r att f\u00e5 2 handflator), skriv en \u00f6nskan om Zlata p\u00e5 varje handflata, klipp ut och ta med b\u00e5da handflatorna till lektionen \u2013 f\u00f6r att g\u00f6ra en affisch tillsammans med andra<\/li><li>komma till lektionen i f\u00f6rv\u00e4g.<\/li><\/ol>\n\n<p>Det \u00e4r vanligt att ta emot artister med blommor, och det kommer att vara j\u00e4ttebra om ni kan l\u00e4gga till egna buketter i buketten som vi k\u00f6per fr\u00e5n l\u00e4rarna p\u00e5 barnverksamheten.<\/p>\n\n<p>Presskonferensen p\u00e5g\u00e5r i 20 minuter. Det kan ocks\u00e5 komma riktiga svenska journalister, som kommer att filma och fota. D\u00e4rf\u00f6r f\u00e5r inte deltagarna ta bilder under sj\u00e4lva konferensen. Efter presskonferensen \u00e4r det m\u00f6jligt att ta en bild med Zlata, f\u00e5 en autograf och \u00f6nska henne lycka till.<\/p>\n\n<h2 class=\"wp-block-heading\">Framtr\u00e4dande av teatergruppen<\/h2>\n\n<p>P\u00e5 v\u00e5r lilla l\u00e5tsaspresskonferens kommer v\u00e5r teatergrupp att framtr\u00e4da inf\u00f6r Zlata. Vi kommer att sjunga Gostjusjki i bl\u00e5a dr\u00e4kter. Se d\u00e4rf\u00f6r till att barnen \u00e4r f\u00f6rberedda p\u00e5 framtr\u00e4dandet: Pojkarna i m\u00f6rka sportbyxor utan m\u00f6nster, helst m\u00f6rkt ombyte. Jag delar ut skjortor och b\u00e4lten. Flickorna i vita blusar, vita strumpbyxor och ett ljus ombyte, tv\u00e5 fl\u00e4tor. Jag delar ut kl\u00e4nningar och huvudbonader (kok\u00f3sjnik).<\/p>\n\n<h2 class=\"wp-block-heading\">Artikel ur Sk\u00e5nska Dagbladet 13 maj 2013<\/h2>\n\n<figure class=\"wp-block-image size-full\"><img fetchpriority=\"high\" decoding=\"async\" width=\"1140\" height=\"914\" src=\"https:\/\/skruv.nu\/wp-content\/uploads\/2013\/05\/zlata1_b1140.jpg\" alt=\"tidningsartikel\" class=\"wp-image-373427\" srcset=\"https:\/\/skruv.nu\/wp-content\/uploads\/2013\/05\/zlata1_b1140.jpg 1140w, https:\/\/skruv.nu\/wp-content\/uploads\/2013\/05\/zlata1_b1140-300x241.jpg 300w, https:\/\/skruv.nu\/wp-content\/uploads\/2013\/05\/zlata1_b1140-1024x821.jpg 1024w, https:\/\/skruv.nu\/wp-content\/uploads\/2013\/05\/zlata1_b1140-150x120.jpg 150w, https:\/\/skruv.nu\/wp-content\/uploads\/2013\/05\/zlata1_b1140-768x616.jpg 768w\" sizes=\"(max-width: 1140px) 100vw, 1140px\" \/><figcaption>Zlata i Sk\u00e5nska Dagbladet den 13 maj 2013.<\/figcaption><\/figure>\n\n<figure class=\"wp-block-image size-full\"><img decoding=\"async\" width=\"1140\" height=\"1987\" src=\"https:\/\/skruv.nu\/wp-content\/uploads\/2013\/05\/zlata2_b1140.jpg\" alt=\"tidningsartikel\" class=\"wp-image-373429\" srcset=\"https:\/\/skruv.nu\/wp-content\/uploads\/2013\/05\/zlata2_b1140.jpg 1140w, https:\/\/skruv.nu\/wp-content\/uploads\/2013\/05\/zlata2_b1140-172x300.jpg 172w, https:\/\/skruv.nu\/wp-content\/uploads\/2013\/05\/zlata2_b1140-587x1024.jpg 587w, https:\/\/skruv.nu\/wp-content\/uploads\/2013\/05\/zlata2_b1140-86x150.jpg 86w, https:\/\/skruv.nu\/wp-content\/uploads\/2013\/05\/zlata2_b1140-768x1339.jpg 768w, https:\/\/skruv.nu\/wp-content\/uploads\/2013\/05\/zlata2_b1140-881x1536.jpg 881w\" sizes=\"(max-width: 1140px) 100vw, 1140px\" \/><figcaption>Zlata i Sk\u00e5nska Dagbladet den 13 maj 2013.<\/figcaption><\/figure>\n","protected":false},"excerpt":{"rendered":"<p>Nu i helgen, under lektionen i ryska, har barnen i grupperna f\u00f6r skol\u00e5ldern (Kolos\u00f3k&#8221; och &#8220;Ros\u00ednka&#8221;) och deras f\u00f6r\u00e4ldrar en unik m\u00f6jlighet att tr\u00e4ffa en av artisterna som t\u00e4vlar i Eurovision Song Contest.<\/p>\n","protected":false},"author":1,"featured_media":373435,"comment_status":"closed","ping_status":"open","sticky":false,"template":"","format":"standard","meta":{"_acf_changed":false,"_seopress_robots_primary_cat":"none","_seopress_titles_title":"","_seopress_titles_desc":"","_seopress_robots_index":"","_kad_post_transparent":"","_kad_post_title":"","_kad_post_layout":"","_kad_post_sidebar_id":"","_kad_post_content_style":"","_kad_post_vertical_padding":"","_kad_post_feature":"","_kad_post_feature_position":"","_kad_post_header":false,"_kad_post_footer":false,"_kad_post_classname":"","footnotes":""},"categories":[41,268,32],"tags":[222,177],"class_list":["post-373432","post","type-post","status-publish","format-standard","has-post-thumbnail","hentry","category-aktiviteter","category-barn","category-barn-malmo","tag-malmo","tag-tidigare"],"acf":[],"_links":{"self":[{"href":"https:\/\/skruv.nu\/be\/wp-json\/wp\/v2\/posts\/373432","targetHints":{"allow":["GET"]}}],"collection":[{"href":"https:\/\/skruv.nu\/be\/wp-json\/wp\/v2\/posts"}],"about":[{"href":"https:\/\/skruv.nu\/be\/wp-json\/wp\/v2\/types\/post"}],"author":[{"embeddable":true,"href":"https:\/\/skruv.nu\/be\/wp-json\/wp\/v2\/users\/1"}],"replies":[{"embeddable":true,"href":"https:\/\/skruv.nu\/be\/wp-json\/wp\/v2\/comments?post=373432"}],"version-history":[{"count":0,"href":"https:\/\/skruv.nu\/be\/wp-json\/wp\/v2\/posts\/373432\/revisions"}],"wp:featuredmedia":[{"embeddable":true,"href":"https:\/\/skruv.nu\/be\/wp-json\/wp\/v2\/media\/373435"}],"wp:attachment":[{"href":"https:\/\/skruv.nu\/be\/wp-json\/wp\/v2\/media?parent=373432"}],"wp:term":[{"taxonomy":"category","embeddable":true,"href":"https:\/\/skruv.nu\/be\/wp-json\/wp\/v2\/categories?post=373432"},{"taxonomy":"post_tag","embeddable":true,"href":"https:\/\/skruv.nu\/be\/wp-json\/wp\/v2\/tags?post=373432"}],"curies":[{"name":"wp","href":"https:\/\/api.w.org\/{rel}","templated":true}]}}