{"id":374368,"date":"2013-10-26T10:00:00","date_gmt":"2013-10-26T08:00:00","guid":{"rendered":"https:\/\/skruv.nu\/okategoriserad\/litterara-motena-i-malmo-dag-1\/"},"modified":"2021-02-07T15:11:31","modified_gmt":"2021-02-07T14:11:31","slug":"litterara-motena-i-malmo-dag-1","status":"publish","type":"post","link":"https:\/\/skruv.nu\/be\/aktiviteter\/litterara-motena-i-malmo-dag-1\/","title":{"rendered":"Litteraturm\u00f6tena i Malm\u00f6, dag 1"},"content":{"rendered":"\n<p class=\"has-bakgrundsplatta-background-color has-background has-medium-font-size\">Sal 11, Ungdomens hus, Torpgatan 21, Malm\u00f6<br\/>L\u00f6rdag 26 oktober 2013 kl 10.00-20.00<\/p>\n\n<p>Liksom f\u00f6rra \u00e5ret kommer Litteraturm\u00f6tena i Malm\u00f6 att vara fulla av intressanta evenemang, d\u00e4ribland m\u00f6ten och informellt umg\u00e4nge med f\u00f6rfattare, poeter, journalister och m\u00e4nniskor fr\u00e5n olika l\u00e4nder som helt enkelt \u00e4r intresserade av litteratur.<\/p>\n\n<h2 class=\"wp-block-heading\">Program f\u00f6r Litteraturm\u00f6tena 26 oktober (dag 1)<\/h2>\n\n<p>10.00-12.00 Seminariet &#8220;Retorik f\u00f6r barn och vuxna eller hur man l\u00e4r sig att tala vackert och korrekt&#8221; leds av Michail Khanin. Spr\u00e5k: ryska.<\/p>\n\n<p>12.30-14.30 Seminariet \u201dHur man blir en ber\u00f6md f\u00f6rfattare\u201d leds av Aleksandr Gritsenko. Andrej Sjtjerbak-Zjukov, litter\u00e4r journalist, poet och teoretiker, f\u00f6rel\u00e4ser p\u00e5 \u00e4mnet &#8220;Anv\u00e4ndningen av mytologiska strukturer i dramat i modern genrefilm&#8221;. Spr\u00e5k: ryska.<\/p>\n\n<p><a href=\"\/?p=374366\" data-type=\"post\" data-id=\"374348\">15.00-20.00 Musik- och poesim\u00f6te med moderna ryska f\u00f6rfattare i Ryska klubben &gt;&gt;<\/a><\/p>\n\n<p><a href=\"\/?p=374388\" data-type=\"post\" data-id=\"374345\">Se \u00e4ven programmet f\u00f6r 27 oktober &gt;&gt;<\/a><\/p>\n","protected":false},"excerpt":{"rendered":"<p>S\u00e4llskapet f\u00f6r kontakter med Ryssland, Ukraina och Vitryssland (Skruv) i samarbete med ABF Malm\u00f6 inbjuder till Litteraturm\u00f6tena i Malm\u00f6.<\/p>\n","protected":false},"author":1,"featured_media":373718,"comment_status":"closed","ping_status":"open","sticky":false,"template":"","format":"standard","meta":{"_acf_changed":false,"_seopress_robots_primary_cat":"","_seopress_titles_title":"","_seopress_titles_desc":"","_seopress_robots_index":"","_kad_post_transparent":"","_kad_post_title":"","_kad_post_layout":"","_kad_post_sidebar_id":"","_kad_post_content_style":"","_kad_post_vertical_padding":"","_kad_post_feature":"","_kad_post_feature_position":"","_kad_post_header":false,"_kad_post_footer":false,"_kad_post_classname":"","footnotes":""},"categories":[41,54],"tags":[222,177],"class_list":["post-374368","post","type-post","status-publish","format-standard","has-post-thumbnail","hentry","category-aktiviteter","category-kat-litteratur","tag-malmo","tag-tidigare"],"acf":[],"_links":{"self":[{"href":"https:\/\/skruv.nu\/be\/wp-json\/wp\/v2\/posts\/374368","targetHints":{"allow":["GET"]}}],"collection":[{"href":"https:\/\/skruv.nu\/be\/wp-json\/wp\/v2\/posts"}],"about":[{"href":"https:\/\/skruv.nu\/be\/wp-json\/wp\/v2\/types\/post"}],"author":[{"embeddable":true,"href":"https:\/\/skruv.nu\/be\/wp-json\/wp\/v2\/users\/1"}],"replies":[{"embeddable":true,"href":"https:\/\/skruv.nu\/be\/wp-json\/wp\/v2\/comments?post=374368"}],"version-history":[{"count":0,"href":"https:\/\/skruv.nu\/be\/wp-json\/wp\/v2\/posts\/374368\/revisions"}],"wp:featuredmedia":[{"embeddable":true,"href":"https:\/\/skruv.nu\/be\/wp-json\/wp\/v2\/media\/373718"}],"wp:attachment":[{"href":"https:\/\/skruv.nu\/be\/wp-json\/wp\/v2\/media?parent=374368"}],"wp:term":[{"taxonomy":"category","embeddable":true,"href":"https:\/\/skruv.nu\/be\/wp-json\/wp\/v2\/categories?post=374368"},{"taxonomy":"post_tag","embeddable":true,"href":"https:\/\/skruv.nu\/be\/wp-json\/wp\/v2\/tags?post=374368"}],"curies":[{"name":"wp","href":"https:\/\/api.w.org\/{rel}","templated":true}]}}