{"id":374388,"date":"2013-10-27T12:00:00","date_gmt":"2013-10-27T11:00:00","guid":{"rendered":"https:\/\/skruv.nu\/okategoriserad\/litteraturmotena-i-malmo-dag-2\/"},"modified":"2024-12-22T20:56:21","modified_gmt":"2024-12-22T19:56:21","slug":"litteraturmotena-i-malmo-dag-2","status":"publish","type":"post","link":"https:\/\/skruv.nu\/be\/aktiviteter\/litteraturmotena-i-malmo-dag-2\/","title":{"rendered":"Litteraturm\u00f6tena i Malm\u00f6, dag 2"},"content":{"rendered":"\n<p class=\"has-bakgrundsplatta-background-color has-background has-medium-font-size\">Ungdomens hus, Norra Skolgatan 10 b, Malm\u00f6<br\/>S\u00f6ndag 27 oktober 2013 12.00-22.00<\/p>\n\n<h2 class=\"wp-block-heading\">Program f\u00f6r Litteraturm\u00f6tena 27 oktober (dag 2)<\/h2>\n\n<p>\n          <a href=\"https:\/\/skruv.nu\/aktiviteter\/litterara-motena-i-malmo-dag-1\/\" data-type=\"post\" data-id=\"374344\">Se \u00e4ven programmet f\u00f6r 26 oktober \u00bb<\/a>\n        <\/p>\n\n<p>12.00-14.00 (sal 4) Seminarium p\u00e5 \u00e4mnet &#8220;N\u00e5got om mig och om n\u00e5gra k\u00e4nda personer&#8221; lett av Mikhail Khanin. Spr\u00e5k: ryska.<\/p>\n\n<p>14.00-22.00 (Festsalen) Presentation av fj\u00e4rde boken i serien Fr\u00e5n hj\u00e4rta till hj\u00e4rta \u2013 h\u00f6jdpunkten p\u00e5 Litteraturm\u00f6tena. Musikalisk inramning av presentationen: Midnattsk\u00f6ren under ledning av G\u00f6sta Petersen, s\u00e5nggruppen Slavenka under ledning av Elena Bibanina och en klassisk pianokonsert med Philipp Subbotin och duetten ART Duo (Tjeckien). Spr\u00e5ket f\u00f6r presentationen \u00e4r ryska med tolkning till svenska.<\/p>\n\n<h2 class=\"wp-block-heading\">Program f\u00f6r presentationen av den fj\u00e4rde antologin i serien &#8220;Fr\u00e5n hj\u00e4rta till hj\u00e4rta&#8221;, &#8220;P\u00e5 k\u00e4rlekens v\u00e5gor&#8221;.<\/h2>\n\n<p>Spr\u00e5ket f\u00f6r presentationen \u00e4r ryska med tolkning till svenska. Tolkning: Michael Potok och Maria Edstr\u00f6m.<\/p>\n\n<p>14.00-14.30 Start f\u00f6r evenemanget och mingel med g\u00e4sterna. Fr\u00e5n kl 14 kan man i kaf\u00e9et till en billig peng k\u00f6pa vin, te, kaffe och enkla matr\u00e4tter ur det svenska och det ryska k\u00f6ket.<\/p>\n\n<p>14.30-15.45 Presentation av den fj\u00e4rde antologin i serien &#8220;Fr\u00e5n hj\u00e4rta till hj\u00e4rta&#8221;, &#8220;P\u00e5 k\u00e4rlekens v\u00e5gor&#8221;. F\u00f6rfattarna ger smakprov p\u00e5 sina verk och delar med sig av sina k\u00e4nslor och tankar genom de konstn\u00e4rliga gestalter de har skapat.<\/p>\n\n<p>16.00 Konsert med Midnattsk\u00f6ren under ledning av G\u00f6sta Petersen och Skruvs s\u00e5nggrupp Slavenka under ledning av Elena Bibanina<\/p>\n\n<p>17.00-18.20 Forts\u00e4ttning av presentationen av den fj\u00e4rde antologin i serien &#8220;Fr\u00e5n hj\u00e4rta till hj\u00e4rta&#8221;, &#8220;P\u00e5 k\u00e4rlekens v\u00e5gor&#8221;.<\/p>\n\n<p>18.40 Klassisk pianokonsert med Filipp Subbotin och ART Duo (Filipp Subbotin och Yana Ryabinina), Tjeckien. Verk av Brahms, Dvorak, Slonimskij och Grieg framf\u00f6rs av Philipp Subbotin och duetten ART Duo (Philipp Subbotin och Jana Rjabinina) (Tjeckien).<\/p>\n\n<p>20.00-22.00 Avslutande middag, pris 150 kr. Under middagen har du en unik m\u00f6jlighet att tr\u00e4ffa f\u00f6rfattarna till den fj\u00e4rde boken i serien Fr\u00e5n hj\u00e4rta till hj\u00e4rta, liksom v\u00e5ra g\u00e4ster, f\u00f6rfattarna och poeterna fr\u00e5n Sydsverige, Stockholm, Moskva och pianisterna fr\u00e5n Prag. Biljetter s\u00e4ljs i Skruvs webbutik t.o.m. 20 oktober 2013.<\/p>\n\n<p>Fri entr\u00e9.<\/p>\n\n<h3 class=\"wp-block-heading\">Bokutst\u00e4llning och bokf\u00f6rs\u00e4ljning.<\/h3>\n\n<p>Fr\u00e5n kl 14 kommer b\u00f6cker att finnas till utst\u00e4llning och f\u00f6rs\u00e4ljning. Alla fyra b\u00f6ckerna i serien &#8220;Fr\u00e5n hj\u00e4rta till hj\u00e4rta&#8221; finns d\u00e5 till f\u00f6rs\u00e4ljning. Dessutom finns det en unik m\u00f6jlighet att k\u00f6pa b\u00f6cker av moderna ryska f\u00f6rfattare direkt av f\u00f6rfattarna, som kommer f\u00f6r att delta i Litteraturm\u00f6tena. Du kan f\u00e5 autograf samtidigt som du k\u00f6per boken.<\/p>\n\n<p>B\u00f6cker av f\u00f6ljande f\u00f6rfattare kommer att finnas: Nina Plaksina, Nikolai Vlassiouk, Alexander Gritsenko, Andrej Sjtjerbak-Zjukov, Alexander Mamontov, Michail Khanin med flera.<\/p>\n\n<h3 class=\"wp-block-heading\">F\u00f6ljande f\u00f6rfattare och hedersg\u00e4ster kommer<\/h3>\n\n<ul class=\"wp-block-list\"><li><strong>Aleksandr Gritsenko<\/strong> (Moskva, Ryssland). Dramatiker, romanf\u00f6rfattare, litteraturkritiker, litter\u00e4r producent, regiss\u00f6r, vinnare av olika litter\u00e4ra och teatrala utm\u00e4rkelser. S\u00e4kerhetsr\u00e5dgivare och r\u00e5dgivare f\u00f6r ekonomiska fr\u00e5gor, ordf\u00f6rande i H\u00f6gsta ekonomiska r\u00e5det f\u00f6r Moskvaavdelningen av Rysslands f\u00f6rfattarf\u00f6rbund. Kurator f\u00f6r Internationella F\u00f6rfattarf\u00f6rbundet med s\u00e4te i Moskva. Vd f\u00f6r Alexander Gritsenkos producentcentrum.<\/li><li><strong>Aleksandr Mamontov<\/strong> (Moskva, Ryssland). Medlem i Rysslands f\u00f6rfattarf\u00f6rbund och Internationella F\u00f6rfattarf\u00f6rbundet med s\u00e4te i Moskva, medlem i Poesiakademin. Filologie doktor, professor, vice-ordf\u00f6rande i Internationella Kyrillos- och Methodiosakademin f\u00f6r slavisk utbildning, ledamot i Rysslands naturvetenskapsakademi. Prefekt f\u00f6r institutionen f\u00f6r spr\u00e5kundervisningsmetodik vid Internationella slaviska h\u00f6gskolan. F\u00f6rfattare till en rad diktsamlingar och dikter i ett flertal publikationer.<\/li><li><strong>Philipp Subbotin<\/strong> (Prag, Tjeckien). Konsertpianist till yrket. Han turnerar sedan 2001 med solokonserter, med orkester och i duetter i Ryssland och i olika st\u00e4der i Europa. Han har skrivit poesi fr\u00e5n nio \u00e5rs \u00e5lder, b\u00f6rjade med prosa efter att ha blivit tjugo. Bor i Prag.<\/li><li><strong>Michail Khanin<\/strong> (Stockholm, Sverige). Pension\u00e4r och f\u00f6rfattare. Liksom de flesta f\u00f6rfattare har han en teknisk akademisk utbildning. Han har undervisat i retorik och kommunikation i S:t Petersburg. Har \u00e4ven publicerat flera b\u00f6cker i \u00e4mnet. Han arbetar f\u00f6r n\u00e4rvarande med en samling korta ber\u00e4ttelser om invandring som ska kallas &#8220;Allt kommer att bli bra&#8221; om den sv\u00e5ra situationen f\u00f6r dagens invandrare. De senaste \u00e5ren har han bott och arbetat i Stockholm.<\/li><li><strong>Andrej Shjerbak-Zhukov<\/strong> (Moskva, Ryssland). Medlem i Moskvaavdelningen av Rysslands f\u00f6rfattarf\u00f6rbund och Internationella journalistf\u00f6rbundet. \u00c5r 2010 ledde han sektionen f\u00f6r science fiction- och sagolitteratur i Moskvaavdelningen av Rysslands f\u00f6rfattarf\u00f6rbund. Just nu \u00e4r han kr\u00f6nik\u00f6r f\u00f6r Ex libris Nezavisimaja Gazeta.<\/li><\/ul>\n\n<p>\n          <em>Text: Lidia Elfstrand, Leonid Pankratov.<\/em>\n        <\/p>\n\n          \n\n          <figure class=\"wp-block-embed is-type-video is-provider-youtube wp-block-embed-youtube wp-embed-aspect-16-9 wp-has-aspect-ratio\">\n            <div class=\"wp-block-embed__wrapper\">\n<iframe title=\"Litteraturm\u00f6tena i Malm\u00f6 27 oktober 2013 * \u041b\u0438\u0442\u0435\u0440\u0430\u0442\u0443\u0440\u043d\u044b\u0435 \u0432\u0441\u0442\u0440\u0435\u0447\u0438 \u0432 \u041c\u0430\u043b\u044c\u043c\u0435 27 \u043e\u043a\u0442\u044f\u0431\u0440\u044f 2013\" width=\"720\" height=\"405\" src=\"https:\/\/www.youtube.com\/embed\/6maybgFJD7o?feature=oembed\" frameborder=\"0\" allow=\"accelerometer; autoplay; clipboard-write; encrypted-media; gyroscope; picture-in-picture; web-share\" allowfullscreen><\/iframe>\n<\/div>\n            <figcaption>Litteraturm\u00f6tena i Malm\u00f6 27 oktober 2013. Foto: Nuria B\u00f6nnemark.<\/figcaption>\n          <\/figure>\n          \n\n        \n","protected":false},"excerpt":{"rendered":"<p>S\u00e4llskapet f\u00f6r kontakter med Ryssland, Ukraina och Vitryssland (Skruv) i samarbete med ABF Malm\u00f6 inbjuder till Litteraturm\u00f6tena i Malm\u00f6.<\/p>\n","protected":false},"author":1,"featured_media":374391,"comment_status":"closed","ping_status":"open","sticky":false,"template":"","format":"standard","meta":{"_acf_changed":false,"_seopress_robots_primary_cat":"none","_seopress_titles_title":"","_seopress_titles_desc":"","_seopress_robots_index":"","_kad_post_transparent":"","_kad_post_title":"","_kad_post_layout":"","_kad_post_sidebar_id":"","_kad_post_content_style":"","_kad_post_vertical_padding":"","_kad_post_feature":"","_kad_post_feature_position":"","_kad_post_header":false,"_kad_post_footer":false,"_kad_post_classname":"","footnotes":""},"categories":[41,54],"tags":[222,177],"class_list":["post-374388","post","type-post","status-publish","format-standard","has-post-thumbnail","hentry","category-aktiviteter","category-kat-litteratur","tag-malmo","tag-tidigare"],"acf":[],"_links":{"self":[{"href":"https:\/\/skruv.nu\/be\/wp-json\/wp\/v2\/posts\/374388","targetHints":{"allow":["GET"]}}],"collection":[{"href":"https:\/\/skruv.nu\/be\/wp-json\/wp\/v2\/posts"}],"about":[{"href":"https:\/\/skruv.nu\/be\/wp-json\/wp\/v2\/types\/post"}],"author":[{"embeddable":true,"href":"https:\/\/skruv.nu\/be\/wp-json\/wp\/v2\/users\/1"}],"replies":[{"embeddable":true,"href":"https:\/\/skruv.nu\/be\/wp-json\/wp\/v2\/comments?post=374388"}],"version-history":[{"count":1,"href":"https:\/\/skruv.nu\/be\/wp-json\/wp\/v2\/posts\/374388\/revisions"}],"predecessor-version":[{"id":445797,"href":"https:\/\/skruv.nu\/be\/wp-json\/wp\/v2\/posts\/374388\/revisions\/445797"}],"wp:featuredmedia":[{"embeddable":true,"href":"https:\/\/skruv.nu\/be\/wp-json\/wp\/v2\/media\/374391"}],"wp:attachment":[{"href":"https:\/\/skruv.nu\/be\/wp-json\/wp\/v2\/media?parent=374388"}],"wp:term":[{"taxonomy":"category","embeddable":true,"href":"https:\/\/skruv.nu\/be\/wp-json\/wp\/v2\/categories?post=374388"},{"taxonomy":"post_tag","embeddable":true,"href":"https:\/\/skruv.nu\/be\/wp-json\/wp\/v2\/tags?post=374388"}],"curies":[{"name":"wp","href":"https:\/\/api.w.org\/{rel}","templated":true}]}}