{"id":374724,"date":"2015-04-26T16:00:00","date_gmt":"2015-04-26T14:00:00","guid":{"rendered":"https:\/\/skruv.nu\/okategoriserad\/forestallning-med-poeten-och-satirikern-igor-guberman-i-malmo\/"},"modified":"2024-03-20T11:26:15","modified_gmt":"2024-03-20T10:26:15","slug":"forestallning-med-poeten-och-satirikern-igor-guberman-i-malmo-26-april-2015","status":"publish","type":"post","link":"https:\/\/skruv.nu\/be\/aktiviteter\/forestallning-med-poeten-och-satirikern-igor-guberman-i-malmo-26-april-2015\/","title":{"rendered":"F\u00f6rest\u00e4llning med poeten och satirikern Igor Guberman i Malm\u00f6"},"content":{"rendered":"\n<p class=\"has-background has-medium-font-size\" style=\"background-color:#f4f4f4\">Tea\/Barbro, Ungdomens hus, Norra Skolgatan 10 a, Malm\u00f6<br\/>S\u00f6ndag 26 april 2015 kl 16.00\u201318.00<\/p>\n\n<p>Den moderna poeten och satirikern Igor Guberman \u00e4r k\u00e4nd f\u00f6r sina aforistiska fyrradiga dikter, &#8220;gariki&#8221;, talar kortfattat om vad som \u00e4r n\u00e4ra var och en av oss: om den sovjetiska och post-sovjetiska verkligheten, om kampen mellan gott och ont i m\u00e4nniskans sj\u00e4l, om vardagen och eviga v\u00e4rden. Och viktigast av allt, man tror p\u00e5 Guberman, precis som man tror p\u00e5 n\u00e5gon som har lidit ett bittert flin och \u00e4nd\u00e5 inte har blivit besviken p\u00e5 m\u00e4nniskorna.<\/p>\n\n<h2 class=\"wp-block-heading\">Biljetter<\/h2>\n\n<p>K\u00f6p biljetter i god tid i f\u00f6rv\u00e4g! F\u00f6rest\u00e4llningen \u00e4r mycket popul\u00e4r och antalet platser \u00e4r begr\u00e4nsat!<\/p>\n\n<p>Biljetter kan k\u00f6pas i Skruvs webbutik. Biljetter s\u00e4ljs till och med 25 april.<\/p>\n\n<h2 class=\"wp-block-heading\">Igor Guberman p\u00e5 Youtube<\/h2>\n\n          \n\n          <figure class=\"wp-block-embed is-type-video is-provider-youtube wp-block-embed-youtube wp-embed-aspect-4-3 wp-has-aspect-ratio\">\n            <div class=\"wp-block-embed__wrapper\">\n<iframe title=\"\u0418\u0433\u043e\u0440\u044c \u0413\u0443\u0431\u0435\u0440\u043c\u0430\u043d \u043d\u0430 \u0424\u0435\u0441\u0442\u0438\u0432\u0430\u043b\u0435 \u044e\u043c\u043e\u0440\u0430 \u0432 \u042e\u0440\u043c\u0430\u043b\u0435 2007\u0433)\" width=\"720\" height=\"540\" src=\"https:\/\/www.youtube.com\/embed\/pyVA6CRYmWE?feature=oembed\" frameborder=\"0\" allow=\"accelerometer; autoplay; clipboard-write; encrypted-media; gyroscope; picture-in-picture; web-share\" allowfullscreen><\/iframe>\n<\/div>\n          <\/figure>\n          \n\n        \n\n          \n\n          <figure class=\"wp-block-embed is-type-video is-provider-youtube wp-block-embed-youtube wp-embed-aspect-4-3 wp-has-aspect-ratio\">\n            <div class=\"wp-block-embed__wrapper\">\n<iframe title=\"\u0418\u0433\u043e\u0440\u044c \u0413\u0443\u0431\u0435\u0440\u043c\u0430\u043d.\u0421\u0442\u0438\u0445\u0438.\u0417\u0434\u043e\u0440\u043e\u0432\u044b\u0439 \u042e\u043c\u043e\u0440.\" width=\"720\" height=\"540\" src=\"https:\/\/www.youtube.com\/embed\/Pexq_K1uZ-k?feature=oembed\" frameborder=\"0\" allow=\"accelerometer; autoplay; clipboard-write; encrypted-media; gyroscope; picture-in-picture; web-share\" allowfullscreen><\/iframe>\n<\/div>\n          <\/figure>\n          \n\n        \n","protected":false},"excerpt":{"rendered":"<p>Igor Guberman framtr\u00e4der i Malm\u00f6. Programmet \u00e4r helt p\u00e5 ryska och v\u00e4nder sig till vuxna.<\/p>\n","protected":false},"author":1,"featured_media":410423,"comment_status":"closed","ping_status":"open","sticky":false,"template":"","format":"standard","meta":{"_acf_changed":false,"_seopress_robots_primary_cat":"none","_seopress_titles_title":"","_seopress_titles_desc":"","_seopress_robots_index":"","_kad_post_transparent":"","_kad_post_title":"","_kad_post_layout":"","_kad_post_sidebar_id":"","_kad_post_content_style":"","_kad_post_vertical_padding":"","_kad_post_feature":"","_kad_post_feature_position":"","_kad_post_header":false,"_kad_post_footer":false,"_kad_post_classname":"","footnotes":""},"categories":[41,54,78],"tags":[177],"class_list":["post-374724","post","type-post","status-publish","format-standard","has-post-thumbnail","hentry","category-aktiviteter","category-kat-litteratur","category-musik","tag-tidigare"],"acf":[],"_links":{"self":[{"href":"https:\/\/skruv.nu\/be\/wp-json\/wp\/v2\/posts\/374724","targetHints":{"allow":["GET"]}}],"collection":[{"href":"https:\/\/skruv.nu\/be\/wp-json\/wp\/v2\/posts"}],"about":[{"href":"https:\/\/skruv.nu\/be\/wp-json\/wp\/v2\/types\/post"}],"author":[{"embeddable":true,"href":"https:\/\/skruv.nu\/be\/wp-json\/wp\/v2\/users\/1"}],"replies":[{"embeddable":true,"href":"https:\/\/skruv.nu\/be\/wp-json\/wp\/v2\/comments?post=374724"}],"version-history":[{"count":0,"href":"https:\/\/skruv.nu\/be\/wp-json\/wp\/v2\/posts\/374724\/revisions"}],"wp:featuredmedia":[{"embeddable":true,"href":"https:\/\/skruv.nu\/be\/wp-json\/wp\/v2\/media\/410423"}],"wp:attachment":[{"href":"https:\/\/skruv.nu\/be\/wp-json\/wp\/v2\/media?parent=374724"}],"wp:term":[{"taxonomy":"category","embeddable":true,"href":"https:\/\/skruv.nu\/be\/wp-json\/wp\/v2\/categories?post=374724"},{"taxonomy":"post_tag","embeddable":true,"href":"https:\/\/skruv.nu\/be\/wp-json\/wp\/v2\/tags?post=374724"}],"curies":[{"name":"wp","href":"https:\/\/api.w.org\/{rel}","templated":true}]}}