{"id":375228,"date":"2015-10-25T14:00:00","date_gmt":"2015-10-25T13:00:00","guid":{"rendered":"https:\/\/skruv.nu\/okategoriserad\/litteraturmotena-i-malmo-2015-dag-2\/"},"modified":"2022-03-13T18:31:37","modified_gmt":"2022-03-13T17:31:37","slug":"litteraturmotena-i-malmo-2015-dag-2","status":"publish","type":"post","link":"https:\/\/skruv.nu\/be\/aktiviteter\/litteraturmotena-i-malmo-2015-dag-2\/","title":{"rendered":"Litteraturm\u00f6tena i Malm\u00f6 2015, dag 2"},"content":{"rendered":"\n<p class=\"has-background\" style=\"background-color:#f4f4f4\">Tea\/Barbro, Ungdomens hus, Norra Skolgatan 10 a, Malm\u00f6<br\/>S\u00f6ndag 25 oktober 2015 14:00-19.00<\/p>\n\n<p>Presentation av sj\u00e4tte boken i serien Fr\u00e5n hj\u00e4rta till hj\u00e4rta, &#8220;Vid tidens och \u00f6dets v\u00e4gsk\u00e4l&#8221;!<\/p>\n\n<p>Liksom f\u00f6rra \u00e5ret kommer Litteraturm\u00f6tena i Malm\u00f6 att vara fulla av intressanta evenemang, d\u00e4ribland m\u00f6ten och informellt umg\u00e4nge med f\u00f6rfattare, poeter, journalister och m\u00e4nniskor fr\u00e5n olika l\u00e4nder som helt enkelt \u00e4r intresserade av litteratur.<\/p>\n\n<h2 class=\"wp-block-heading\">Program f\u00f6r Litteraturm\u00f6tena 25 oktober<\/h2>\n\n<p>14.00 Poesins bal, musik- och poesif\u00f6rest\u00e4llning. Rustem Galitch, ordets konstn\u00e4r, Valeri Likhatchev, gitarr.<br\/>16.00-19.00 Presentation av sj\u00e4tte boken i serien Fr\u00e5n hj\u00e4rta till hj\u00e4rta, &#8220;Vid tidens och \u00f6dets v\u00e4gsk\u00e4l&#8221;. Tolkning till svenska. Fri entr\u00e9.<\/p>\n\n<p>Kafeterian i foaj\u00e9n (kl. 14.00\u201318.00 ): Te, kaffe och ryskinspirerade matr\u00e4tter (blinier, tjebureki m.m.) fr\u00e5n bageriet Karamel. Endast kontant betalning!<\/p>\n\n<p>Bokutst\u00e4llning bokf\u00f6rs\u00e4ljning (kl. 14.00\u201318.00). Endast kontant betalning!<\/p>\n\n<p>Programmet f\u00f6r 24 oktober finns <a href=\"https:\/\/skruv.nu\/aktiviteter\/litteraturmotena-i-malmo-2015-dag-1\/\" data-type=\"post\" data-id=\"375194\">h\u00e4r<\/a>.<\/p>\n","protected":false},"excerpt":{"rendered":"<p>Skruv (S\u00e4llskapet f\u00f6r kontakter med Ryssland, Ukraina och Vitryssland) i samarbete med ABF Malm\u00f6, Ryska Riksf\u00f6rbundet i Sverige och Vera Sagers stiftelse inbjuder till Litteraturm\u00f6tena i Malm\u00f6 24-25 oktober 2015.<\/p>\n","protected":false},"author":1,"featured_media":422786,"comment_status":"closed","ping_status":"open","sticky":false,"template":"","format":"standard","meta":{"_acf_changed":false,"_seopress_robots_primary_cat":"none","_seopress_titles_title":"","_seopress_titles_desc":"","_seopress_robots_index":"","_kad_post_transparent":"","_kad_post_title":"","_kad_post_layout":"","_kad_post_sidebar_id":"","_kad_post_content_style":"","_kad_post_vertical_padding":"","_kad_post_feature":"","_kad_post_feature_position":"","_kad_post_header":false,"_kad_post_footer":false,"_kad_post_classname":"","footnotes":""},"categories":[41,54],"tags":[222,177],"class_list":["post-375228","post","type-post","status-publish","format-standard","has-post-thumbnail","hentry","category-aktiviteter","category-kat-litteratur","tag-malmo","tag-tidigare"],"acf":[],"_links":{"self":[{"href":"https:\/\/skruv.nu\/be\/wp-json\/wp\/v2\/posts\/375228","targetHints":{"allow":["GET"]}}],"collection":[{"href":"https:\/\/skruv.nu\/be\/wp-json\/wp\/v2\/posts"}],"about":[{"href":"https:\/\/skruv.nu\/be\/wp-json\/wp\/v2\/types\/post"}],"author":[{"embeddable":true,"href":"https:\/\/skruv.nu\/be\/wp-json\/wp\/v2\/users\/1"}],"replies":[{"embeddable":true,"href":"https:\/\/skruv.nu\/be\/wp-json\/wp\/v2\/comments?post=375228"}],"version-history":[{"count":0,"href":"https:\/\/skruv.nu\/be\/wp-json\/wp\/v2\/posts\/375228\/revisions"}],"wp:featuredmedia":[{"embeddable":true,"href":"https:\/\/skruv.nu\/be\/wp-json\/wp\/v2\/media\/422786"}],"wp:attachment":[{"href":"https:\/\/skruv.nu\/be\/wp-json\/wp\/v2\/media?parent=375228"}],"wp:term":[{"taxonomy":"category","embeddable":true,"href":"https:\/\/skruv.nu\/be\/wp-json\/wp\/v2\/categories?post=375228"},{"taxonomy":"post_tag","embeddable":true,"href":"https:\/\/skruv.nu\/be\/wp-json\/wp\/v2\/tags?post=375228"}],"curies":[{"name":"wp","href":"https:\/\/api.w.org\/{rel}","templated":true}]}}