{"id":375366,"date":"2014-09-04T00:00:00","date_gmt":"2014-09-03T22:00:00","guid":{"rendered":"https:\/\/skruv.nu\/okategoriserad\/rysksprakig-familjerattskonferens-i-malmo\/"},"modified":"2024-02-08T21:27:00","modified_gmt":"2024-02-08T20:27:00","slug":"rysksprakig-familjerattskonferens-i-malmo","status":"publish","type":"post","link":"https:\/\/skruv.nu\/be\/aktiviteter\/rysksprakig-familjerattskonferens-i-malmo\/","title":{"rendered":"Ryskspr\u00e5kig familjer\u00e4ttskonferens i Malm\u00f6"},"content":{"rendered":"\n<p>Konferensen arrangeras av Fonden f\u00f6r st\u00f6d och f\u00f6rsvar av m\u00e4nskliga r\u00e4ttigheter f\u00f6r utlandsryssar (Ryssland) och Slaviska kulturf\u00f6rbundet (Stockholm) med st\u00f6d av Ryska riksf\u00f6rbundet i Sverige, Rusmedia, Skruv, Ladja och Roliga h\u00f6rnan. Konferensen behandlar barns och familjers r\u00e4ttigheter med fokus p\u00e5 m\u00e4nniskor med utl\u00e4ndsk bakgrund. P\u00e5 konferensen h\u00e5lls f\u00f6rel\u00e4sningar om de grundl\u00e4ggande lagarna som styr familjerelationer i Sverige och om integrationen av familjer i Sverige. I konferensen deltar talare fr\u00e5n bl.a. Arbetsf\u00f6rmedlingen, socialkontoret, f\u00f6rs\u00e4kringsbolag, sjukv\u00e5rden och skolv\u00e4rlden.<\/p>\n\n<p>Till konferensen inbjuds rysktalande deltagare fr\u00e5n hela Sverige.<\/p>\n\n<p>Video- och fotodokumentation kommer att ske.<\/p>\n\n<p>Anm\u00e4lan g\u00f6rs l\u00e4ngst ner p\u00e5 den h\u00e4r sidan.<\/p>\n\n<h2 class=\"wp-block-heading\">Prelimin\u00e4rt program<\/h2>\n\n<h3 class=\"wp-block-heading\">Torsdag 4 september<\/h3>\n\n<p>Ankomst till Malm\u00f6 (f\u00f6r tillresande konferensdeltagare).<\/p>\n\n<h3 class=\"wp-block-heading\">Fredag 5 september<\/h3>\n\n<ul class=\"wp-block-list\">\n<li>09.00 Avresa till Lund.<\/li>\n\n\n\n<li>10.00\u201312.00 Bes\u00f6k p\u00e5 Raoul Wallenberginstitutet f\u00f6r m\u00e4nskliga r\u00e4ttigheter och humanit\u00e4r r\u00e4tt.<\/li>\n\n\n\n<li>Lunch (ing\u00e5r f\u00f6r konferensdeltagare).<\/li>\n\n\n\n<li>14.00\u201317.00 Seminarium i Malm\u00f6. Ekaterina Tikhonova Sernemar, rektor f\u00f6r Ryska skolan i G\u00f6teborg. Nina Kret, bitr\u00e4dande rektor f\u00f6r Ryska skolan i G\u00f6teborg. R\u00e4ttigheter och skyldigheter i familjen.<\/li>\n<\/ul>\n\n<h3 class=\"wp-block-heading\">L\u00f6rdag 6 september<\/h3>\n\n<p>10.00\u201312.00 Konferens i Malm\u00f6.<\/p>\n\n<ul class=\"wp-block-list\">\n<li>Lioudmila Siegel, ordf\u00f6rande i Ryska riksf\u00f6rbundet i Sverige. Konferensens \u00f6ppnande.<\/li>\n\n\n\n<li>Fonden f\u00f6r st\u00f6d och f\u00f6rsvar av m\u00e4nskliga r\u00e4ttigheter f\u00f6r utlandsryssar<\/li>\n\n\n\n<li>Lioudmila Siegel. I vilken m\u00e5n \u00e4r ryssar integrerade i Sverige?<\/li>\n\n\n\n<li>Dmitri Doulianinov, jurist. S\u00e4rskilda juridiska fall i familjer\u00e4tt inom bland\u00e4ktenskap i Sverige.<\/li>\n\n\n\n<li>Irina Nordin, socialtj\u00e4nsteman. Barn i familjen.<\/li>\n\n\n\n<li>Tatiana Miralm. Folksam.<\/li>\n\n\n\n<li>Lilia Ismaguilova Werachanya, l\u00e4kare. Patientens r\u00e4ttigheter i Sverige.<\/li>\n<\/ul>\n\n<p>Lunch (ing\u00e5r f\u00f6r konferensdeltagare).<\/p>\n\n<p>Under eftermiddagen (13.00\u201317.00) ordnas ett s\u00e4rskilt program f\u00f6r ungdomar: Rundabordssamtal med Jurij Sokolovskij, jurist. <a href=\"https:\/\/skruv.nu\/aktiviteter\/forum-for-rysktalande-ungdomar-i-malmo-6-september-2014\/\" data-type=\"post\" data-id=\"375347\" target=\"_blank\" rel=\"noreferrer noopener\">Se denna sida f\u00f6r detaljer och anm\u00e4lan.<\/a><\/p>\n\n<p>13.00\u201316.00 Konferens i Malm\u00f6, forts.<\/p>\n\n<ul class=\"wp-block-list\">\n<li>Olga \u00d6hgren, tolk. Interaktion med tolk under kommunikation med allm\u00e4nheten, sociala och r\u00e4ttsliga myndigheter.<\/li>\n\n\n\n<li>Valentina S\u00f6dergren, Arbetsf\u00f6rmedlingen.<\/li>\n\n\n\n<li>Ekaterina Tikhonova Sernemar, rektor f\u00f6r Ryska skolan i G\u00f6teborg. Nina Kret, bitr\u00e4dande rektor f\u00f6r Ryska skolan i G\u00f6teborg. Familjers integration i det svenska samh\u00e4llet.<\/li>\n<\/ul>\n\n<p>16.45\u201318.45 Stadsrundvandring i Malm\u00f6.<\/p>\n\n<ul class=\"wp-block-list\">\n<li>Konferensdeltagarna erbjuds att bekanta sig med Malm\u00f6 under en tv\u00e5timmars rundvandring i staden ledd av guiden Helena Tomasson.<\/li>\n<\/ul>\n\n<p>18.30\u201323.00 Konferensmiddag i Malm\u00f6.<\/p>\n\n<ul class=\"wp-block-list\">\n<li>Skruv \u00e4r v\u00e4rd f\u00f6r konferensmiddagen. F\u00f6rutom mat och dryck bjuder vi p\u00e5 sp\u00e4nnande underh\u00e5llning och kortare f\u00f6redrag. Se nedan.<\/li>\n\n\n\n<li>F\u00f6r konferensdeltagare ing\u00e5r middagen, men s\u00e4rskild anm\u00e4lan kr\u00e4vs.<\/li>\n\n\n\n<li>F\u00f6r icke-konferensdeltagare \u00e4r priset f\u00f6r middagen 100 kr (50 kr f\u00f6r Skruvmedlem). Anm\u00e4lan i f\u00f6rv\u00e4g till info@skruv.org. Betalning sker p\u00e5 plats.<\/li>\n<\/ul>\n\n<h4 class=\"wp-block-heading\">Program f\u00f6r middagen<\/h4>\n\n<p>Konferencier: Svetlana Kniazeva. Under hela kv\u00e4llen finns den ryska butiken Baraban p\u00e5 plats och erbjuder f\u00f6rs\u00e4ljning av sina varor.<\/p>\n\n<ul class=\"wp-block-list\">\n<li>18.00 Inleds kv\u00e4llen med te, kaffe och m\u00f6jlighet att umg\u00e5s. D\u00e4refter f\u00f6ljer f\u00f6ljande programpunkter:<\/li>\n\n\n\n<li>Allan Widman, riksdagsledamot f\u00f6r Folkpartiet liberalerna, h\u00e5ller ett anf\u00f6rande med anknytning till konferensens \u00e4mnesomr\u00e5den<\/li>\n\n\n\n<li>Middag \u2013 kall buff\u00e9, te, kaffe<\/li>\n\n\n\n<li>Niklas B\u00f6nnemark, vice ordf\u00f6rande i Skruv, h\u00e4lsar v\u00e4lkomna till middagen<\/li>\n\n\n\n<li>Med Ulf Paulis hj\u00e4lp f\u00e5r vi l\u00e4ra oss lite om Sk\u00e5ne<\/li>\n\n\n\n<li>Skruvs s\u00e5nggrupp Sl\u00e1venka framtr\u00e4der<\/li>\n\n\n\n<li>Elena Bibanina sjunger till eget gitarrackompanjemang<\/li>\n\n\n\n<li>Alls\u00e5ng<\/li>\n\n\n\n<li>Sergej Kapiev sjunger till eget gitarrackompanjemang<\/li>\n\n\n\n<li>Larissa Jigarova och Vladimir Jigarov spelar piano<\/li>\n\n\n\n<li>Disko. Kv\u00e4llen avslutas kl. 23.00.<\/li>\n<\/ul>\n\n<h3 class=\"wp-block-heading\">S\u00f6ndag 7 september<\/h3>\n\n<p>10.00\u201312.00 Diskussionsdag.<\/p>\n\n<ul class=\"wp-block-list\">\n<li>Valentina S\u00f6dergren, Arbetsf\u00f6rmedlingen. Program f\u00f6r ungdomar.<\/li>\n\n\n\n<li>Ekaterina Tikhonova Sernemar, rektor f\u00f6r Ryska skolan i G\u00f6teborg. Nina Kret, bitr\u00e4dande rektor f\u00f6r Ryska skolan i G\u00f6teborg. Diskussion och \u00f6vning: Hur g\u00f6r man sig f\u00f6rst\u00e5dd n\u00e4r man framf\u00f6r en \u00e5sikt, ett problem eller en fr\u00e5ga f\u00f6r en svensk tj\u00e4nsteman, l\u00e4rare eller jurist?<\/li>\n<\/ul>\n\n<p>12.00\u2013\u2026 Diskussion om konferensens resultat.<\/p>\n\n<h3 class=\"wp-block-heading\">M\u00e5ndag 8 september<\/h3>\n\n<p>Hemresedag (g\u00e4ller tillresande).<\/p>\n\n<p>\n          <em>Med reservation f\u00f6r \u00e4ndringar i programmet.<\/em>\n        <\/p>\n\n<h2 class=\"wp-block-heading\">Anm\u00e4lan<\/h2>\n\n<p>Deltagande i konferensen \u00e4r kostnadsfritt, liksom boende f\u00f6r dem som reser l\u00e5ngv\u00e4ga. Antalet deltagare \u00e4r begr\u00e4nsat. Anm\u00e4lan kunde g\u00f6ras nederst p\u00e5 denna sida t.o.m. 20 augusti. Deltagande i konferensen \u00e4r kostnadsfritt, liksom boende f\u00f6r dem som reser l\u00e5ngv\u00e4ga. Antalet deltagare \u00e4r begr\u00e4nsat.<\/p>\n\n<h2 class=\"wp-block-heading\">Avanm\u00e4lan<\/h2>\n\n<p>Avanm\u00e4lan g\u00f6rs via e-post till pravosweden@hotmail.com. Avanm\u00e4lan kan g\u00f6ras kostnadsfritt f\u00f6re 20 augusti 2014. Vid senare avanm\u00e4lan debiteras avgift f\u00f6r m\u00e5ltider.<\/p>\n\n<h2 class=\"wp-block-heading\">Mer information<\/h2>\n\n<p>F\u00f6r mer information kontakta de konferensansvariga p\u00e5 e-postadress pravosweden@hotmail.com eller telefon 076-285 92 97.<\/p>\n\n<p class=\"has-theme-palette-9-color has-theme-palette-3-background-color has-text-color has-background\">En rapport om konferensen finns att l\u00e4sa p\u00e5 http:\/\/media.pravfond.se\/2015\/06\/Rurik_Booklet_Prava_15_Web-1.pdf.<\/p>\n","protected":false},"excerpt":{"rendered":"<p>Den nationella ryskspr\u00e5kiga konferensen &#8220;Koll p\u00e5 v\u00e5ra r\u00e4ttigheter \u2013 familj och barn&#8221; anordnas i Malm\u00f6 4\u20138 september 2014.<\/p>\n","protected":false},"author":1,"featured_media":366649,"comment_status":"closed","ping_status":"open","sticky":false,"template":"","format":"standard","meta":{"_acf_changed":false,"_seopress_robots_primary_cat":"none","_seopress_titles_title":"","_seopress_titles_desc":"","_seopress_robots_index":"","_kad_post_transparent":"","_kad_post_title":"","_kad_post_layout":"","_kad_post_sidebar_id":"","_kad_post_content_style":"","_kad_post_vertical_padding":"","_kad_post_feature":"","_kad_post_feature_position":"","_kad_post_header":false,"_kad_post_footer":false,"_kad_post_classname":"","footnotes":""},"categories":[41,77],"tags":[222,177],"class_list":["post-375366","post","type-post","status-publish","format-standard","has-post-thumbnail","hentry","category-aktiviteter","category-ovrigt","tag-malmo","tag-tidigare"],"acf":[],"_links":{"self":[{"href":"https:\/\/skruv.nu\/be\/wp-json\/wp\/v2\/posts\/375366","targetHints":{"allow":["GET"]}}],"collection":[{"href":"https:\/\/skruv.nu\/be\/wp-json\/wp\/v2\/posts"}],"about":[{"href":"https:\/\/skruv.nu\/be\/wp-json\/wp\/v2\/types\/post"}],"author":[{"embeddable":true,"href":"https:\/\/skruv.nu\/be\/wp-json\/wp\/v2\/users\/1"}],"replies":[{"embeddable":true,"href":"https:\/\/skruv.nu\/be\/wp-json\/wp\/v2\/comments?post=375366"}],"version-history":[{"count":0,"href":"https:\/\/skruv.nu\/be\/wp-json\/wp\/v2\/posts\/375366\/revisions"}],"wp:featuredmedia":[{"embeddable":true,"href":"https:\/\/skruv.nu\/be\/wp-json\/wp\/v2\/media\/366649"}],"wp:attachment":[{"href":"https:\/\/skruv.nu\/be\/wp-json\/wp\/v2\/media?parent=375366"}],"wp:term":[{"taxonomy":"category","embeddable":true,"href":"https:\/\/skruv.nu\/be\/wp-json\/wp\/v2\/categories?post=375366"},{"taxonomy":"post_tag","embeddable":true,"href":"https:\/\/skruv.nu\/be\/wp-json\/wp\/v2\/tags?post=375366"}],"curies":[{"name":"wp","href":"https:\/\/api.w.org\/{rel}","templated":true}]}}