{"id":376111,"date":"2019-05-19T14:00:00","date_gmt":"2019-05-19T12:00:00","guid":{"rendered":"https:\/\/skruv.nu\/okategoriserad\/lasarsavslutning-pa-skruvs-barnverksamhet-i-malmo\/"},"modified":"2024-03-28T19:12:50","modified_gmt":"2024-03-28T18:12:50","slug":"lasarsavslutning-pa-skruvs-barnverksamhet-i-malmo","status":"publish","type":"post","link":"https:\/\/skruv.nu\/be\/aktiviteter\/barn\/barn-malmo\/lasarsavslutning-pa-skruvs-barnverksamhet-i-malmo\/","title":{"rendered":"L\u00e4s\u00e5rsavslutning p\u00e5 Skruvs barnverksamhet i Malm\u00f6"},"content":{"rendered":"\n<p class=\"has-background has-medium-font-size\" style=\"background-color:#f4f4f4\">Studiefr\u00e4mjandet, Ystadsgatan 53, Malm\u00f6<br\/>S\u00f6ndag 19 maj 2019 kl 14.00<\/p>\n\n<p>F\u00f6rest\u00e4llningen b\u00f6rjar kl 14.00.<\/p>\n\n<p>Efter f\u00f6rest\u00e4llningen blir det fika, s\u00e5 ta g\u00e4rna med n\u00e5got att bjuda p\u00e5. Det blir te och glada samtal.<\/p>\n","protected":false},"excerpt":{"rendered":"<p>V\u00e4lkommna till firande! Vi samlas p\u00e5 Ystadsgatan 53 (d\u00e4r vi h\u00e5ller v\u00e5ra vanliga lektioner), p\u00e5 f\u00f6rsta v\u00e5ningen i stora salen, kl 13.40 (om ni inte har f\u00e5tt n\u00e5gon annan information om repetitioner).<\/p>\n","protected":false},"author":1,"featured_media":440311,"comment_status":"closed","ping_status":"open","sticky":false,"template":"","format":"standard","meta":{"_acf_changed":false,"_seopress_robots_primary_cat":"none","_seopress_titles_title":"","_seopress_titles_desc":"","_seopress_robots_index":"","_kad_post_transparent":"","_kad_post_title":"","_kad_post_layout":"","_kad_post_sidebar_id":"","_kad_post_content_style":"","_kad_post_vertical_padding":"","_kad_post_feature":"","_kad_post_feature_position":"","_kad_post_header":false,"_kad_post_footer":false,"_kad_post_classname":"","footnotes":""},"categories":[41,32],"tags":[222,177],"class_list":["post-376111","post","type-post","status-publish","format-standard","has-post-thumbnail","hentry","category-aktiviteter","category-barn-malmo","tag-malmo","tag-tidigare"],"acf":[],"_links":{"self":[{"href":"https:\/\/skruv.nu\/be\/wp-json\/wp\/v2\/posts\/376111","targetHints":{"allow":["GET"]}}],"collection":[{"href":"https:\/\/skruv.nu\/be\/wp-json\/wp\/v2\/posts"}],"about":[{"href":"https:\/\/skruv.nu\/be\/wp-json\/wp\/v2\/types\/post"}],"author":[{"embeddable":true,"href":"https:\/\/skruv.nu\/be\/wp-json\/wp\/v2\/users\/1"}],"replies":[{"embeddable":true,"href":"https:\/\/skruv.nu\/be\/wp-json\/wp\/v2\/comments?post=376111"}],"version-history":[{"count":0,"href":"https:\/\/skruv.nu\/be\/wp-json\/wp\/v2\/posts\/376111\/revisions"}],"wp:featuredmedia":[{"embeddable":true,"href":"https:\/\/skruv.nu\/be\/wp-json\/wp\/v2\/media\/440311"}],"wp:attachment":[{"href":"https:\/\/skruv.nu\/be\/wp-json\/wp\/v2\/media?parent=376111"}],"wp:term":[{"taxonomy":"category","embeddable":true,"href":"https:\/\/skruv.nu\/be\/wp-json\/wp\/v2\/categories?post=376111"},{"taxonomy":"post_tag","embeddable":true,"href":"https:\/\/skruv.nu\/be\/wp-json\/wp\/v2\/tags?post=376111"}],"curies":[{"name":"wp","href":"https:\/\/api.w.org\/{rel}","templated":true}]}}