{"id":376230,"date":"2014-05-10T14:30:00","date_gmt":"2014-05-10T12:30:00","guid":{"rendered":"https:\/\/skruv.nu\/okategoriserad\/ryska-klubben-i-malmo-tema-krigsslutet-2\/"},"modified":"2023-02-12T10:47:43","modified_gmt":"2023-02-12T09:47:43","slug":"ryska-klubben-i-malmo-tema-krigsslutet-2","status":"publish","type":"post","link":"https:\/\/skruv.nu\/be\/aktiviteter\/ryska-klubben-i-malmo-tema-krigsslutet-2\/","title":{"rendered":"Ryska klubben i Malm\u00f6, tema krigsslutet"},"content":{"rendered":"\n<p class=\"has-base-background-color has-background has-medium-font-size\">Sal 11, Ungdomens hus, Torpgatan 21, Malm\u00f6<br\/>L\u00f6rdag 10 maj 2014 kl 14.30\u201320.00<\/p>\n\n<p>Vi inbjuder alla att uppm\u00e4rksamma krigsslutet och minnas den stora segern och alla dem som fick s\u00e4tta livet till i kampen mot nazismen. En glad h\u00f6gtid med stort allvar bakom.<\/p>\n\n<p>P\u00e5 programmet st\u00e5r:<\/p>\n\n<ul class=\"wp-block-list\">\n<li>fotoutst\u00e4llning<\/li>\n\n\n\n<li>framtr\u00e4dande av Skruvs s\u00e5nggrupp Sl\u00e1venka<\/li>\n\n\n\n<li>alls\u00e5ng<\/li>\n\n\n\n<li>f\u00e4ltkok<\/li>\n\n\n\n<li>kaffe, te, kakor (andra drycker f\u00e5r tas med)<\/li>\n\n\n\n<li>trevligt umg\u00e4nge, f\u00f6retr\u00e4desvis p\u00e5 ryska<\/li>\n\n\n\n<li>under hela tr\u00e4ffen spelas musik fr\u00e5n krigs\u00e5ren och s\u00e5nger om kriget.<\/li>\n<\/ul>\n\n<p>Spr\u00e5k: huvudsakligen ryska.<\/p>\n\n<p>Entr\u00e9: 100 kr (50 kr f\u00f6r Skruvmedlemmar). I entr\u00e9avgiften ing\u00e5r kaffe\/te, mat fr\u00e5n f\u00e4ltkoket och hembakt.<\/p>\n\n<p>\n          <em>Detta \u00e4r ett Skruvevenemang i samarbete med ABF.<\/em>\n        <\/p>\n\n<div class=\"wp-block-group has-base-3-color has-contrast-background-color has-text-color has-background is-layout-flow wp-block-group-is-layout-flow\">\n<h2 class=\"has-base-3-color has-text-color wp-block-heading\">Den 10 maj 2014 firades Segerdagen i Skruv<\/h2>\n\n\n\n<p>Fotoutst\u00e4llningen som utlovades i programmet hade utvidgats och kompletterats med milit\u00e4ra utm\u00e4rkelser och dokument fr\u00e5n privata samlingar fr\u00e5n tiden f\u00f6r andra v\u00e4rldskriget p\u00e5 \u00f6stfronten.<\/p>\n\n\n\n<p>Programmet leddes av Svetlana Kniazeva, och hon gjorde det som alltid med den \u00e4ran. Den litter\u00e4ra och musikaliska kompositionen &#8220;En h\u00f6gtid med t\u00e5rar i \u00f6gonen&#8221;, iscensatt under ledning av Viktoria Axelson, l\u00e4mnade ingen likgiltig: texter fr\u00e5n Okudzjava, Simonov, Sjaferan l\u00e4t s\u00e5 hj\u00e4rtliga och alarmerande&#8230; Tio\u00e5rige Andreas Nicolaidis avslutade den f\u00f6rsta delen av programmet med att framf\u00f6ra s\u00e5ngen Zjuravl\u00ed (Tranorna).<\/p>\n\n\n\n<p>F\u00e4ltkoket v\u00e4ntade redan p\u00e5 publiken n\u00e4r det blev paus. Kl\u00e4dd i milit\u00e4rskjorta och b\u00e5tm\u00f6ssa delade Ludmila Kaliles ut gr\u00f6t. F\u00e4ltk\u00f6ksransonen, bovetegr\u00f6t med stuvat k\u00f6tt och svartbr\u00f6d med ister, f\u00f6rst\u00e4rktes med sill och potatis, och naturligtvis mjuka pepparkakor och sm\u00e5 br\u00f6dringar. Lidia G\u00f6ransson s\u00e5g till att de f\u00f6rsamlade fick kaffebr\u00f6d.<\/p>\n\n\n\n<p>S\u00e5nggruppen Slavenka under ledning av Elena Bibanina framf\u00f6rde ett medley p\u00e5 temat milit\u00e4ra s\u00e5nger och f\u00e4ngslade \u00e5terigen publiken med sin entusiasm, n\u00e4r de bj\u00f6d publiken p\u00e5 s\u00e5ngen om K\u00fazia. Senare, till ackompanjemang av Janna Sernerup och Elena Bibanina, sj\u00f6ngs oerh\u00f6rt m\u00e5nga l\u00e5tar tillsammans. Det ganska tjocka s\u00e5ngh\u00e4ftet, sammanst\u00e4llt f\u00f6r denna dag av Oxana Hall-Wilton, visade sig vara alldeles f\u00f6r litet, och sedan sj\u00f6ngs det s\u00e5nger ur minnet.<\/p>\n\n\n\n<p>Den sista delen av programmet leddes av Viktoria Axelson. Det dansades och sj\u00f6ngs med i s\u00e5ngerna fr\u00e5n krigs\u00e5ren och fr\u00e5n mellankrigstiden. Niklas B\u00f6nnemark stod f\u00f6r tekniken under evenemanget. Medlemmarna i Skruv och g\u00e4sterna hedrade offrens minne och uttryckte tacksamhet mot soldaterna som \u00f6verlevde kriget och gav oss en fredlig himmel under m\u00e5nga \u00e5r.<\/p>\n\n\n\n<p>Och avslutningsvis lyckades alla tillsammans, enligt traditionen, sjunga och dansa. Stort tack till alla arrang\u00f6rer och g\u00e4ster p\u00e5 h\u00f6gtiden f\u00f6r v\u00e4rmen och st\u00e4mningen vid denna sv\u00e5ra tid f\u00f6r oss alla.<\/p>\n<\/div>\n","protected":false},"excerpt":{"rendered":"<p>Dags igen f\u00f6r en tr\u00e4ff i Ryska klubben i Skruv, den h\u00e4r g\u00e5ngen p\u00e5 temat \u201cSegerdagen\u201d, det vill s\u00e4ga slutet av andra v\u00e4rldskriget p\u00e5 \u00f6stfronten.<\/p>\n","protected":false},"author":1,"featured_media":410402,"comment_status":"closed","ping_status":"open","sticky":false,"template":"","format":"standard","meta":{"_acf_changed":false,"_seopress_robots_primary_cat":"none","_seopress_titles_title":"","_seopress_titles_desc":"","_seopress_robots_index":"","_kad_post_transparent":"","_kad_post_title":"","_kad_post_layout":"","_kad_post_sidebar_id":"","_kad_post_content_style":"","_kad_post_vertical_padding":"","_kad_post_feature":"","_kad_post_feature_position":"","_kad_post_header":false,"_kad_post_footer":false,"_kad_post_classname":"","footnotes":""},"categories":[41,75,62],"tags":[222,177],"class_list":["post-376230","post","type-post","status-publish","format-standard","has-post-thumbnail","hentry","category-aktiviteter","category-sallskapsklubbar","category-sang","tag-malmo","tag-tidigare"],"acf":[],"_links":{"self":[{"href":"https:\/\/skruv.nu\/be\/wp-json\/wp\/v2\/posts\/376230","targetHints":{"allow":["GET"]}}],"collection":[{"href":"https:\/\/skruv.nu\/be\/wp-json\/wp\/v2\/posts"}],"about":[{"href":"https:\/\/skruv.nu\/be\/wp-json\/wp\/v2\/types\/post"}],"author":[{"embeddable":true,"href":"https:\/\/skruv.nu\/be\/wp-json\/wp\/v2\/users\/1"}],"replies":[{"embeddable":true,"href":"https:\/\/skruv.nu\/be\/wp-json\/wp\/v2\/comments?post=376230"}],"version-history":[{"count":0,"href":"https:\/\/skruv.nu\/be\/wp-json\/wp\/v2\/posts\/376230\/revisions"}],"wp:featuredmedia":[{"embeddable":true,"href":"https:\/\/skruv.nu\/be\/wp-json\/wp\/v2\/media\/410402"}],"wp:attachment":[{"href":"https:\/\/skruv.nu\/be\/wp-json\/wp\/v2\/media?parent=376230"}],"wp:term":[{"taxonomy":"category","embeddable":true,"href":"https:\/\/skruv.nu\/be\/wp-json\/wp\/v2\/categories?post=376230"},{"taxonomy":"post_tag","embeddable":true,"href":"https:\/\/skruv.nu\/be\/wp-json\/wp\/v2\/tags?post=376230"}],"curies":[{"name":"wp","href":"https:\/\/api.w.org\/{rel}","templated":true}]}}