{"id":377626,"date":"2010-01-24T00:00:00","date_gmt":"2010-01-23T23:00:00","guid":{"rendered":"https:\/\/skruv.nu\/?p=377626"},"modified":"2022-01-24T11:49:21","modified_gmt":"2022-01-24T10:49:21","slug":"lektioner-pa-skruvs-barnverksamhet-i-malmo-2","status":"publish","type":"post","link":"https:\/\/skruv.nu\/be\/aktiviteter\/barn\/barn-malmo\/lektioner-pa-skruvs-barnverksamhet-i-malmo-2\/","title":{"rendered":"Lektioner p\u00e5 Skruvs barnverksamhet i Malm\u00f6 med bes\u00f6k av dagstidning"},"content":{"rendered":"\n<p class=\"has-background has-medium-font-size\" style=\"background-color:#f4f4f4\">ABF Malm\u00f6, Sp\u00e5nehusv\u00e4gen 47, Malm\u00f6<br>S\u00f6ndag 24 januari 2010<\/p>\n\n\n\n<div class=\"wp-block-group has-vit-color has-primar-background-color has-text-color has-background is-layout-flow wp-block-group-is-layout-flow\">\n<h2 class=\"has-vit-color has-text-color wp-block-heading\">Sydsvenskan 25 januari 2010<\/h2>\n\n\n\n<p>S\u00f6ndagen den 24 januari hade Skruvs barnverksamhet bes\u00f6k av en journalist och en fotograf fr\u00e5n tidningen Sydsvenskan, och den 25 januari fanns en stor artikel med foton i tidningen.<\/p>\n\n\n\n<figure class=\"wp-block-image size-full\"><img fetchpriority=\"high\" decoding=\"async\" width=\"1163\" height=\"2560\" src=\"https:\/\/skruv.nu\/wp-content\/uploads\/2010\/01\/sydsvenskans_artikel_1-scaled.jpg\" alt=\"tidningsartikel\" class=\"wp-image-377653\" srcset=\"https:\/\/skruv.nu\/wp-content\/uploads\/2010\/01\/sydsvenskans_artikel_1-scaled.jpg 1163w, https:\/\/skruv.nu\/wp-content\/uploads\/2010\/01\/sydsvenskans_artikel_1-136x300.jpg 136w, https:\/\/skruv.nu\/wp-content\/uploads\/2010\/01\/sydsvenskans_artikel_1-465x1024.jpg 465w, https:\/\/skruv.nu\/wp-content\/uploads\/2010\/01\/sydsvenskans_artikel_1-68x150.jpg 68w, https:\/\/skruv.nu\/wp-content\/uploads\/2010\/01\/sydsvenskans_artikel_1-768x1690.jpg 768w, https:\/\/skruv.nu\/wp-content\/uploads\/2010\/01\/sydsvenskans_artikel_1-698x1536.jpg 698w, https:\/\/skruv.nu\/wp-content\/uploads\/2010\/01\/sydsvenskans_artikel_1-930x2048.jpg 930w\" sizes=\"(max-width: 1163px) 100vw, 1163px\" \/><figcaption>Ur Sydsvenskan 25 januari 2010.<\/figcaption><\/figure>\n<\/div>\n","protected":false},"excerpt":{"rendered":"<p>Skruv h\u00e5ller lektioner p\u00e5 barnverksamheten i Malm\u00f6.<\/p>\n","protected":false},"author":1,"featured_media":377632,"comment_status":"closed","ping_status":"open","sticky":false,"template":"","format":"standard","meta":{"_acf_changed":false,"_seopress_robots_primary_cat":"none","_seopress_titles_title":"","_seopress_titles_desc":"","_seopress_robots_index":"","_kad_post_transparent":"","_kad_post_title":"","_kad_post_layout":"","_kad_post_sidebar_id":"","_kad_post_content_style":"","_kad_post_vertical_padding":"","_kad_post_feature":"","_kad_post_feature_position":"","_kad_post_header":false,"_kad_post_footer":false,"_kad_post_classname":"","footnotes":""},"categories":[41,32],"tags":[222,177],"class_list":["post-377626","post","type-post","status-publish","format-standard","has-post-thumbnail","hentry","category-aktiviteter","category-barn-malmo","tag-malmo","tag-tidigare"],"acf":[],"_links":{"self":[{"href":"https:\/\/skruv.nu\/be\/wp-json\/wp\/v2\/posts\/377626","targetHints":{"allow":["GET"]}}],"collection":[{"href":"https:\/\/skruv.nu\/be\/wp-json\/wp\/v2\/posts"}],"about":[{"href":"https:\/\/skruv.nu\/be\/wp-json\/wp\/v2\/types\/post"}],"author":[{"embeddable":true,"href":"https:\/\/skruv.nu\/be\/wp-json\/wp\/v2\/users\/1"}],"replies":[{"embeddable":true,"href":"https:\/\/skruv.nu\/be\/wp-json\/wp\/v2\/comments?post=377626"}],"version-history":[{"count":0,"href":"https:\/\/skruv.nu\/be\/wp-json\/wp\/v2\/posts\/377626\/revisions"}],"wp:featuredmedia":[{"embeddable":true,"href":"https:\/\/skruv.nu\/be\/wp-json\/wp\/v2\/media\/377632"}],"wp:attachment":[{"href":"https:\/\/skruv.nu\/be\/wp-json\/wp\/v2\/media?parent=377626"}],"wp:term":[{"taxonomy":"category","embeddable":true,"href":"https:\/\/skruv.nu\/be\/wp-json\/wp\/v2\/categories?post=377626"},{"taxonomy":"post_tag","embeddable":true,"href":"https:\/\/skruv.nu\/be\/wp-json\/wp\/v2\/tags?post=377626"}],"curies":[{"name":"wp","href":"https:\/\/api.w.org\/{rel}","templated":true}]}}