{"id":378111,"date":"2011-03-05T00:00:00","date_gmt":"2011-03-04T23:00:00","guid":{"rendered":"https:\/\/skruv.nu\/?p=378111"},"modified":"2023-10-05T06:25:03","modified_gmt":"2023-10-05T04:25:03","slug":"personalfest-i-malmo-2","status":"publish","type":"post","link":"https:\/\/skruv.nu\/be\/aktiviteter\/personalfest-i-malmo-2\/","title":{"rendered":"Personalfest i Malm\u00f6"},"content":{"rendered":"\n<p class=\"has-theme-palette-7-background-color has-background has-medium-font-size\">Sal 11, Ungdomens hus, Torpgatan 21, Malm\u00f6<br>L\u00f6rdag&nbsp;5 mars 2011 kl 18.30\u201323.00<\/p>\n\n\n\n<p>Det blir en&nbsp;fest&nbsp;som arrangeras av oss f\u00f6r oss sj\u00e4lva, f\u00f6r oss som annars inte haft m\u00f6jlighet att festa d\u00e5 man fixade och grejade s\u00e5 att alla andra skulle ha kul. Var och en f\u00e5r d\u00e4rf\u00f6r g\u00e4rna hitta p\u00e5 en rolig aktivitet som vi kan \u00e4gna oss \u00e5t under kv\u00e4llen n\u00e4r vi har fest f\u00f6r oss sj\u00e4lva.<\/p>\n\n\n\n<p>Skruv bjuder p\u00e5 ett glas vin och en snaps samt kaffe och te. I \u00f6vrigt \u00e4r det knytkalas.<\/p>\n\n\n\n<p>Obs! Inbjudan \u00e4r personlig och g\u00e4ller f\u00f6r dig och eventuella barn. F\u00f6r normal entr\u00e9avgift vid Skruvkaf\u00e9er f\u00e5r du \u00e4ven ta med din respektive (make\/maka\/sambo), det vill s\u00e4ga 30 kr om han\/hon \u00e4r medlem och 60 kr om han\/hon inte \u00e4r medlem. F\u00f6r att begr\u00e4nsa antalet deltagare har vi i \u00e5r beslutat att inte till\u00e5ta andra utomst\u00e5ende, till exempel v\u00e4nner och bekanta.<\/p>\n\n\n\n<p>Anm\u00e4lan \u00e4r obligatorisk f\u00f6r alla. Sista anm\u00e4lningsdag \u00e4r 28 februari.<\/p>\n\n\n\n<p>Anm\u00e4lan till Sara Gradlander p\u00e5 telefon eller via e-post. I anm\u00e4lan anger du namn p\u00e5 dig sj\u00e4lv och eventuellt s\u00e4llskap.<\/p>\n\n\n\n<p><em>Skruvs styrelse<\/em><\/p>\n","protected":false},"excerpt":{"rendered":"<p>Skruvs styrelse anordnar en fest\/knytkalas f\u00f6r dem som var med under det g\u00e5ngna \u00e5ret och gjorde Skruvs arbete b\u00e4ttre och roligare.<\/p>\n","protected":false},"author":1,"featured_media":378120,"comment_status":"closed","ping_status":"open","sticky":false,"template":"","format":"standard","meta":{"_acf_changed":false,"_seopress_robots_primary_cat":"none","_seopress_titles_title":"","_seopress_titles_desc":"","_seopress_robots_index":"","_kad_post_transparent":"","_kad_post_title":"","_kad_post_layout":"","_kad_post_sidebar_id":"","_kad_post_content_style":"","_kad_post_vertical_padding":"","_kad_post_feature":"","_kad_post_feature_position":"","_kad_post_header":false,"_kad_post_footer":false,"_kad_post_classname":"","footnotes":""},"categories":[41,69],"tags":[222,177],"class_list":["post-378111","post","type-post","status-publish","format-standard","has-post-thumbnail","hentry","category-aktiviteter","category-fester","tag-malmo","tag-tidigare"],"acf":[],"_links":{"self":[{"href":"https:\/\/skruv.nu\/be\/wp-json\/wp\/v2\/posts\/378111","targetHints":{"allow":["GET"]}}],"collection":[{"href":"https:\/\/skruv.nu\/be\/wp-json\/wp\/v2\/posts"}],"about":[{"href":"https:\/\/skruv.nu\/be\/wp-json\/wp\/v2\/types\/post"}],"author":[{"embeddable":true,"href":"https:\/\/skruv.nu\/be\/wp-json\/wp\/v2\/users\/1"}],"replies":[{"embeddable":true,"href":"https:\/\/skruv.nu\/be\/wp-json\/wp\/v2\/comments?post=378111"}],"version-history":[{"count":0,"href":"https:\/\/skruv.nu\/be\/wp-json\/wp\/v2\/posts\/378111\/revisions"}],"wp:featuredmedia":[{"embeddable":true,"href":"https:\/\/skruv.nu\/be\/wp-json\/wp\/v2\/media\/378120"}],"wp:attachment":[{"href":"https:\/\/skruv.nu\/be\/wp-json\/wp\/v2\/media?parent=378111"}],"wp:term":[{"taxonomy":"category","embeddable":true,"href":"https:\/\/skruv.nu\/be\/wp-json\/wp\/v2\/categories?post=378111"},{"taxonomy":"post_tag","embeddable":true,"href":"https:\/\/skruv.nu\/be\/wp-json\/wp\/v2\/tags?post=378111"}],"curies":[{"name":"wp","href":"https:\/\/api.w.org\/{rel}","templated":true}]}}