{"id":378256,"date":"2012-08-19T00:00:00","date_gmt":"2012-08-18T22:00:00","guid":{"rendered":"https:\/\/skruv.nu\/?p=378256"},"modified":"2021-02-16T19:42:14","modified_gmt":"2021-02-16T18:42:14","slug":"skruv-deltar-i-foreningarnas-dag-i-malmo-3","status":"publish","type":"post","link":"https:\/\/skruv.nu\/be\/aktiviteter\/skruv-deltar-i-foreningarnas-dag-i-malmo-3\/","title":{"rendered":"Skruv deltar i F\u00f6reningarnas dag i Malm\u00f6"},"content":{"rendered":"\n<p>Skruv deltar och presenterar sin verksamhet under F\u00f6reningarnas dag p\u00e5 Malm\u00f6festivalens tredje dag.<\/p>\n\n\n\n<p><em>Arrang\u00f6r: Malm\u00f6 Fritidsf\u00f6rvaltning.<\/em><\/p>\n","protected":false},"excerpt":{"rendered":"<p>Mitt under Malm\u00f6festivalen intar Malm\u00f6s f\u00f6reningsliv Gustav Adolfs torg. Ett \u00e5ttiotal olika f\u00f6reningar st\u00e5r redo att informera om och visa upp sina verksamheter. F\u00f6r allm\u00e4n information om F\u00f6reningarnas dag se Malm\u00f6 stads webbplats.<\/p>\n","protected":false},"author":1,"featured_media":378258,"comment_status":"closed","ping_status":"open","sticky":false,"template":"","format":"standard","meta":{"_acf_changed":false,"_seopress_robots_primary_cat":"none","_seopress_titles_title":"","_seopress_titles_desc":"","_seopress_robots_index":"","_kad_post_transparent":"","_kad_post_title":"","_kad_post_layout":"","_kad_post_sidebar_id":"","_kad_post_content_style":"","_kad_post_vertical_padding":"","_kad_post_feature":"","_kad_post_feature_position":"","_kad_post_header":false,"_kad_post_footer":false,"_kad_post_classname":"","footnotes":""},"categories":[41,166],"tags":[222,177],"class_list":["post-378256","post","type-post","status-publish","format-standard","has-post-thumbnail","hentry","category-aktiviteter","category-foreningsdemokrati","tag-malmo","tag-tidigare"],"acf":[],"_links":{"self":[{"href":"https:\/\/skruv.nu\/be\/wp-json\/wp\/v2\/posts\/378256","targetHints":{"allow":["GET"]}}],"collection":[{"href":"https:\/\/skruv.nu\/be\/wp-json\/wp\/v2\/posts"}],"about":[{"href":"https:\/\/skruv.nu\/be\/wp-json\/wp\/v2\/types\/post"}],"author":[{"embeddable":true,"href":"https:\/\/skruv.nu\/be\/wp-json\/wp\/v2\/users\/1"}],"replies":[{"embeddable":true,"href":"https:\/\/skruv.nu\/be\/wp-json\/wp\/v2\/comments?post=378256"}],"version-history":[{"count":0,"href":"https:\/\/skruv.nu\/be\/wp-json\/wp\/v2\/posts\/378256\/revisions"}],"wp:featuredmedia":[{"embeddable":true,"href":"https:\/\/skruv.nu\/be\/wp-json\/wp\/v2\/media\/378258"}],"wp:attachment":[{"href":"https:\/\/skruv.nu\/be\/wp-json\/wp\/v2\/media?parent=378256"}],"wp:term":[{"taxonomy":"category","embeddable":true,"href":"https:\/\/skruv.nu\/be\/wp-json\/wp\/v2\/categories?post=378256"},{"taxonomy":"post_tag","embeddable":true,"href":"https:\/\/skruv.nu\/be\/wp-json\/wp\/v2\/tags?post=378256"}],"curies":[{"name":"wp","href":"https:\/\/api.w.org\/{rel}","templated":true}]}}