{"id":380558,"date":"2015-10-18T00:00:00","date_gmt":"2015-10-17T22:00:00","guid":{"rendered":"https:\/\/skruv.nu\/okategoriserad\/lektioner-och-hosthogtid-pa-skruvs-barnverksamhet-i-malmo\/"},"modified":"2021-04-22T11:55:33","modified_gmt":"2021-04-22T09:55:33","slug":"lektioner-och-hosthogtid-pa-skruvs-barnverksamhet-i-malmo","status":"publish","type":"post","link":"https:\/\/skruv.nu\/be\/aktiviteter\/barn\/barn-malmo\/lektioner-och-hosthogtid-pa-skruvs-barnverksamhet-i-malmo\/","title":{"rendered":"Lektioner och h\u00f6sth\u00f6gtid p\u00e5 Skruvs barnverksamhet i Malm\u00f6"},"content":{"rendered":"\n<p class=\"has-bakgrundsplatta-background-color has-background has-medium-font-size\">ABF Malm\u00f6, Sp\u00e5nehusv\u00e4gen 47, Malm\u00f6<br\/>S\u00f6ndag 18 oktober 2015 kl 10.00-12.00<\/p>\n\n<p>Program:<\/p>\n\n<ul class=\"wp-block-list\"><li>pysselverkstad med naturmaterial<\/li><li>h\u00f6stuppvisning<\/li><li>utst\u00e4llning av barnens verk<\/li><li>fika vid samovaren<\/li><\/ul>\n\n<p>Vi har t\u00e4nkt ut mycket intressant f\u00f6r er och era barn. Observera att hela h\u00f6gtiden utg\u00e5r fr\u00e5n att f\u00f6r\u00e4ldrarna \u00e4r med sina barn hela tiden.<\/p>\n\n<p>F\u00f6r att den h\u00e4r dagen ska bli en riktig h\u00f6gtid beh\u00f6ver vi lite hj\u00e4lp av er:<\/p>\n\n<ul class=\"wp-block-list\"><li>Ni kan hj\u00e4lpa oss att samla och ta med naturmaterial till pyssel &#8211; vackra l\u00f6v, ekollon, kastanjer, r\u00f6nnb\u00e4r och hagtorn. Vi beh\u00f6ver \u00e4ven tomma barnmatsburkar utan etiketter och fruktl\u00e5dor i plast.<\/li><li>Ta med n\u00e5got till fika, f\u00f6r i slutet av h\u00f6gtiden blir det gemensam fika. Vi fixar te ur samovarer, men tilltugg ordnas som knytkalas.<\/li><\/ul>\n\n<p>Om era barn inte ska vara kl\u00e4dda i dansdr\u00e4kter, kl\u00e4 dem g\u00e4rna i h\u00f6stf\u00e4rger: gul, orange, r\u00f6d! Det blir ocks\u00e5 fint om f\u00f6r\u00e4ldrarna tar p\u00e5 sig n\u00e5got i h\u00f6stens f\u00e4rgskala!<\/p>\n\n<p>Vi r\u00e4knar med att h\u00f6gtiden varar i ungef\u00e4r tv\u00e5 timmar och att ni hj\u00e4lper oss att plocka undan efter\u00e5t.<\/p>\n","protected":false},"excerpt":{"rendered":"<p>K\u00e4ra f\u00f6r\u00e4ldrar! Vi h\u00e5ller h\u00f6sth\u00f6gtid f\u00f6r barnen i grupperna Berj\u00f3zka, Veter\u00f3k, Rutjej\u00f3k och Kolos\u00f3k.<\/p>\n","protected":false},"author":1,"featured_media":380556,"comment_status":"closed","ping_status":"open","sticky":false,"template":"","format":"standard","meta":{"_acf_changed":false,"_seopress_robots_primary_cat":"none","_seopress_titles_title":"","_seopress_titles_desc":"","_seopress_robots_index":"","_kad_post_transparent":"","_kad_post_title":"","_kad_post_layout":"","_kad_post_sidebar_id":"","_kad_post_content_style":"","_kad_post_vertical_padding":"","_kad_post_feature":"","_kad_post_feature_position":"","_kad_post_header":false,"_kad_post_footer":false,"_kad_post_classname":"","footnotes":""},"categories":[41,32],"tags":[222,177],"class_list":["post-380558","post","type-post","status-publish","format-standard","has-post-thumbnail","hentry","category-aktiviteter","category-barn-malmo","tag-malmo","tag-tidigare"],"acf":[],"_links":{"self":[{"href":"https:\/\/skruv.nu\/be\/wp-json\/wp\/v2\/posts\/380558","targetHints":{"allow":["GET"]}}],"collection":[{"href":"https:\/\/skruv.nu\/be\/wp-json\/wp\/v2\/posts"}],"about":[{"href":"https:\/\/skruv.nu\/be\/wp-json\/wp\/v2\/types\/post"}],"author":[{"embeddable":true,"href":"https:\/\/skruv.nu\/be\/wp-json\/wp\/v2\/users\/1"}],"replies":[{"embeddable":true,"href":"https:\/\/skruv.nu\/be\/wp-json\/wp\/v2\/comments?post=380558"}],"version-history":[{"count":0,"href":"https:\/\/skruv.nu\/be\/wp-json\/wp\/v2\/posts\/380558\/revisions"}],"wp:featuredmedia":[{"embeddable":true,"href":"https:\/\/skruv.nu\/be\/wp-json\/wp\/v2\/media\/380556"}],"wp:attachment":[{"href":"https:\/\/skruv.nu\/be\/wp-json\/wp\/v2\/media?parent=380558"}],"wp:term":[{"taxonomy":"category","embeddable":true,"href":"https:\/\/skruv.nu\/be\/wp-json\/wp\/v2\/categories?post=380558"},{"taxonomy":"post_tag","embeddable":true,"href":"https:\/\/skruv.nu\/be\/wp-json\/wp\/v2\/tags?post=380558"}],"curies":[{"name":"wp","href":"https:\/\/api.w.org\/{rel}","templated":true}]}}