{"id":385154,"date":"2016-01-19T18:00:00","date_gmt":"2016-01-19T17:00:00","guid":{"rendered":"https:\/\/skruv.nu\/?p=385154"},"modified":"2021-08-06T14:49:53","modified_gmt":"2021-08-06T12:49:53","slug":"skruv-deltar-i-foreningstraff-med-abf-i-malmo","status":"publish","type":"post","link":"https:\/\/skruv.nu\/be\/aktiviteter\/skruv-deltar-i-foreningstraff-med-abf-i-malmo\/","title":{"rendered":"Skruv deltar i f\u00f6reningstr\u00e4ff med ABF i Malm\u00f6"},"content":{"rendered":"\n<p class=\"has-bakgrund-background-color has-background has-medium-font-size\">Motettens Folkets hus, Munkh\u00e4ttegatan 202, Malm\u00f6<br>Tisdag 19 januari 2016 kl 18.00\u201320.00<\/p>\n\n\n\n<p>Inneh\u00e5ll f\u00f6r kv\u00e4llen:<\/p>\n\n\n\n<ul class=\"wp-block-list\"><li>Presentation av MIP, Malm\u00f6 paraplyorganisation f\u00f6r f\u00f6reningar, Ivar Scotte, MIP<\/li><li>Svenska f\u00f6r asyls\u00f6kande, Ulrika Morrison, ABF Malm\u00f6<\/li><li>Information fr\u00e5n valberedningen, Anki Bergstr\u00f6m<\/li><li>ABF information, Lotta Holmberg, ABF Malm\u00f6<\/li><li>N\u00e4tverksstund med f\u00f6reningsaktuella fr\u00e5gor.<\/li><\/ul>\n","protected":false},"excerpt":{"rendered":"<p>Niklas B\u00f6nnemark deltar som representant f\u00f6r Skruv p\u00e5 ABF Malm\u00f6s f\u00f6reningstr\u00e4ff. <\/p>\n","protected":false},"author":1,"featured_media":385156,"comment_status":"closed","ping_status":"open","sticky":false,"template":"","format":"standard","meta":{"_acf_changed":false,"_seopress_robots_primary_cat":"none","_seopress_titles_title":"","_seopress_titles_desc":"","_seopress_robots_index":"","_kad_post_transparent":"","_kad_post_title":"","_kad_post_layout":"","_kad_post_sidebar_id":"","_kad_post_content_style":"","_kad_post_vertical_padding":"","_kad_post_feature":"","_kad_post_feature_position":"","_kad_post_header":false,"_kad_post_footer":false,"_kad_post_classname":"","footnotes":""},"categories":[41,166],"tags":[222,177],"class_list":["post-385154","post","type-post","status-publish","format-standard","has-post-thumbnail","hentry","category-aktiviteter","category-foreningsdemokrati","tag-malmo","tag-tidigare"],"acf":[],"_links":{"self":[{"href":"https:\/\/skruv.nu\/be\/wp-json\/wp\/v2\/posts\/385154","targetHints":{"allow":["GET"]}}],"collection":[{"href":"https:\/\/skruv.nu\/be\/wp-json\/wp\/v2\/posts"}],"about":[{"href":"https:\/\/skruv.nu\/be\/wp-json\/wp\/v2\/types\/post"}],"author":[{"embeddable":true,"href":"https:\/\/skruv.nu\/be\/wp-json\/wp\/v2\/users\/1"}],"replies":[{"embeddable":true,"href":"https:\/\/skruv.nu\/be\/wp-json\/wp\/v2\/comments?post=385154"}],"version-history":[{"count":0,"href":"https:\/\/skruv.nu\/be\/wp-json\/wp\/v2\/posts\/385154\/revisions"}],"wp:featuredmedia":[{"embeddable":true,"href":"https:\/\/skruv.nu\/be\/wp-json\/wp\/v2\/media\/385156"}],"wp:attachment":[{"href":"https:\/\/skruv.nu\/be\/wp-json\/wp\/v2\/media?parent=385154"}],"wp:term":[{"taxonomy":"category","embeddable":true,"href":"https:\/\/skruv.nu\/be\/wp-json\/wp\/v2\/categories?post=385154"},{"taxonomy":"post_tag","embeddable":true,"href":"https:\/\/skruv.nu\/be\/wp-json\/wp\/v2\/tags?post=385154"}],"curies":[{"name":"wp","href":"https:\/\/api.w.org\/{rel}","templated":true}]}}