{"id":385745,"date":"2017-04-21T17:45:00","date_gmt":"2017-04-21T15:45:00","guid":{"rendered":"https:\/\/skruv.nu\/?p=385745"},"modified":"2022-03-13T07:03:11","modified_gmt":"2022-03-13T06:03:11","slug":"skruv-deltar-i-foreningsgalan-i-malmo","status":"publish","type":"post","link":"https:\/\/skruv.nu\/be\/aktiviteter\/skruv-deltar-i-foreningsgalan-i-malmo\/","title":{"rendered":"Skruv deltar i f\u00f6reningsgalan i Malm\u00f6"},"content":{"rendered":"\n<p class=\"has-background has-medium-font-size\" style=\"background-color:#f4f4f4\">Malm\u00f6 Arena, Hyllie Stationstorg 2, Malm\u00f6<br>Fredag 21 april 2017 kl 17.45\u201323.00<\/p>\n\n\n\n<p>Malm\u00f6 stads fritidsf\u00f6rvaltning bjuder in alla f\u00f6reningar till en f\u00e4rgsprakande kv\u00e4ll med mingel, mat, upptr\u00e4dande, musik och dans.&nbsp;Under kv\u00e4llen delar fritidsf\u00f6rvaltningen bland annat ut priserna \u00c5rets eldsj\u00e4l, \u00c5rets f\u00f6rening, \u00c5rets Pegasus, \u00c5rets f\u00f6reningsinsats f\u00f6r Malm\u00f6 och Malm\u00f6 stads idrottspris. Galan leds av konferencier David Lindgren (programledare f\u00f6r Melodifestivalen) och en hemlig k\u00e4nd artist st\u00e5r f\u00f6r musiken tillsammans med husbandet.<\/p>\n\n\n\n<p>Som medlem i Skruv har du m\u00f6jlighet att delta i f\u00f6reningsgalan. Anm\u00e4lan g\u00f6r du senast fredag 31 mars genom att fylla i formul\u00e4ret nedan och&nbsp;samtidigt betala deltagaravgiften 250 kr\/person till Skruvs bankgiro 5309-6723.<\/p>\n\n\n\n<p>Kl\u00e4dsel: V\u00e5rfin.<\/p>\n\n\n\n<p>Pris: 250 kr f\u00f6r tv\u00e5r\u00e4tters middag, kaffe, kaka och alkoholfri dryck. \u00d6l och vin finns till f\u00f6rs\u00e4ljning vid bordet och i baren.<\/p>\n\n\n\n<p>Malm\u00f6 Arena Hotel l\u00e4mnar 15 % rabatt vid&nbsp;\u00f6vernattning&nbsp;den 21 april. Boka via&nbsp;<a rel=\"noreferrer noopener\" href=\"http:\/\/www.malmoarenahotel.com\/\" target=\"_blank\">www.malmoarenahotel.com<\/a>&nbsp;och uppge koden MA16.<\/p>\n\n\n\n<h2 class=\"wp-block-heading\">Anm\u00e4lan<\/h2>\n\n\n\n<p>Anm\u00e4lan \u00e4r bindande men inte personlig. Vid f\u00f6rhinder kan du utan kostnad anm\u00e4la n\u00e5gon annan medlem i ditt st\u00e4lle.<\/p>\n\n\n\n<p>Deltagarens namn (obligatoriskt)<br>Deltagarens e-postadress (obligatoriskt)<br>F\u00f6rutom mig sj\u00e4lv anm\u00e4ler jag f\u00f6ljande medlemmar:<\/p>\n","protected":false},"excerpt":{"rendered":"<p>Skruv deltar i Malm\u00f6 stads f\u00f6reningsgala.<\/p>\n","protected":false},"author":1,"featured_media":387706,"comment_status":"closed","ping_status":"open","sticky":false,"template":"","format":"standard","meta":{"_acf_changed":false,"_seopress_robots_primary_cat":"none","_seopress_titles_title":"","_seopress_titles_desc":"","_seopress_robots_index":"","_kad_post_transparent":"","_kad_post_title":"","_kad_post_layout":"","_kad_post_sidebar_id":"","_kad_post_content_style":"","_kad_post_vertical_padding":"","_kad_post_feature":"","_kad_post_feature_position":"","_kad_post_header":false,"_kad_post_footer":false,"_kad_post_classname":"","footnotes":""},"categories":[41,166],"tags":[222,177],"class_list":["post-385745","post","type-post","status-publish","format-standard","has-post-thumbnail","hentry","category-aktiviteter","category-foreningsdemokrati","tag-malmo","tag-tidigare"],"acf":[],"_links":{"self":[{"href":"https:\/\/skruv.nu\/be\/wp-json\/wp\/v2\/posts\/385745","targetHints":{"allow":["GET"]}}],"collection":[{"href":"https:\/\/skruv.nu\/be\/wp-json\/wp\/v2\/posts"}],"about":[{"href":"https:\/\/skruv.nu\/be\/wp-json\/wp\/v2\/types\/post"}],"author":[{"embeddable":true,"href":"https:\/\/skruv.nu\/be\/wp-json\/wp\/v2\/users\/1"}],"replies":[{"embeddable":true,"href":"https:\/\/skruv.nu\/be\/wp-json\/wp\/v2\/comments?post=385745"}],"version-history":[{"count":0,"href":"https:\/\/skruv.nu\/be\/wp-json\/wp\/v2\/posts\/385745\/revisions"}],"wp:featuredmedia":[{"embeddable":true,"href":"https:\/\/skruv.nu\/be\/wp-json\/wp\/v2\/media\/387706"}],"wp:attachment":[{"href":"https:\/\/skruv.nu\/be\/wp-json\/wp\/v2\/media?parent=385745"}],"wp:term":[{"taxonomy":"category","embeddable":true,"href":"https:\/\/skruv.nu\/be\/wp-json\/wp\/v2\/categories?post=385745"},{"taxonomy":"post_tag","embeddable":true,"href":"https:\/\/skruv.nu\/be\/wp-json\/wp\/v2\/tags?post=385745"}],"curies":[{"name":"wp","href":"https:\/\/api.w.org\/{rel}","templated":true}]}}