{"id":422393,"date":"2021-09-10T00:00:11","date_gmt":"2021-09-09T22:00:11","guid":{"rendered":"https:\/\/skruv.nu\/okategoriserad\/daria-barmouk-pa-regional-ungdomskonferens-i-lissabon\/"},"modified":"2021-10-03T06:53:32","modified_gmt":"2021-10-03T04:53:32","slug":"daria-barmouk-pa-regional-ungdomskonferens-i-lissabon","status":"publish","type":"post","link":"https:\/\/skruv.nu\/be\/aktiviteter\/daria-barmouk-pa-regional-ungdomskonferens-i-lissabon\/","title":{"rendered":"Daria Barmouk p\u00e5 regional ungdomskonferens i Lissabon"},"content":{"rendered":"\n<div class=\"wp-block-group has-white-color has-black-background-color has-text-color has-background is-layout-flow wp-block-group-is-layout-flow\">\n<h2 class=\"has-white-color has-text-color wp-block-heading\">Daria Barmouks rapport fr\u00e5n konferensen<\/h2>\n\n\n\n<p>\u00d6vers\u00e4ttning till svenska av rapporten kommer senare.<\/p>\n\n\n\n<p>.<\/p>\n\n\n\n<p>. .<\/p>\n\n\n\n<p>.<\/p>\n\n\n\n<p>.<\/p>\n\n\n\n<p>.<\/p>\n\n\n\n<p>.<br\/>. .<\/p>\n\n\n\n<p>. . . .<\/p>\n\n\n\n<p>.<\/p>\n\n\n\n<p>.<\/p>\n<\/div>\n","protected":false},"excerpt":{"rendered":"<p>Den 10\u201311 september 2021 h\u00f6lls i Lissabon (Portugal) en regional ungdomskonferens f\u00f6r ryska landsm\u00e4n fr\u00e5n l\u00e4nder i Europa.<br \/>\nDet \u00e4r ett av de f\u00f6rsta storskaliga evenemangen efter pandemin. P\u00e5 konferensen deltog delegater fr\u00e5n 36 l\u00e4nder. Som delegat fr\u00e5n Sverige deltog Daria Barmouk, styrelseledamot i Skruv.<\/p>\n","protected":false},"author":1,"featured_media":422384,"comment_status":"closed","ping_status":"open","sticky":false,"template":"","format":"standard","meta":{"_acf_changed":false,"_seopress_robots_primary_cat":"none","_seopress_titles_title":"","_seopress_titles_desc":"","_seopress_robots_index":"","_kad_post_transparent":"","_kad_post_title":"","_kad_post_layout":"","_kad_post_sidebar_id":"","_kad_post_content_style":"","_kad_post_vertical_padding":"","_kad_post_feature":"","_kad_post_feature_position":"","_kad_post_header":false,"_kad_post_footer":false,"_kad_post_classname":"","footnotes":""},"categories":[41,166],"tags":[233,177],"class_list":["post-422393","post","type-post","status-publish","format-standard","has-post-thumbnail","hentry","category-aktiviteter","category-foreningsdemokrati","tag-ovriga-orter","tag-tidigare"],"acf":[],"_links":{"self":[{"href":"https:\/\/skruv.nu\/be\/wp-json\/wp\/v2\/posts\/422393","targetHints":{"allow":["GET"]}}],"collection":[{"href":"https:\/\/skruv.nu\/be\/wp-json\/wp\/v2\/posts"}],"about":[{"href":"https:\/\/skruv.nu\/be\/wp-json\/wp\/v2\/types\/post"}],"author":[{"embeddable":true,"href":"https:\/\/skruv.nu\/be\/wp-json\/wp\/v2\/users\/1"}],"replies":[{"embeddable":true,"href":"https:\/\/skruv.nu\/be\/wp-json\/wp\/v2\/comments?post=422393"}],"version-history":[{"count":0,"href":"https:\/\/skruv.nu\/be\/wp-json\/wp\/v2\/posts\/422393\/revisions"}],"wp:featuredmedia":[{"embeddable":true,"href":"https:\/\/skruv.nu\/be\/wp-json\/wp\/v2\/media\/422384"}],"wp:attachment":[{"href":"https:\/\/skruv.nu\/be\/wp-json\/wp\/v2\/media?parent=422393"}],"wp:term":[{"taxonomy":"category","embeddable":true,"href":"https:\/\/skruv.nu\/be\/wp-json\/wp\/v2\/categories?post=422393"},{"taxonomy":"post_tag","embeddable":true,"href":"https:\/\/skruv.nu\/be\/wp-json\/wp\/v2\/tags?post=422393"}],"curies":[{"name":"wp","href":"https:\/\/api.w.org\/{rel}","templated":true}]}}