{"id":424674,"date":"2022-08-13T11:00:00","date_gmt":"2022-08-13T09:00:00","guid":{"rendered":"https:\/\/skruv.nu\/?p=424674"},"modified":"2025-02-12T08:15:15","modified_gmt":"2025-02-12T07:15:15","slug":"instameet-i-trelleborg-13-augusti-2022","status":"publish","type":"post","link":"https:\/\/skruv.nu\/be\/aktiviteter\/film-foto\/instameet-i-trelleborg-13-augusti-2022\/","title":{"rendered":"Instameet i Trelleborg"},"content":{"rendered":"\n<p class=\"has-background has-medium-font-size\" style=\"background-color:#f4f4f4\">Promenad i Trelleborg med start utanf\u00f6r ing\u00e5ngen till centralstationen<br>L\u00f6rdag 13 augusti 2022 kl 11.00\u201312.30<\/p>\n\n\n\n<p>Instameet i Skruv = ett m\u00f6te mellan instagrammare med anknytning till Ryssland, Ukraina eller Vitryssland. Anknytning = h\u00e4rkomst, aff\u00e4rsm\u00e4ssiga relationer, sj\u00e4lslig anknytning eller allm\u00e4nt intresse.<\/p>\n\n\n\n<p>Vi tr\u00e4ffas framf\u00f6r centralstationen. Tillsammans g\u00e5r vi en runda i centrum och avslutar ca 12.30. Under promenaden ber\u00e4ttar Niklas B\u00f6nnemark lite om staden och dess historia.<\/p>\n\n\n\n<p>Om vi k\u00e4nner f\u00f6r det efter promenaden, g\u00e5r vi till n\u00e5got matst\u00e4lle tillsammans och forts\u00e4tter umg\u00e5s. Under promenaden blir det gott om tillf\u00e4llen till fotografering.<\/p>\n\n\n\n<p>Syftet med m\u00f6tet \u00e4r att samla likasinnade p\u00e5 ett best\u00e4mt st\u00e4lle vid en best\u00e4md tid f\u00f6r att de ska kunna ta foton och l\u00e4gga upp dem p\u00e5 instagram. F\u00f6rutom fotografering p\u00e5 n\u00e5gra olika platser kommer vi att ta gruppfoto och diskutera favoritfilter, utrustning m.m.<\/p>\n\n\n\n<p>Officiella taggar (b\u00e5da m\u00e5ste anv\u00e4ndas):&nbsp;<a href=\"https:\/\/www.instagram.com\/explore\/tags\/ig_skruv\/\">#ig_skruv<\/a>&nbsp;<a href=\"https:\/\/www.instagram.com\/explore\/tags\/ig_skruv12\/\">#ig_skruv13<\/a><\/p>\n\n\n\n<p>Spr\u00e5k: svenska och ryska. (Det g\u00e5r bra att prata andra spr\u00e5k ocks\u00e5!)<\/p>\n\n\n\n<p>Vid fr\u00e5gor \u00e4r du v\u00e4lkommen att h\u00f6ra av dig p\u00e5&nbsp;<a rel=\"noreferrer noopener\" href=\"https:\/\/mail.google.com\/mail\/?view=cm&amp;fs=1&amp;tf=1&amp;to=info@skruv.org\" target=\"_blank\">info@skruv.org<\/a>&nbsp;eller telefon&nbsp;<a href=\"tel:+46707154500\">070-715 45 00<\/a>.<\/p>\n\n\n\n<p><a rel=\"noreferrer noopener\" href=\"https:\/\/www.facebook.com\/events\/1261797544623339\/\" target=\"_blank\">Se \u00e4ven evenemangets Facebooksida \u00bb<\/a><\/p>\n\n\n\n<p class=\"has-theme-palette-9-color has-theme-palette-3-background-color has-text-color has-background\">I evenemanget deltog 6 personer.<\/p>\n\n\n\n<figure class=\"wp-block-gallery has-nested-images columns-default is-cropped wp-block-gallery-2 is-layout-flex wp-block-gallery-is-layout-flex\">\n<figure class=\"wp-block-image size-large\"><a href=\"https:\/\/skruv.nu\/wp-content\/uploads\/2022\/08\/20220813_122925-1_foto-florencia-bonnemark_1080x1080-01.jpeg\"><img fetchpriority=\"high\" decoding=\"async\" width=\"1080\" height=\"1080\" data-id=\"429532\" src=\"https:\/\/skruv.nu\/wp-content\/uploads\/2022\/08\/20220813_122925-1_foto-florencia-bonnemark_1080x1080-01.jpeg\" alt=\"m\u00e4nniskor vid en font\u00e4n p\u00e5 ett torg framf\u00f6r ett vattentorn\" class=\"wp-image-429532\" srcset=\"https:\/\/skruv.nu\/wp-content\/uploads\/2022\/08\/20220813_122925-1_foto-florencia-bonnemark_1080x1080-01.jpeg 1080w, https:\/\/skruv.nu\/wp-content\/uploads\/2022\/08\/20220813_122925-1_foto-florencia-bonnemark_1080x1080-01-300x300.jpeg 300w, https:\/\/skruv.nu\/wp-content\/uploads\/2022\/08\/20220813_122925-1_foto-florencia-bonnemark_1080x1080-01-1024x1024.jpeg 1024w, https:\/\/skruv.nu\/wp-content\/uploads\/2022\/08\/20220813_122925-1_foto-florencia-bonnemark_1080x1080-01-150x150.jpeg 150w, https:\/\/skruv.nu\/wp-content\/uploads\/2022\/08\/20220813_122925-1_foto-florencia-bonnemark_1080x1080-01-768x768.jpeg 768w\" sizes=\"(max-width: 1080px) 100vw, 1080px\" \/><\/a><figcaption class=\"wp-element-caption\">Skruvs instameet i Trelleborg 13 augusti 2022. Foto: Florencia B\u00f6nnemark.<\/figcaption><\/figure>\n\n\n\n<figure class=\"wp-block-image size-large\"><a href=\"https:\/\/skruv.nu\/wp-content\/uploads\/2022\/08\/20220813_112742_foto-niklas-bonnemark_1080x1080-01.jpeg\"><img decoding=\"async\" width=\"1080\" height=\"1080\" data-id=\"429526\" src=\"https:\/\/skruv.nu\/wp-content\/uploads\/2022\/08\/20220813_112742_foto-niklas-bonnemark_1080x1080-01.jpeg\" alt=\"kvinna som fotograferar palmer\" class=\"wp-image-429526\" srcset=\"https:\/\/skruv.nu\/wp-content\/uploads\/2022\/08\/20220813_112742_foto-niklas-bonnemark_1080x1080-01.jpeg 1080w, https:\/\/skruv.nu\/wp-content\/uploads\/2022\/08\/20220813_112742_foto-niklas-bonnemark_1080x1080-01-300x300.jpeg 300w, https:\/\/skruv.nu\/wp-content\/uploads\/2022\/08\/20220813_112742_foto-niklas-bonnemark_1080x1080-01-1024x1024.jpeg 1024w, https:\/\/skruv.nu\/wp-content\/uploads\/2022\/08\/20220813_112742_foto-niklas-bonnemark_1080x1080-01-150x150.jpeg 150w, https:\/\/skruv.nu\/wp-content\/uploads\/2022\/08\/20220813_112742_foto-niklas-bonnemark_1080x1080-01-768x768.jpeg 768w\" sizes=\"(max-width: 1080px) 100vw, 1080px\" \/><\/a><figcaption class=\"wp-element-caption\">Palmall\u00e9n i Trelleborg 13 augusti 2022. Foto: Niklas B\u00f6nnemark.<\/figcaption><\/figure>\n\n\n\n<figure class=\"wp-block-image size-large\"><a href=\"https:\/\/skruv.nu\/wp-content\/uploads\/2022\/08\/20220813_120115_foto-niklas-bonnemark_1080x1080-01.jpeg\"><img decoding=\"async\" width=\"1080\" height=\"1080\" data-id=\"429529\" src=\"https:\/\/skruv.nu\/wp-content\/uploads\/2022\/08\/20220813_120115_foto-niklas-bonnemark_1080x1080-01.jpeg\" alt=\"m\u00e4nniskor som g\u00e5r i en kyrka\" class=\"wp-image-429529\" srcset=\"https:\/\/skruv.nu\/wp-content\/uploads\/2022\/08\/20220813_120115_foto-niklas-bonnemark_1080x1080-01.jpeg 1080w, https:\/\/skruv.nu\/wp-content\/uploads\/2022\/08\/20220813_120115_foto-niklas-bonnemark_1080x1080-01-300x300.jpeg 300w, https:\/\/skruv.nu\/wp-content\/uploads\/2022\/08\/20220813_120115_foto-niklas-bonnemark_1080x1080-01-1024x1024.jpeg 1024w, https:\/\/skruv.nu\/wp-content\/uploads\/2022\/08\/20220813_120115_foto-niklas-bonnemark_1080x1080-01-150x150.jpeg 150w, https:\/\/skruv.nu\/wp-content\/uploads\/2022\/08\/20220813_120115_foto-niklas-bonnemark_1080x1080-01-768x768.jpeg 768w\" sizes=\"(max-width: 1080px) 100vw, 1080px\" \/><\/a><figcaption class=\"wp-element-caption\">Bes\u00f6k i Sankt Nicolai kyrka under Skruvs instameet i Trelleborg. Foto: Niklas B\u00f6nnemark.<\/figcaption><\/figure>\n\n\n\n<figure class=\"wp-block-image size-large\"><a href=\"https:\/\/skruv.nu\/wp-content\/uploads\/2022\/08\/20220813_123945_foto-niklas-bonnemark_1080x1080-01.jpeg\"><img loading=\"lazy\" decoding=\"async\" width=\"1080\" height=\"1080\" data-id=\"429523\" src=\"https:\/\/skruv.nu\/wp-content\/uploads\/2022\/08\/20220813_123945_foto-niklas-bonnemark_1080x1080-01.jpeg\" alt=\"skulptur i en park\" class=\"wp-image-429523\" srcset=\"https:\/\/skruv.nu\/wp-content\/uploads\/2022\/08\/20220813_123945_foto-niklas-bonnemark_1080x1080-01.jpeg 1080w, https:\/\/skruv.nu\/wp-content\/uploads\/2022\/08\/20220813_123945_foto-niklas-bonnemark_1080x1080-01-300x300.jpeg 300w, https:\/\/skruv.nu\/wp-content\/uploads\/2022\/08\/20220813_123945_foto-niklas-bonnemark_1080x1080-01-1024x1024.jpeg 1024w, https:\/\/skruv.nu\/wp-content\/uploads\/2022\/08\/20220813_123945_foto-niklas-bonnemark_1080x1080-01-150x150.jpeg 150w, https:\/\/skruv.nu\/wp-content\/uploads\/2022\/08\/20220813_123945_foto-niklas-bonnemark_1080x1080-01-768x768.jpeg 768w\" sizes=\"(max-width: 1080px) 100vw, 1080px\" \/><\/a><figcaption class=\"wp-element-caption\">Stadsparken i Trelleborg 13 augusti 2022. Foto: Niklas B\u00f6nnemark.<\/figcaption><\/figure>\n<\/figure>\n\n\n\n<div class=\"wp-block-group has-theme-palette-9-color has-theme-palette-3-background-color has-text-color has-background has-link-color wp-elements-767a5e4c6b1c91af7cf97b0b67050eeb is-layout-flow wp-block-group-is-layout-flow\">\n<h2 class=\"wp-block-heading has-theme-palette-9-color has-text-color has-link-color wp-elements-e994e1b1209517de737cd4654eef8d26\">Fakta om Trelleborg<\/h2>\n\n\n\n<h3 class=\"wp-block-heading has-theme-palette-9-color has-text-color has-link-color wp-elements-7280f30f343d6c8452de321d20fd6e1b\">Allm\u00e4nt, centralstationen, j\u00e4rnv\u00e4gsf\u00f6rbindelser<\/h3>\n\n\n\n<p>Trelleborg \u00e4r Sveriges sydligaste stad. Centralorten Trelleborg \u00e4r en viktig industri- och hamnstad vid \u00d6stersj\u00f6kusten och utg\u00e5ngspunkt f\u00f6r Europav\u00e4garna 6 och 22 samt riksv\u00e4g 9 och l\u00e4nsv\u00e4g 108.<\/p>\n\n\n\n<p>1909 invigdes Kungsleden f\u00f6r j\u00e4rnv\u00e4gstrafik mellan Trelleborg och Sassnitz. Under coronapandemin st\u00e4lldes trafiken in 14 mars 2020, och i april meddelade Stena Line att linjen hade lagts ner.<\/p>\n\n\n\n<p>J\u00e4rnv\u00e4gen mellan Trelleborg och Malm\u00f6 anv\u00e4nds sedan 2015 f\u00f6r regional persontrafik med P\u00e5gat\u00e5g. Banan har sedan tidigare anv\u00e4nts f\u00f6r godstrafik samt f\u00f6r s\u00e4songsbunden persontrafik till Berlin.<\/p>\n\n\n\n<p>Staden \u00e4r k\u00e4nd under m\u00e5nga smeknamn: Trelleriffa, Trelleholla, Palmernas stad eller Porten till kontinenten.<\/p>\n\n\n\n<h3 class=\"wp-block-heading has-theme-palette-9-color has-text-color has-link-color wp-elements-2b685e0ff6b4d6782075a0efdea6e8df\">Inv\u00e5nare, st\u00f6rre arbetsgivare<\/h3>\n\n\n\n<p>Slutet av 2021: ca 46 000 inv\u00e5nare (kommunen), ca 27 000 i centralorten.<\/p>\n\n\n\n<p>Trelleborgs Hamn AB \u00e4r en viktig arbetsgivare. Industrif\u00f6retag \u00e4r Trelleborg AB och Akzo Nobel Inks AB. I staden finns \u00e4ven Valengallerian, Trelleborgs lasarett och S\u00f6dersl\u00e4ttsgymnasiet.<\/p>\n\n\n\n<h3 class=\"wp-block-heading has-theme-palette-9-color has-text-color has-link-color wp-elements-cf410e7036cf04aa8fd1b6d8126b412b\">Hamnen och kombiterminalen<\/h3>\n\n\n\n<p>Trelleborgs hamn<\/p>\n\n\n\n<ul class=\"wp-block-list\">\n<li>\u00e4r Skandinaviens st\u00f6rsta RoRo-hamn (dvs. f\u00f6r gods som kommer p\u00e5 hjul), enligt SAOL: hamn f\u00f6r rorofartyg<\/li>\n\n\n\n<li>\u00e4r Sveriges n\u00e4st st\u00f6rsta hamn g\u00e4llande gods (endast G\u00f6teborgs hamn st\u00f6rre). \u00c5rligen fraktas drygt 11 miljoner ton gods och 1,8 miljoner passagerare via Trelleborgs hamn (2018). Trafikeras varje \u00e5r av drygt en miljon lastbilar, trailers och personbilar<\/li>\n\n\n\n<li>har 15 ankomster och 15 avg\u00e5ngar dagligen mellan Trelleborg och Travem\u00fcnde, Rostock, Swinoujscie och Klaipeda.<\/li>\n\n\n\n<li>\u00e4r en viktig intermodal hub\/har intermodala transporter (containrar flyttas fr\u00e5n lastbil till t\u00e5g och tv\u00e4rtom), Stena Lines Rostockled<\/li>\n<\/ul>\n\n\n\n<h3 class=\"wp-block-heading has-theme-palette-9-color has-text-color has-link-color wp-elements-8b8f5ab299e8afa8f1b06db80f00b988\">Palmerna vid infarten<\/h3>\n\n\n\n<p>Sedan 1984 har kommunen varje sommar satt ut palmer l\u00e4ngs infarten till Trelleborg vid Strandgatan. Vintertid f\u00f6rvaras de i ett s\u00e4rskilt v\u00e4xthus. Initiativet till att s\u00e4tta ut palmer kom fr\u00e5n Mikaeli Marknadskommitt\u00e9 (Alf N\u00e4slund, Jarl Svensson), som l\u00e5g bakom den \u00e5rliga folkfesten som b\u00f6rjade h\u00e5llas i staden 1976.<\/p>\n\n\n\n<p>Numera har Trelleborg smeknamnet Palmernas stad, marknaden har bytt namn till Palmfestivalen och lokaltidningen Trelleborgs Allehandas tidningshuvud pryds av en palm.<\/p>\n\n\n\n<h3 class=\"wp-block-heading has-theme-palette-9-color has-text-color has-link-color wp-elements-77f4c406c7c276232228907144ae9e0f\">Palmfestivalen<\/h3>\n\n\n\n<p>Palmfestivalen, tidigare Mikaeli Marknad, \u00e4r en marknad\/festival som anordnas i Trelleborg varje \u00e5r sedan 1976 under sista fredagen och l\u00f6rdagen i augusti. Festivalen drar ungef\u00e4r 100 000 bes\u00f6kare ett \u00e5r med bra v\u00e4der.<\/p>\n\n\n\n<h3 class=\"wp-block-heading has-theme-palette-9-color has-text-color has-link-color wp-elements-05a96544fc46f0e02f09775dcd19ab58\">Stadens historia, Trelleborgen<\/h3>\n\n\n\n<p>Trelleborg n\u00e4mns f\u00f6r f\u00f6rsta g\u00e5ngen i skrift 1257 men redan under sen vikingatid anlades h\u00e4r en ringborg, en s\u00e5 kallad trelleborg (Vikingaborgen i Trelleborg), vilken har gett staden dess namn. Staden \u00e4r en av Sk\u00e5nes \u00e4ldsta st\u00e4der. P\u00e5 1980-talet hittades resterna av denna ringborg som d\u00e4refter delvis \u00e5teruppbyggts.<\/p>\n\n\n\n<p>Ett franciskanerkloster grundades i staden antingen 1247 eller 1267.<\/p>\n\n\n\n<p>Under medeltiden var sillfisket den betydande n\u00e4ringen och handeln med sill sk\u00f6ttes genom Hansans f\u00f6rsorg. N\u00e4r Malm\u00f6s borgare skr\u00e4mdes av handelskonkurrensen fr\u00e5n Trelleborg klagade de hos den danske kung Christian IV. Detta fick till f\u00f6ljd att Trelleborg f\u00f6rlorade sina stadsprivilegier 1619 och d\u00e4rmed r\u00e4tten att bedriva handel och hantverk i staden vilket ledde till att Trelleborgs betydelse minskade.<\/p>\n\n\n\n<p>1749 bes\u00f6kte Carl von Linn\u00e9 Trelleborg under sin sk\u00e5nska resa. Linn\u00e9 konstaterade att \u201dTr\u00e4lleborg var en l\u00e5ng, smal by med en stor gata, l\u00e5g utstr\u00e4ckt efter s\u00f6dra havssidan av Sk\u00e5ne land. Tr\u00e4lleborg har tillf\u00f6rne varit stad och p\u00e5 allt s\u00e4tt \u00e4ven \u00e4nnu hade skapnad av stad, uti vilken ett stort antal av hantverkare bodde\u2026\u201d<\/p>\n\n\n\n<h3 class=\"wp-block-heading has-theme-palette-9-color has-text-color has-link-color wp-elements-13a6a410b7f248eedddbfcbb97ccfb0b\">Sankt Nicolai kyrka<\/h3>\n\n\n\n<p>Trelleborgs kyrka, S:t Nicolai kyrka, b\u00f6rjade byggas under f\u00f6rsta h\u00e4lften av 1200-talet. Kyrkan ligger strax \u00f6ster om den vikingatida ringborgen. 1881\u20131883 byggdes kyrkan om kraftigt under ledning av arkitekten Helgo Zettervall.<\/p>\n\n\n\n<h3 class=\"wp-block-heading has-theme-palette-9-color has-text-color has-link-color wp-elements-3ec631468e9c9aa69b9db896ac7442a6\">Stortorget, Sj\u00f6ormen, vattentornet, Stadsparken<\/h3>\n\n\n\n<p>Trelleborgs gamla vattentorn fr\u00e5n 1911 ligger vid Stortorget.<\/p>\n\n\n\n<p>Trelleborgs stadspark invigdes \u00e5r 1896, och \u00e4r byggd kring tv\u00e5 dammar, Svandammarna. Ett system av promenadstr\u00e5k i engelsk stil vindlar sig runt dammarna och planteringarna.<\/p>\n\n\n\n<p>Axel Ebbes font\u00e4n Sj\u00f6ormen fr\u00e5n 1935 pryder ocks\u00e5 Stortorget. Axel Ebbes konsthall, st\u00e4ngd f\u00f6r renovering, visar konstn\u00e4ren Axel Ebbes verk.<\/p>\n\n\n\n<p>Axel Ebbe (H\u00f6k\u00f6pinge 1868\u2013H\u00f6k\u00f6pinge 1941) var skulpt\u00f6r och f\u00f6rfattare. N\u00e5gra av hans mest k\u00e4nda verk \u00e4r Solrosen i Malm\u00f6 Kungspark och Famntaget i Smygehuk, f\u00f6r vilken Uma Thurmans mormor, Birgit Holmquist, stod modell.<\/p>\n\n\n\n<p>Det har planterats 70\u201380 st ginkgo biloba, kinesiska tempeltr\u00e4d, som all\u00e9 l\u00e4ngs Nygatan, ovanligt i Skandinavien.<\/p>\n\n\n\n<h3 class=\"wp-block-heading has-theme-palette-9-color has-text-color has-link-color wp-elements-2930ab6452f4794d2c51723541b66ead\">B\u00f6st<\/h3>\n\n\n\n<p>B\u00f6st \u00e4r en font\u00e4n i brons av Fred \u00c5berg. Skulpturen st\u00e5r sedan 1996 p\u00e5 g\u00e5gatan mitt i Trelleborg. <em>B\u00f6st<\/em> \u00e4r ett dialektord i Sk\u00e5ne och s\u00f6dra Sm\u00e5land, som uttalas med l\u00e5ngt \u00f6. Det betyder \u2019elak, ond, stygg, vild\u2019 och anv\u00e4nds om v\u00e4der och om m\u00e4nniskor och djur.<\/p>\n\n\n\n<h3 class=\"wp-block-heading has-theme-palette-9-color has-text-color has-link-color wp-elements-2ba325f343f482cf579e600cb19c6938\">R\u00e5dhustorget<\/h3>\n\n\n\n<p>P\u00e5 R\u00e5dhuset finns bland annat kommunens ledning och kundtj\u00e4nst.<\/p>\n<\/div>\n","protected":false},"excerpt":{"rendered":"<p>Nu \u00e4r det dags f\u00f6r ett instameet med Skruv i Trelleborg. Vi tr\u00e4ffas f\u00f6r att ta vackra foton i stadens centrum.<\/p>\n","protected":false},"author":1,"featured_media":429516,"comment_status":"closed","ping_status":"open","sticky":false,"template":"","format":"standard","meta":{"_acf_changed":false,"_seopress_robots_primary_cat":"none","_seopress_titles_title":"","_seopress_titles_desc":"","_seopress_robots_index":"","_kad_post_transparent":"","_kad_post_title":"","_kad_post_layout":"","_kad_post_sidebar_id":"","_kad_post_content_style":"","_kad_post_vertical_padding":"","_kad_post_feature":"","_kad_post_feature_position":"","_kad_post_header":false,"_kad_post_footer":false,"_kad_post_classname":"","footnotes":""},"categories":[162],"tags":[228,177],"class_list":["post-424674","post","type-post","status-publish","format-standard","has-post-thumbnail","hentry","category-film-foto","tag-oresund","tag-tidigare"],"acf":[],"_links":{"self":[{"href":"https:\/\/skruv.nu\/be\/wp-json\/wp\/v2\/posts\/424674","targetHints":{"allow":["GET"]}}],"collection":[{"href":"https:\/\/skruv.nu\/be\/wp-json\/wp\/v2\/posts"}],"about":[{"href":"https:\/\/skruv.nu\/be\/wp-json\/wp\/v2\/types\/post"}],"author":[{"embeddable":true,"href":"https:\/\/skruv.nu\/be\/wp-json\/wp\/v2\/users\/1"}],"replies":[{"embeddable":true,"href":"https:\/\/skruv.nu\/be\/wp-json\/wp\/v2\/comments?post=424674"}],"version-history":[{"count":2,"href":"https:\/\/skruv.nu\/be\/wp-json\/wp\/v2\/posts\/424674\/revisions"}],"predecessor-version":[{"id":447071,"href":"https:\/\/skruv.nu\/be\/wp-json\/wp\/v2\/posts\/424674\/revisions\/447071"}],"wp:featuredmedia":[{"embeddable":true,"href":"https:\/\/skruv.nu\/be\/wp-json\/wp\/v2\/media\/429516"}],"wp:attachment":[{"href":"https:\/\/skruv.nu\/be\/wp-json\/wp\/v2\/media?parent=424674"}],"wp:term":[{"taxonomy":"category","embeddable":true,"href":"https:\/\/skruv.nu\/be\/wp-json\/wp\/v2\/categories?post=424674"},{"taxonomy":"post_tag","embeddable":true,"href":"https:\/\/skruv.nu\/be\/wp-json\/wp\/v2\/tags?post=424674"}],"curies":[{"name":"wp","href":"https:\/\/api.w.org\/{rel}","templated":true}]}}