{"id":425319,"date":"2024-03-10T15:15:00","date_gmt":"2024-03-10T14:15:00","guid":{"rendered":"https:\/\/skruv.nu\/?p=425319"},"modified":"2024-03-11T09:24:58","modified_gmt":"2024-03-11T08:24:58","slug":"semlorna-moter-blinierna-2024","status":"publish","type":"post","link":"https:\/\/skruv.nu\/be\/aktiviteter\/semlorna-moter-blinierna-2024\/","title":{"rendered":"Semlorna m\u00f6ter blinierna i Malm\u00f6"},"content":{"rendered":"\n<p class=\"has-background has-medium-font-size\" style=\"background-color:#f4f4f4\">Sal 305, Studiefr\u00e4mjandet, Ystadsgatan 53, Malm\u00f6<br>S\u00f6ndag 10&nbsp;mars 2024 kl 15.15\u201317.30<\/p>\n\n\n\n<p>Ta g\u00e4rna med pannkakor, pl\u00e4ttar, blinier eller cr\u00eapes av alla de slag, s\u00e5 vi alla f\u00e5r chans att k\u00e4nna smaken av den \u00f6stslaviska fastlagen <strong>m\u00e1slenitsa<\/strong>, d\u00e5 man gr\u00e4ddar och \u00e4ter pannkakor! Publikens favorit kommer att utses genom omr\u00f6stning (d\u00e4r juryn best\u00e5r av alla n\u00e4rvarande) och bel\u00f6nas med en g\u00e5va av stort v\u00e4rde f\u00f6r matglada! Andra och tredje plats kommer ocks\u00e5 att f\u00e5 pris.<\/p>\n\n\n\n<p>Program:<\/p>\n\n\n\n<ul class=\"wp-block-list\">\n<li>Provsmakning av olika sorters pannkakor<\/li>\n\n\n\n<li>Kort expos\u00e9 om fastlagsbullens och pannkakans historia, om den skandinaviska fastlagen och den \u00f6stslaviska maslenitsa<\/li>\n\n\n\n<li>N\u00e5got om Taras Sjevtjenko, Ukrainas nationalskald som f\u00f6ddes f\u00f6r 210 \u00e5r sedan<\/li>\n\n\n\n<li>Trevligt umg\u00e4nge \u00f6ver en kopp kaffe eller te, gamla och nya v\u00e4nner<\/li>\n\n\n\n<li>Kort information om v\u00e5ra kommande aktiviteter<\/li>\n<\/ul>\n\n\n\n<p>Spr\u00e5k: ryska och svenska.<\/p>\n\n\n\n<p>Entr\u00e9: 60 kr (30 kr f\u00f6r medlemmar i Skruv). Fri entr\u00e9 f\u00f6r barn upp till 16 \u00e5r.<br>I entr\u00e9avgiften ing\u00e5r te, kaffe och kakor.<br>Avgiften kan betalas med swish eller kontanter.<\/p>\n\n\n\n<p><a href=\"https:\/\/www.facebook.com\/events\/768112558531681\/\">Se \u00e4ven evenemangets Facebooksida \u00bb<\/a><\/p>\n\n\n\n<p>Varmt v\u00e4lkommen!<\/p>\n\n\n\n<div class=\"wp-block-columns is-layout-flex wp-container-core-columns-is-layout-9d6595d7 wp-block-columns-is-layout-flex\">\n<div class=\"wp-block-column is-layout-flow wp-block-column-is-layout-flow\" style=\"flex-basis:66.66%\">\n<p><em>Detta \u00e4r ett arrangemang av Skruv i samarbete med Studiefr\u00e4mjandet.<br>Id\u00e9, planering och genomf\u00f6rande: Skruvs styrelse.<br>Lokal tillhandah\u00e5lls av: Studiefr\u00e4mjandet.<br>Iordningsst\u00e4llande\/\u00e5terst\u00e4llande av lokal: deltagarna.<br>Svensk text i inbjudan: Niklas B\u00f6nnemark.<br><em>Rysk text i inbjudan: Niklas B\u00f6nnemark.<\/em><\/em><br><em>Layout och marknadsf\u00f6ring: Niklas B\u00f6nnemark.<\/em><\/p>\n<\/div>\n\n\n\n<div class=\"wp-block-column is-layout-flow wp-block-column-is-layout-flow\" style=\"flex-basis:33.33%\">\n<div class=\"wp-block-group has-background is-layout-flow wp-block-group-is-layout-flow\" style=\"background-color:#f4f4f4\">\n<p class=\"has-text-align-center has-large-font-size\">I samarbete med<\/p>\n\n\n\n<figure class=\"wp-block-image aligncenter size-full\"><img fetchpriority=\"high\" decoding=\"async\" width=\"300\" height=\"194\" src=\"https:\/\/skruv.nu\/wp-content\/uploads\/2022\/01\/sfr-logo-red-transparent-bakgrund_b300.png\" alt=\"Studiefr\u00e4mjandets logotyp\" class=\"wp-image-424998\" srcset=\"https:\/\/skruv.nu\/wp-content\/uploads\/2022\/01\/sfr-logo-red-transparent-bakgrund_b300.png 300w, https:\/\/skruv.nu\/wp-content\/uploads\/2022\/01\/sfr-logo-red-transparent-bakgrund_b300-150x97.png 150w\" sizes=\"(max-width: 300px) 100vw, 300px\" \/><\/figure>\n<\/div>\n<\/div>\n<\/div>\n\n\n\n<p class=\"has-theme-palette-9-color has-theme-palette-3-background-color has-text-color has-background has-link-color wp-elements-1941a0afb1b80c004359948f7b670b06\">I evenemanget deltog 10 personer.<\/p>\n","protected":false},"excerpt":{"rendered":"<p>N\u00e5gra veckor efter att de sista fastlagsbullarna, semlorna, har \u00e4tits firar vi den \u00f6stslaviska fastlagen, m\u00e1slenitsa, med pannkaksprovning.<\/p>\n","protected":false},"author":1,"featured_media":425190,"comment_status":"closed","ping_status":"open","sticky":false,"template":"","format":"standard","meta":{"_acf_changed":false,"_seopress_robots_primary_cat":"none","_seopress_titles_title":"","_seopress_titles_desc":"","_seopress_robots_index":"","_kad_post_transparent":"","_kad_post_title":"","_kad_post_layout":"","_kad_post_sidebar_id":"","_kad_post_content_style":"","_kad_post_vertical_padding":"","_kad_post_feature":"","_kad_post_feature_position":"","_kad_post_header":false,"_kad_post_footer":false,"_kad_post_classname":"","footnotes":""},"categories":[41,67],"tags":[222,177],"class_list":["post-425319","post","type-post","status-publish","format-standard","has-post-thumbnail","hentry","category-aktiviteter","category-kafe","tag-malmo","tag-tidigare"],"acf":[],"_links":{"self":[{"href":"https:\/\/skruv.nu\/be\/wp-json\/wp\/v2\/posts\/425319","targetHints":{"allow":["GET"]}}],"collection":[{"href":"https:\/\/skruv.nu\/be\/wp-json\/wp\/v2\/posts"}],"about":[{"href":"https:\/\/skruv.nu\/be\/wp-json\/wp\/v2\/types\/post"}],"author":[{"embeddable":true,"href":"https:\/\/skruv.nu\/be\/wp-json\/wp\/v2\/users\/1"}],"replies":[{"embeddable":true,"href":"https:\/\/skruv.nu\/be\/wp-json\/wp\/v2\/comments?post=425319"}],"version-history":[{"count":0,"href":"https:\/\/skruv.nu\/be\/wp-json\/wp\/v2\/posts\/425319\/revisions"}],"wp:featuredmedia":[{"embeddable":true,"href":"https:\/\/skruv.nu\/be\/wp-json\/wp\/v2\/media\/425190"}],"wp:attachment":[{"href":"https:\/\/skruv.nu\/be\/wp-json\/wp\/v2\/media?parent=425319"}],"wp:term":[{"taxonomy":"category","embeddable":true,"href":"https:\/\/skruv.nu\/be\/wp-json\/wp\/v2\/categories?post=425319"},{"taxonomy":"post_tag","embeddable":true,"href":"https:\/\/skruv.nu\/be\/wp-json\/wp\/v2\/tags?post=425319"}],"curies":[{"name":"wp","href":"https:\/\/api.w.org\/{rel}","templated":true}]}}