{"id":427712,"date":"2022-04-03T11:30:00","date_gmt":"2022-04-03T09:30:00","guid":{"rendered":"https:\/\/skruv.nu\/okategoriserad\/start-for-kostnadsfri-kurs-i-svenska-for-barn-med-foraldrar-i-malmo-3-april-2022\/"},"modified":"2024-03-20T11:19:54","modified_gmt":"2024-03-20T10:19:54","slug":"start-for-kostnadsfri-kurs-i-svenska-for-barn-med-foraldrar-i-malmo-3-april-2022","status":"publish","type":"post","link":"https:\/\/skruv.nu\/be\/aktiviteter\/start-for-kostnadsfri-kurs-i-svenska-for-barn-med-foraldrar-i-malmo-3-april-2022\/","title":{"rendered":"Start f\u00f6r kostnadsfri kurs i svenska f\u00f6r barn med f\u00f6r\u00e4ldrar i Malm\u00f6"},"content":{"rendered":"\n<p class=\"has-background\" style=\"background-color:#f4f4f4\">Studiefr\u00e4mjandet, Ystadsgatan 53, Malm\u00f6<br\/>S\u00f6ndag 3 april 2022 11.30-12.30<\/p>\n\n<p>Kursen \u00e4r avsedd f\u00f6r flyktingar fr\u00e5n Ukraina som inte har r\u00e4tt till <a rel=\"noreferrer noopener\" href=\"https:\/\/www.skolverket.se\/regler-och-ansvar\/ansvar-i-skolfragor\/ratt-till-sfi\" target=\"_blank\">svenska f\u00f6r invandrare (sfi)<\/a>. Sammankomsterna h\u00e5lls p\u00e5 s\u00f6ndagar kl 11.30-12.30. Barnens \u00e5lder: 6-14 \u00e5r.<\/p>\n\n<p>Vi utvecklar kommunikationsf\u00f6rm\u00e5gan p\u00e5 ett lekfullt s\u00e4tt.<\/p>\n\n<p><strong>Obligatorisk anm\u00e4lan.<\/strong> Om ni v\u00e4ntar p\u00e5 LMA-nummer, skriv \u201dv\u00e4ntar\u201d.<\/p>\n\n<p>Anm\u00e4lningsformul\u00e4ret finns p\u00e5 f\u00f6ljande l\u00e4nk:<br\/>(Uppdatering 12 april: L\u00e4nken borttagen. Kursen \u00e4r fulltecknad.)<\/p>\n\n<p>\n          <em>Kursen genomf\u00f6rs av Studiefr\u00e4mjandet i samarbete med Skruv.<\/em>\n          <br\/>\n          <em>Ide, planering och genomf\u00f6rande: <a rel=\"noreferrer noopener\" href=\"https:\/\/sverigesradio.se\/artikel\/manga-flyktingar-fran-ukraina-vill-lara-sig-svenska\" target=\"_blank\">Inna Zolotova<\/a>.<\/em>\n        <\/p>\n","protected":false},"excerpt":{"rendered":"<p>V\u00e4lkommen till en kostnadsfri kurs i svenska f\u00f6r barn och deras f\u00f6r\u00e4ldrar p\u00e5 Studiefr\u00e4mjandet i samarbete med Skruv. Start 3 april.<\/p>\n","protected":false},"author":1,"featured_media":427707,"comment_status":"closed","ping_status":"open","sticky":false,"template":"","format":"standard","meta":{"_acf_changed":false,"_seopress_robots_primary_cat":"none","_seopress_titles_title":"","_seopress_titles_desc":"","_seopress_robots_index":"","_kad_post_transparent":"","_kad_post_title":"","_kad_post_layout":"","_kad_post_sidebar_id":"","_kad_post_content_style":"","_kad_post_vertical_padding":"","_kad_post_feature":"","_kad_post_feature_position":"","_kad_post_header":false,"_kad_post_footer":false,"_kad_post_classname":"","footnotes":""},"categories":[41,43],"tags":[222,177],"class_list":["post-427712","post","type-post","status-publish","format-standard","has-post-thumbnail","hentry","category-aktiviteter","category-kurser","tag-malmo","tag-tidigare"],"acf":[],"_links":{"self":[{"href":"https:\/\/skruv.nu\/be\/wp-json\/wp\/v2\/posts\/427712","targetHints":{"allow":["GET"]}}],"collection":[{"href":"https:\/\/skruv.nu\/be\/wp-json\/wp\/v2\/posts"}],"about":[{"href":"https:\/\/skruv.nu\/be\/wp-json\/wp\/v2\/types\/post"}],"author":[{"embeddable":true,"href":"https:\/\/skruv.nu\/be\/wp-json\/wp\/v2\/users\/1"}],"replies":[{"embeddable":true,"href":"https:\/\/skruv.nu\/be\/wp-json\/wp\/v2\/comments?post=427712"}],"version-history":[{"count":0,"href":"https:\/\/skruv.nu\/be\/wp-json\/wp\/v2\/posts\/427712\/revisions"}],"wp:featuredmedia":[{"embeddable":true,"href":"https:\/\/skruv.nu\/be\/wp-json\/wp\/v2\/media\/427707"}],"wp:attachment":[{"href":"https:\/\/skruv.nu\/be\/wp-json\/wp\/v2\/media?parent=427712"}],"wp:term":[{"taxonomy":"category","embeddable":true,"href":"https:\/\/skruv.nu\/be\/wp-json\/wp\/v2\/categories?post=427712"},{"taxonomy":"post_tag","embeddable":true,"href":"https:\/\/skruv.nu\/be\/wp-json\/wp\/v2\/tags?post=427712"}],"curies":[{"name":"wp","href":"https:\/\/api.w.org\/{rel}","templated":true}]}}