{"id":428043,"date":"2022-04-16T20:33:11","date_gmt":"2022-04-16T18:33:11","guid":{"rendered":"https:\/\/skruv.nu\/?p=428043"},"modified":"2025-07-27T09:13:15","modified_gmt":"2025-07-27T07:13:15","slug":"svensk-rysk-ukrainsk-och-belarusisk-pask","status":"publish","type":"post","link":"https:\/\/skruv.nu\/be\/interkultur\/svensk-rysk-ukrainsk-och-belarusisk-pask\/","title":{"rendered":"Svensk, rysk, ukrainsk och belarusisk p\u00e5sk"},"content":{"rendered":"\n<p><strong>P\u00e5skdagen<\/strong> \u00e4r en r\u00f6rlig helgdag, som infaller s\u00f6ndagen n\u00e4rmast efter den fullm\u00e5ne som infaller p\u00e5 eller n\u00e4rmast efter den 21 mars. Man utg\u00e5r fr\u00e5n den <em>metonska<\/em> (\u00e4ven kallad den <em>ecklesiastiska<\/em>) fullm\u00e5nen, som avviker fr\u00e5n den <em>astronomiska<\/em> fullm\u00e5nen.<\/p>\n\n\n\n<p>I Sverige \u00e4r <strong>l\u00e5ngfredagen<\/strong> en allm\u00e4n helgdag och infaller fredagen n\u00e4rmast f\u00f6re p\u00e5skdagen. \u00c4ven <strong>annandag p\u00e5sk<\/strong>, dagen efter p\u00e5skdagen, \u00e4r allm\u00e4n helgdag i Sverige. I grund- och gymnasieskolor brukar det vara <strong>p\u00e5sklov<\/strong> veckan f\u00f6re eller veckan efter p\u00e5sken.<\/p>\n\n\n\n<p>Fram till 1582 anv\u00e4nde alla kyrkor i v\u00e4rlden samma kalender, den julianska (&#8220;gamla stilen&#8221;). Sverige var katolskt fram till 1500-talet, d\u00e5 den lutherska protestantismen inf\u00f6rdes i landet. \u00c5r 1753 \u00f6vergick Sverige till den &#8220;nya stilen&#8221; (den gregorianska kalendern). I Ryssland, Ukraina och Belarus anv\u00e4nder de ortodoxa kyrkorna fortfarande den gamla stilen, som f\u00f6r n\u00e4rvarande (\u00e5r 1900\u20132100) ligger 13 dagar efter den nya stilen, och detta f\u00e5r till f\u00f6ljd att religi\u00f6sa h\u00f6gtider infaller vid olika tidpunkter. Eftersom p\u00e5skdagen \u00e4r en r\u00f6rlig helgdag, h\u00e4nder det vissa \u00e5r att datumen f\u00f6r p\u00e5sken i den ortodoxa kyrkan och i den lutheranska (och katolska) sammanfaller.<\/p>\n\n\n\n<p>H\u00e4r \u00e4r datum f\u00f6r p\u00e5skdagen de kommande \u00e5ren. Alla datum \u00e4r angivna enligt nya stilen (v\u00e5r normala kalender).<\/p>\n\n\n\n<figure class=\"wp-block-table aligncenter\"><table><tbody><tr><td class=\"has-text-align-center\" data-align=\"center\"><strong>V\u00e4stkyrkan (Sverige med flera)<\/strong><\/td><td class=\"has-text-align-center\" data-align=\"center\"><strong>\u00d6stkyrkan (Ryssland, Ukraina, Belarus med flera)<\/strong><\/td><\/tr><tr><td class=\"has-text-align-center\" data-align=\"center\">5 april 2026<\/td><td class=\"has-text-align-center\" data-align=\"center\">12 april 2026<\/td><\/tr><tr><td class=\"has-text-align-center\" data-align=\"center\">28 mars 2027<\/td><td class=\"has-text-align-center\" data-align=\"center\">2 maj 2027<\/td><\/tr><tr><td class=\"has-text-align-center\" data-align=\"center\">16 april 2028<\/td><td class=\"has-text-align-center\" data-align=\"center\">16 april 2028<\/td><\/tr><tr><td class=\"has-text-align-center\" data-align=\"center\">1 april 2029<\/td><td class=\"has-text-align-center\" data-align=\"center\">8 april 2029<\/td><\/tr><tr><td class=\"has-text-align-center\" data-align=\"center\">21 april 2030<\/td><td class=\"has-text-align-center\" data-align=\"center\">28 april 2030<\/td><\/tr><tr><td class=\"has-text-align-center\" data-align=\"center\">13 april 2031<\/td><td class=\"has-text-align-center\" data-align=\"center\">13 april 2031<\/td><\/tr><tr><td class=\"has-text-align-center\" data-align=\"center\">28 mars 2032<\/td><td class=\"has-text-align-center\" data-align=\"center\">2 maj 2032<\/td><\/tr><tr><td class=\"has-text-align-center\" data-align=\"center\">17 april 2033<\/td><td class=\"has-text-align-center\" data-align=\"center\">24 april 2033<\/td><\/tr><\/tbody><\/table><\/figure>\n","protected":false},"excerpt":{"rendered":"<p>P\u00e5sken firas vid olika tillf\u00e4llen i Sverige, Ryssland, Ukraina och Belarus.<\/p>\n","protected":false},"author":1,"featured_media":428045,"comment_status":"closed","ping_status":"open","sticky":false,"template":"","format":"standard","meta":{"_acf_changed":false,"_seopress_robots_primary_cat":"none","_seopress_titles_title":"","_seopress_titles_desc":"","_seopress_robots_index":"","_kad_post_transparent":"","_kad_post_title":"","_kad_post_layout":"","_kad_post_sidebar_id":"","_kad_post_content_style":"","_kad_post_vertical_padding":"","_kad_post_feature":"","_kad_post_feature_position":"","_kad_post_header":false,"_kad_post_footer":false,"_kad_post_classname":"","footnotes":""},"categories":[174,400],"tags":[],"class_list":["post-428043","post","type-post","status-publish","format-standard","has-post-thumbnail","hentry","category-interkultur","category-traditioner-och-hogtider"],"acf":[],"_links":{"self":[{"href":"https:\/\/skruv.nu\/be\/wp-json\/wp\/v2\/posts\/428043","targetHints":{"allow":["GET"]}}],"collection":[{"href":"https:\/\/skruv.nu\/be\/wp-json\/wp\/v2\/posts"}],"about":[{"href":"https:\/\/skruv.nu\/be\/wp-json\/wp\/v2\/types\/post"}],"author":[{"embeddable":true,"href":"https:\/\/skruv.nu\/be\/wp-json\/wp\/v2\/users\/1"}],"replies":[{"embeddable":true,"href":"https:\/\/skruv.nu\/be\/wp-json\/wp\/v2\/comments?post=428043"}],"version-history":[{"count":2,"href":"https:\/\/skruv.nu\/be\/wp-json\/wp\/v2\/posts\/428043\/revisions"}],"predecessor-version":[{"id":451198,"href":"https:\/\/skruv.nu\/be\/wp-json\/wp\/v2\/posts\/428043\/revisions\/451198"}],"wp:featuredmedia":[{"embeddable":true,"href":"https:\/\/skruv.nu\/be\/wp-json\/wp\/v2\/media\/428045"}],"wp:attachment":[{"href":"https:\/\/skruv.nu\/be\/wp-json\/wp\/v2\/media?parent=428043"}],"wp:term":[{"taxonomy":"category","embeddable":true,"href":"https:\/\/skruv.nu\/be\/wp-json\/wp\/v2\/categories?post=428043"},{"taxonomy":"post_tag","embeddable":true,"href":"https:\/\/skruv.nu\/be\/wp-json\/wp\/v2\/tags?post=428043"}],"curies":[{"name":"wp","href":"https:\/\/api.w.org\/{rel}","templated":true}]}}