{"id":428791,"date":"2022-07-26T08:45:00","date_gmt":"2022-07-26T06:45:00","guid":{"rendered":"https:\/\/skruv.nu\/?p=428791"},"modified":"2022-07-26T13:57:48","modified_gmt":"2022-07-26T11:57:48","slug":"frukostpicknick-vid-stranden-i-malmo-26-juli-2022","status":"publish","type":"post","link":"https:\/\/skruv.nu\/be\/aktiviteter\/frukostpicknick-vid-stranden-i-malmo-26-juli-2022\/","title":{"rendered":"Frukostpicknick vid stranden i Malm\u00f6"},"content":{"rendered":"\n<p class=\"has-base-background-color has-background\">\u00d6resundslekplatsen, n\u00e4ra brygga 7, Ribersborgsstigen 4, Limhamn<br>Tisdag 26 juli 2022 kl 08.45\u201311.00<\/p>\n\n\n\n<p>\u00d6resundslekplatsen vid Ribban \u00e4r som en liten stad vid havet, d\u00e4r barn och vuxna kan leka i ett v\u00e5gigt landskap med vad som annars finns under ytan i sundet. En stenbit vaktar sina \u00e4gg och bl\u00e5musslor filtrerar havsvattnet i ett str\u00f6mt t\u00e5nglandskap. P\u00e5 land finns en stor hamnkran och en \u201dglasskiosk\u201d som aldrig har st\u00e4ngt. <a href=\"https:\/\/malmo.se\/Uppleva-och-gora\/For-familjer-barn-och-unga\/Temalekplatser\/Oresundslekplatsen.html\">L\u00e4s mer om lekplatsen p\u00e5 malmo.se \u00bb<\/a><\/p>\n\n\n\n<p>Tillsammans \u00e4ter vi frukost, spelar kubb och sjunger s\u00e5nger p\u00e5 olika spr\u00e5k. Kanske leker vi alla en stund p\u00e5 lekplatsen. Kom och starta dagen p\u00e5 ett annorlunda s\u00e4tt!<\/p>\n\n\n\n<p>Ta med n\u00e5got att \u00e4ta och dricka efter eget \u00f6nskem\u00e5l samt n\u00e5got att sitta p\u00e5, s\u00e5 ses vi.<\/p>\n\n\n\n<p>Spr\u00e5k (introduktion, kubb och alls\u00e5ng): svenska, ryska.<\/p>\n\n\n\n<p>Evenemanget \u00e4r gratis, \u00f6ppet f\u00f6r alla oavsett \u00e5lder och modersm\u00e5l. Ingen f\u00f6ranm\u00e4lan kr\u00e4vs. Picknicken \u00e4ger rum oavsett v\u00e4der.<\/p>\n\n\n\n<p>Picknicken \u00e4r \u00f6ppen f\u00f6r b\u00e5de medlemmar och icke-medlemmar. Passa g\u00e4rna p\u00e5 att betala medlemsavgiften till f\u00f6reningen (kontant eller Swish).<\/p>\n\n\n\n<p><em>Id\u00e9, planering och genomf\u00f6rande: Skruvs styrelse.<\/em><\/p>\n\n\n\n<p><a rel=\"noreferrer noopener\" href=\"https:\/\/www.facebook.com\/events\/553620349775143\/\" target=\"_blank\">Se \u00e4ven evenemangets Facebooksida \u00bb<\/a><\/p>\n\n\n\n<p class=\"has-base-3-color has-contrast-background-color has-text-color has-background\">I picknicken deltog 3 personer.<\/p>\n","protected":false},"excerpt":{"rendered":"<p>Starta dagen med frukost vid Ribban (Ribersborgsstranden) i Malm\u00f6!<\/p>\n","protected":false},"author":1,"featured_media":429260,"comment_status":"closed","ping_status":"open","sticky":false,"template":"","format":"standard","meta":{"_acf_changed":false,"_seopress_robots_primary_cat":"none","_seopress_titles_title":"","_seopress_titles_desc":"","_seopress_robots_index":"","_kad_post_transparent":"","_kad_post_title":"","_kad_post_layout":"","_kad_post_sidebar_id":"","_kad_post_content_style":"","_kad_post_vertical_padding":"","_kad_post_feature":"","_kad_post_feature_position":"","_kad_post_header":false,"_kad_post_footer":false,"_kad_post_classname":"","footnotes":""},"categories":[41,160],"tags":[222,177],"class_list":["post-428791","post","type-post","status-publish","format-standard","has-post-thumbnail","hentry","category-aktiviteter","category-picknickar","tag-malmo","tag-tidigare"],"acf":[],"_links":{"self":[{"href":"https:\/\/skruv.nu\/be\/wp-json\/wp\/v2\/posts\/428791","targetHints":{"allow":["GET"]}}],"collection":[{"href":"https:\/\/skruv.nu\/be\/wp-json\/wp\/v2\/posts"}],"about":[{"href":"https:\/\/skruv.nu\/be\/wp-json\/wp\/v2\/types\/post"}],"author":[{"embeddable":true,"href":"https:\/\/skruv.nu\/be\/wp-json\/wp\/v2\/users\/1"}],"replies":[{"embeddable":true,"href":"https:\/\/skruv.nu\/be\/wp-json\/wp\/v2\/comments?post=428791"}],"version-history":[{"count":0,"href":"https:\/\/skruv.nu\/be\/wp-json\/wp\/v2\/posts\/428791\/revisions"}],"wp:featuredmedia":[{"embeddable":true,"href":"https:\/\/skruv.nu\/be\/wp-json\/wp\/v2\/media\/429260"}],"wp:attachment":[{"href":"https:\/\/skruv.nu\/be\/wp-json\/wp\/v2\/media?parent=428791"}],"wp:term":[{"taxonomy":"category","embeddable":true,"href":"https:\/\/skruv.nu\/be\/wp-json\/wp\/v2\/categories?post=428791"},{"taxonomy":"post_tag","embeddable":true,"href":"https:\/\/skruv.nu\/be\/wp-json\/wp\/v2\/tags?post=428791"}],"curies":[{"name":"wp","href":"https:\/\/api.w.org\/{rel}","templated":true}]}}