{"id":429867,"date":"2022-09-03T09:30:00","date_gmt":"2022-09-03T07:30:00","guid":{"rendered":"https:\/\/skruv.nu\/okategoriserad\/lasarsstart-och-personalkonferens-pa-skruvs-barnverksamhet-i-lund\/"},"modified":"2022-12-25T15:47:30","modified_gmt":"2022-12-25T14:47:30","slug":"lasarsstart-och-personalkonferens-pa-skruvs-barnverksamhet-i-lund","status":"publish","type":"post","link":"https:\/\/skruv.nu\/be\/aktiviteter\/lasarsstart-och-personalkonferens-pa-skruvs-barnverksamhet-i-lund\/","title":{"rendered":"L\u00e4s\u00e5rsstart och personalkonferens p\u00e5 Skruvs barnverksamhet i Lund"},"content":{"rendered":"\n<p class=\"has-base-background-color has-background has-medium-font-size\">Folkuniversitetet, Skomakaregatan 8, Lund<br\/>L\u00f6rdag 3 september 2022 kl 09.30-11.00 (personalkonferens 11.00-13.30)<\/p>\n\n<p>Elena Novella \u00f6ppnar d\u00f6rrarna till Skruvs barnverksamhet f\u00f6r det nya l\u00e4s\u00e5ret och l\u00e4mnar allm\u00e4n information. Barnen g\u00e5r sedan till sina f\u00f6rsta lektioner f\u00f6r \u00e5ret medan Elena h\u00e5ller f\u00f6r\u00e4ldram\u00f6te.<\/p>\n\n<p>Efter lektionerna och f\u00f6r\u00e4ldram\u00f6tet samlas personalen p\u00e5 verksamheten f\u00f6r personalkonferens.<\/p>\n","protected":false},"excerpt":{"rendered":"<p>Det nya l\u00e4s\u00e5ret startar p\u00e5 Skruvs barnverksamhet i Lund.<\/p>\n","protected":false},"author":1,"featured_media":429865,"comment_status":"closed","ping_status":"open","sticky":false,"template":"","format":"standard","meta":{"_acf_changed":false,"_seopress_robots_primary_cat":"none","_seopress_titles_title":"","_seopress_titles_desc":"","_seopress_robots_index":"","_kad_post_transparent":"","_kad_post_title":"","_kad_post_layout":"","_kad_post_sidebar_id":"","_kad_post_content_style":"","_kad_post_vertical_padding":"","_kad_post_feature":"","_kad_post_feature_position":"","_kad_post_header":false,"_kad_post_footer":false,"_kad_post_classname":"","footnotes":""},"categories":[41,269],"tags":[207,177],"class_list":["post-429867","post","type-post","status-publish","format-standard","has-post-thumbnail","hentry","category-aktiviteter","category-barn-lund","tag-lund","tag-tidigare"],"acf":[],"_links":{"self":[{"href":"https:\/\/skruv.nu\/be\/wp-json\/wp\/v2\/posts\/429867","targetHints":{"allow":["GET"]}}],"collection":[{"href":"https:\/\/skruv.nu\/be\/wp-json\/wp\/v2\/posts"}],"about":[{"href":"https:\/\/skruv.nu\/be\/wp-json\/wp\/v2\/types\/post"}],"author":[{"embeddable":true,"href":"https:\/\/skruv.nu\/be\/wp-json\/wp\/v2\/users\/1"}],"replies":[{"embeddable":true,"href":"https:\/\/skruv.nu\/be\/wp-json\/wp\/v2\/comments?post=429867"}],"version-history":[{"count":0,"href":"https:\/\/skruv.nu\/be\/wp-json\/wp\/v2\/posts\/429867\/revisions"}],"wp:featuredmedia":[{"embeddable":true,"href":"https:\/\/skruv.nu\/be\/wp-json\/wp\/v2\/media\/429865"}],"wp:attachment":[{"href":"https:\/\/skruv.nu\/be\/wp-json\/wp\/v2\/media?parent=429867"}],"wp:term":[{"taxonomy":"category","embeddable":true,"href":"https:\/\/skruv.nu\/be\/wp-json\/wp\/v2\/categories?post=429867"},{"taxonomy":"post_tag","embeddable":true,"href":"https:\/\/skruv.nu\/be\/wp-json\/wp\/v2\/tags?post=429867"}],"curies":[{"name":"wp","href":"https:\/\/api.w.org\/{rel}","templated":true}]}}