{"id":429878,"date":"2022-09-04T10:00:00","date_gmt":"2022-09-04T08:00:00","guid":{"rendered":"https:\/\/skruv.nu\/okategoriserad\/lasarsstart-pa-barnverksamheten-i-malmo-3\/"},"modified":"2024-02-25T21:27:33","modified_gmt":"2024-02-25T20:27:33","slug":"lasarsstart-pa-barnverksamheten-i-malmo-3","status":"publish","type":"post","link":"https:\/\/skruv.nu\/be\/aktiviteter\/barn\/barn-malmo\/lasarsstart-pa-barnverksamheten-i-malmo-3\/","title":{"rendered":"L\u00e4s\u00e5rsstart p\u00e5 barnverksamheten i Malm\u00f6"},"content":{"rendered":"\n<p class=\"has-theme-palette-7-background-color has-background has-medium-font-size\">Studiefr\u00e4mjandet, Ystadsgatan 53, Malm\u00f6<br\/>S\u00f6ndag 4 september 2022 kl 10.00-14.00<\/p>\n\n<p>S\u00e4rskilt schema. Alla samlas utomhus och efter en liten h\u00f6gtid g\u00e5r barnen med pedagogerna in p\u00e5 sina lektioner.<\/p>\n\n<p>De minsta barnen som g\u00e5r hos Olga Aleksejevna f\u00f6ljer det vanliga schemat.<\/p>\n","protected":false},"excerpt":{"rendered":"<p>Start f\u00f6r ett nytt l\u00e4s\u00e5r p\u00e5 barnverksamheten i Malm\u00f6.<\/p>\n","protected":false},"author":1,"featured_media":429875,"comment_status":"closed","ping_status":"open","sticky":false,"template":"","format":"standard","meta":{"_acf_changed":false,"_seopress_robots_primary_cat":"none","_seopress_titles_title":"","_seopress_titles_desc":"","_seopress_robots_index":"","_kad_post_transparent":"","_kad_post_title":"","_kad_post_layout":"","_kad_post_sidebar_id":"","_kad_post_content_style":"","_kad_post_vertical_padding":"","_kad_post_feature":"","_kad_post_feature_position":"","_kad_post_header":false,"_kad_post_footer":false,"_kad_post_classname":"","footnotes":""},"categories":[41,32],"tags":[222,177],"class_list":["post-429878","post","type-post","status-publish","format-standard","has-post-thumbnail","hentry","category-aktiviteter","category-barn-malmo","tag-malmo","tag-tidigare"],"acf":[],"_links":{"self":[{"href":"https:\/\/skruv.nu\/be\/wp-json\/wp\/v2\/posts\/429878","targetHints":{"allow":["GET"]}}],"collection":[{"href":"https:\/\/skruv.nu\/be\/wp-json\/wp\/v2\/posts"}],"about":[{"href":"https:\/\/skruv.nu\/be\/wp-json\/wp\/v2\/types\/post"}],"author":[{"embeddable":true,"href":"https:\/\/skruv.nu\/be\/wp-json\/wp\/v2\/users\/1"}],"replies":[{"embeddable":true,"href":"https:\/\/skruv.nu\/be\/wp-json\/wp\/v2\/comments?post=429878"}],"version-history":[{"count":0,"href":"https:\/\/skruv.nu\/be\/wp-json\/wp\/v2\/posts\/429878\/revisions"}],"wp:featuredmedia":[{"embeddable":true,"href":"https:\/\/skruv.nu\/be\/wp-json\/wp\/v2\/media\/429875"}],"wp:attachment":[{"href":"https:\/\/skruv.nu\/be\/wp-json\/wp\/v2\/media?parent=429878"}],"wp:term":[{"taxonomy":"category","embeddable":true,"href":"https:\/\/skruv.nu\/be\/wp-json\/wp\/v2\/categories?post=429878"},{"taxonomy":"post_tag","embeddable":true,"href":"https:\/\/skruv.nu\/be\/wp-json\/wp\/v2\/tags?post=429878"}],"curies":[{"name":"wp","href":"https:\/\/api.w.org\/{rel}","templated":true}]}}