{"id":430738,"date":"2023-05-28T10:00:00","date_gmt":"2023-05-28T08:00:00","guid":{"rendered":"https:\/\/skruv.nu\/okategoriserad\/lasarsavslutning-och-personalkonferens-pa-barnverksamheten-i-malmo-28-maj-2023\/"},"modified":"2025-01-19T19:28:16","modified_gmt":"2025-01-19T18:28:16","slug":"lasarsavslutning-och-personalkonferens-28-maj-2023","status":"publish","type":"post","link":"https:\/\/skruv.nu\/be\/aktiviteter\/barn\/barn-malmo\/lasarsavslutning-och-personalkonferens-28-maj-2023\/","title":{"rendered":"L\u00e4s\u00e5rsavslutning och personalkonferens p\u00e5 barnverksamheten i Malm\u00f6"},"content":{"rendered":"\n<p class=\"has-theme-palette-7-background-color has-background has-medium-font-size\">Studiefr\u00e4mjandet, Ystadsgatan 53, Malm\u00f6<br\/>S\u00f6ndag 28 maj 2023 kl 10.00-12.00<\/p>\n\n<p>P\u00e5 avslutningen visar de olika grupperna upp olika s\u00e5ng-, dans- och teaternummer som barnen har \u00f6vat in.<\/p>\n\n<p>Efter avslutningen h\u00e5ller personalen m\u00f6te om det g\u00e5ngna \u00e5ret och om n\u00e4sta l\u00e4s\u00e5r.<\/p>\n\n<div class=\"wp-block-columns is-layout-flex wp-container-core-columns-is-layout-9d6595d7 wp-block-columns-is-layout-flex\">\n<div class=\"wp-block-column is-layout-flow wp-block-column-is-layout-flow\" style=\"flex-basis:66.66%\">\n<p><em>Det h\u00e4r \u00e4r ett arrangemang av Skruv i samarbete med Studiefr\u00e4mjandet.<\/em>         <\/p>\n<\/div>\n\n\n\n<div class=\"wp-block-column is-layout-flow wp-block-column-is-layout-flow\" style=\"flex-basis:33.33%\">\n<div class=\"wp-block-group has-background is-layout-flow wp-block-group-is-layout-flow\" style=\"background-color:#f4f4f4\">\n<p class=\"has-text-align-center has-large-font-size\">I samarbete med<\/p>\n\n\n\n<figure class=\"wp-block-image aligncenter size-full\"><img fetchpriority=\"high\" decoding=\"async\" width=\"300\" height=\"194\" src=\"https:\/\/skruv.nu\/wp-content\/uploads\/2022\/01\/sfr-logo-red-transparent-bakgrund_b300.png\" alt=\"Studiefr&#xE4;mjandets logotyp\" class=\"wp-image-424998\" srcset=\"https:\/\/skruv.nu\/wp-content\/uploads\/2022\/01\/sfr-logo-red-transparent-bakgrund_b300.png 300w, https:\/\/skruv.nu\/wp-content\/uploads\/2022\/01\/sfr-logo-red-transparent-bakgrund_b300-150x97.png 150w\" sizes=\"(max-width: 300px) 100vw, 300px\" \/><\/figure>\n<\/div>\n<\/div>\n<\/div>\n","protected":false},"excerpt":{"rendered":"<p>Skruvs ryska barnverksamhet avslutar l\u00e4s\u00e5ret. Marina Vladimirovna l\u00e4mnar \u00f6ver sina uppgifter som verksamhetsledare f\u00f6r barnverksamheten till Daria Andrejevna. Denna \u00f6verl\u00e4mning markerar en viktig milstolpe i Skruvs barnverksamhets historia, eftersom Marina Vladimirovna under m\u00e5nga \u00e5r har varit engagerad i att s\u00e4kra kvaliteten p\u00e5 utbildningen p\u00e5 barnverksamheten.<\/p>\n","protected":false},"author":1,"featured_media":433154,"comment_status":"closed","ping_status":"open","sticky":false,"template":"","format":"standard","meta":{"_acf_changed":false,"_seopress_robots_primary_cat":"none","_seopress_titles_title":"","_seopress_titles_desc":"","_seopress_robots_index":"","_kad_post_transparent":"","_kad_post_title":"","_kad_post_layout":"","_kad_post_sidebar_id":"","_kad_post_content_style":"","_kad_post_vertical_padding":"","_kad_post_feature":"","_kad_post_feature_position":"","_kad_post_header":false,"_kad_post_footer":false,"_kad_post_classname":"","footnotes":""},"categories":[41,32,397],"tags":[222,177],"class_list":["post-430738","post","type-post","status-publish","format-standard","has-post-thumbnail","hentry","category-aktiviteter","category-barn-malmo","category-teater","tag-malmo","tag-tidigare"],"acf":[],"_links":{"self":[{"href":"https:\/\/skruv.nu\/be\/wp-json\/wp\/v2\/posts\/430738","targetHints":{"allow":["GET"]}}],"collection":[{"href":"https:\/\/skruv.nu\/be\/wp-json\/wp\/v2\/posts"}],"about":[{"href":"https:\/\/skruv.nu\/be\/wp-json\/wp\/v2\/types\/post"}],"author":[{"embeddable":true,"href":"https:\/\/skruv.nu\/be\/wp-json\/wp\/v2\/users\/1"}],"replies":[{"embeddable":true,"href":"https:\/\/skruv.nu\/be\/wp-json\/wp\/v2\/comments?post=430738"}],"version-history":[{"count":2,"href":"https:\/\/skruv.nu\/be\/wp-json\/wp\/v2\/posts\/430738\/revisions"}],"predecessor-version":[{"id":446265,"href":"https:\/\/skruv.nu\/be\/wp-json\/wp\/v2\/posts\/430738\/revisions\/446265"}],"wp:featuredmedia":[{"embeddable":true,"href":"https:\/\/skruv.nu\/be\/wp-json\/wp\/v2\/media\/433154"}],"wp:attachment":[{"href":"https:\/\/skruv.nu\/be\/wp-json\/wp\/v2\/media?parent=430738"}],"wp:term":[{"taxonomy":"category","embeddable":true,"href":"https:\/\/skruv.nu\/be\/wp-json\/wp\/v2\/categories?post=430738"},{"taxonomy":"post_tag","embeddable":true,"href":"https:\/\/skruv.nu\/be\/wp-json\/wp\/v2\/tags?post=430738"}],"curies":[{"name":"wp","href":"https:\/\/api.w.org\/{rel}","templated":true}]}}