{"id":430776,"date":"2023-02-02T15:00:00","date_gmt":"2023-02-02T14:00:00","guid":{"rendered":"https:\/\/skruv.nu\/?p=430776"},"modified":"2024-02-22T13:21:47","modified_gmt":"2024-02-22T12:21:47","slug":"skruv-deltar-i-mote-i-malmo-om-civilsamhallets-insatser-for-ukrainska-flyktingar","status":"publish","type":"post","link":"https:\/\/skruv.nu\/be\/aktiviteter\/skruv-deltar-i-mote-i-malmo-om-civilsamhallets-insatser-for-ukrainska-flyktingar\/","title":{"rendered":"Skruv deltar i m\u00f6te i Malm\u00f6 om insatser f\u00f6r ukrainska flyktingar"},"content":{"rendered":"\n<p class=\"has-theme-palette-7-background-color has-background has-medium-font-size\">F\u00f6reningscenter Nobel 21, Nobelv\u00e4gen 21, Malm\u00f6<br>Torsdag 2 februari 2023 kl 15.00\u201317.00<\/p>\n\n\n\n<p>Under m\u00f6tet delar vi erfarenheter och id\u00e9er f\u00f6r att se hur vi kan st\u00e4rka b\u00e5de varandra och dem som \u00e4r i behov av v\u00e5r hj\u00e4lp.<\/p>\n\n\n\n<p>Som representant f\u00f6r Skruv deltar f\u00f6reningens ordf\u00f6rande Niklas B\u00f6nnemark.<\/p>\n","protected":false},"excerpt":{"rendered":"<p>Malm\u00f6 Ideella och Malm\u00f6 stad arrangerar ett m\u00f6te f\u00f6r alla i civilsamh\u00e4llet som jobbar med ukrainska flyktingar.<\/p>\n","protected":false},"author":1,"featured_media":430779,"comment_status":"closed","ping_status":"open","sticky":false,"template":"","format":"standard","meta":{"_acf_changed":false,"_seopress_robots_primary_cat":"none","_seopress_titles_title":"","_seopress_titles_desc":"","_seopress_robots_index":"","_kad_post_transparent":"","_kad_post_title":"","_kad_post_layout":"","_kad_post_sidebar_id":"","_kad_post_content_style":"","_kad_post_vertical_padding":"","_kad_post_feature":"","_kad_post_feature_position":"","_kad_post_header":false,"_kad_post_footer":false,"_kad_post_classname":"","footnotes":""},"categories":[41,166],"tags":[222,177],"class_list":["post-430776","post","type-post","status-publish","format-standard","has-post-thumbnail","hentry","category-aktiviteter","category-foreningsdemokrati","tag-malmo","tag-tidigare"],"acf":[],"_links":{"self":[{"href":"https:\/\/skruv.nu\/be\/wp-json\/wp\/v2\/posts\/430776","targetHints":{"allow":["GET"]}}],"collection":[{"href":"https:\/\/skruv.nu\/be\/wp-json\/wp\/v2\/posts"}],"about":[{"href":"https:\/\/skruv.nu\/be\/wp-json\/wp\/v2\/types\/post"}],"author":[{"embeddable":true,"href":"https:\/\/skruv.nu\/be\/wp-json\/wp\/v2\/users\/1"}],"replies":[{"embeddable":true,"href":"https:\/\/skruv.nu\/be\/wp-json\/wp\/v2\/comments?post=430776"}],"version-history":[{"count":0,"href":"https:\/\/skruv.nu\/be\/wp-json\/wp\/v2\/posts\/430776\/revisions"}],"wp:featuredmedia":[{"embeddable":true,"href":"https:\/\/skruv.nu\/be\/wp-json\/wp\/v2\/media\/430779"}],"wp:attachment":[{"href":"https:\/\/skruv.nu\/be\/wp-json\/wp\/v2\/media?parent=430776"}],"wp:term":[{"taxonomy":"category","embeddable":true,"href":"https:\/\/skruv.nu\/be\/wp-json\/wp\/v2\/categories?post=430776"},{"taxonomy":"post_tag","embeddable":true,"href":"https:\/\/skruv.nu\/be\/wp-json\/wp\/v2\/tags?post=430776"}],"curies":[{"name":"wp","href":"https:\/\/api.w.org\/{rel}","templated":true}]}}