{"id":430930,"date":"2023-03-11T14:00:00","date_gmt":"2023-03-11T13:00:00","guid":{"rendered":"https:\/\/skruv.nu\/?p=430930"},"modified":"2023-11-24T09:00:42","modified_gmt":"2023-11-24T08:00:42","slug":"skruvkafe-i-malmo-11-mars-elsa-brandstrom","status":"publish","type":"post","link":"https:\/\/skruv.nu\/be\/aktiviteter\/skruvkafe-i-malmo-11-mars-elsa-brandstrom\/","title":{"rendered":"Skruvkaf\u00e9 i Malm\u00f6: Elsa Br\u00e4ndstr\u00f6m"},"content":{"rendered":"\n<p class=\"has-theme-palette-7-background-color has-background has-medium-font-size\">Rum 304, Studiefr\u00e4mjandet, Ystadsgatan 53, Malm\u00f6<br>L\u00f6rdag 11 mars 2023 kl 14.00\u201316.00<\/p>\n\n\n\n<p>I mars 2023 \u00e4r det 135 \u00e5r sedan Elsa Br\u00e4ndstr\u00f6m f\u00f6ddes i S:t Petersburg. Som dotter till en svensk diplomat upplevde hon f\u00f6rsta v\u00e4rldskrigets utbrott i Ryssland. \u00c5r 1915 reste hon till Sibirien f\u00f6r svenska R\u00f6da Korset f\u00f6r att ge grundl\u00e4ggande sjukv\u00e5rd till tyska och \u00f6sterrikiska krigsf\u00e5ngar i ryskt f\u00f6rvar.<\/p>\n\n\n\n<p>Hon kom att kallas Sibiriens \u00e4ngel efter sina fantastiska insatser f\u00f6r krigsf\u00e5ngar under f\u00f6rsta v\u00e4rldskriget och \u00e5ren n\u00e4rmast efter. Efter kriget flyttade hon till Tyskland och fortsatte att hj\u00e4lpa f\u00f6re detta krigsf\u00e5ngar tillbaka till ett normalt liv. N\u00e4r nazisterna kom till makten i Tyskland blev Br\u00e4ndstr\u00f6ms make p\u00e5 olika s\u00e4tt hotad, och familjen emigrerade d\u00e4rf\u00f6r till USA 1934. I USA fortsatte hon att engagera sig f\u00f6r flyktingar.<\/p>\n\n\n\n<p>Under och efter f\u00f6redraget v\u00e4ntar kvinnodagsfika. Vi f\u00e5r lyssna p\u00e5 s\u00e5nger till\u00e4gnade kvinnor och s\u00e5nger som livar upp st\u00e4mningen, och&nbsp;alla som vill \u00e4r v\u00e4lkomna att vara med och sjunga. V\u00e4lkomna ocks\u00e5 att f\u00f6rbereda dikter och citat p\u00e5 temat <em>kvinnor<\/em>!<\/p>\n\n\n\n<p>Spr\u00e5k: svenska och ryska. F\u00f6redraget om Elsa Br\u00e4ndstr\u00f6m h\u00e5lls p\u00e5 svenska, med en skriftlig sammanfattning p\u00e5 ryska.<\/p>\n\n\n\n<p>Entr\u00e9: 60 kr (30 kr f\u00f6r medlemmar). I entr\u00e9avgiften ing\u00e5r kaffe, te och&nbsp;tilltugg. Medlemskap kan l\u00f6sas i samband med evenemanget.<\/p>\n\n\n\n<p><a href=\"https:\/\/www.facebook.com\/events\/180859674673400\/\" target=\"_blank\" rel=\"noreferrer noopener\">Frivillig f\u00f6ranm\u00e4lan p\u00e5 Facebook underl\u00e4ttar planeringen.&nbsp;Se evenemangets Facebooksida \u00bb<\/a><\/p>\n\n\n\n<p>Varmt v\u00e4lkommen!<\/p>\n\n\n\n<h2 class=\"wp-block-heading\">Efter Skruvkaf\u00e9et<\/h2>\n\n\n\n<p>Direkt efter Skruvkaf\u00e9et, kl 16.00, f\u00f6ljer \u00e5rets f\u00f6reningsst\u00e4mma, som \u00e4r <strong>\u00f6ppen f\u00f6r alla medlemmar i Skruv<\/strong>. St\u00e4mman ber\u00e4knas vara slut strax f\u00f6re 17.00. <a href=\"https:\/\/skruv.nu\/aktiviteter\/foreningsstamma-i-malmo-11-mars-2023\/\" data-type=\"post\" data-id=\"430950\">L\u00e4s om f\u00f6reningsst\u00e4mman h\u00e4r \u00bb<\/a><\/p>\n\n\n\n<div class=\"wp-block-columns is-layout-flex wp-container-core-columns-is-layout-9d6595d7 wp-block-columns-is-layout-flex\">\n<div class=\"wp-block-column is-layout-flow wp-block-column-is-layout-flow\" style=\"flex-basis:66.66%\">\n<p><em>\u0413\u044d\u0442\u0430 \u043c\u0435\u0440\u0430\u043f\u0440\u044b\u0435\u043c\u0441\u0442\u0432\u0430 \u0421\u043a\u0440\u0443\u0432\u044b \u045e \u0441\u0443\u043f\u0440\u0430\u0446\u043e\u045e\u043d\u0456\u0446\u0442\u0432\u0435 \u0437 \u043d\u0430\u0432\u0443\u0447\u0430\u043b\u044c\u043d\u0430\u0439 \u0443\u0441\u0442\u0430\u043d\u043e\u0432\u0430\u0439 \u00abStudiefr\u00e4mjandet\u00bb.<br\/>\u0406\u0434\u044d\u044f, \u043f\u043b\u0430\u043d\u0430\u0432\u0430\u043d\u043d\u0435 \u0456 \u0440\u044d\u0430\u043b\u0456\u0437\u0430\u0446\u044b\u044f: \u041d\u0456\u043a\u043b\u0430\u0441 \u0411\u0451\u043d\u0435\u043c\u0430\u0440\u043a.  <br\/>\u041c\u0435\u0441\u0446\u0430 \u043f\u0440\u0430\u0432\u044f\u0434\u0437\u0435\u043d\u043d\u044f: \u0421\u0442\u0443\u0434\u044b\u044f\u0444\u0440\u044d\u043c\u044f\u043d\u0434\u044d\u0442.<br\/>\u041f\u0430\u0434\u0440\u044b\u0445\u0442\u043e\u045e\u043a\u0430\/\u0440\u044d\u0441\u0442\u0430\u045e\u0440\u0430\u0446\u044b\u044f \u043c\u0435\u0441\u0446\u0430 \u043f\u0440\u0430\u0432\u044f\u0434\u0437\u0435\u043d\u043d\u044f: \u0443\u0434\u0437\u0435\u043b\u044c\u043d\u0456\u043a\u0456.<br\/>\u0428\u0432\u0435\u0434\u0441\u043a\u0456 \u0442\u044d\u043a\u0441\u0442 \u0437\u0430\u043f\u0440\u0430\u0448\u044d\u043d\u043d\u044f: Niklas B\u00f8nnemark.<br\/>\u0420\u0443\u0441\u043a\u0456 \u043f\u0435\u0440\u0430\u043a\u043b\u0430\u0434 \u0437\u0430\u043f\u0440\u0430\u0448\u044d\u043d\u043d\u044f: \u041d\u0456\u043a\u043b\u0430\u0441 \u0411\u0451\u043d\u0435\u043c\u0430\u0440\u043a.<br\/>\u0423\u043a\u0440\u0430\u0456\u043d\u0441\u043a\u0456 \u043f\u0435\u0440\u0430\u043a\u043b\u0430\u0434 \u0437\u0430\u043f\u0440\u0430\u0448\u044d\u043d\u043d\u044f: \u041d\u0456\u043a\u043b\u0430\u0441 \u0411\u0451\u043d\u0435\u043c\u0430\u0440\u043a.<br\/>\u0417\u0430\u043f\u0440\u0430\u0448\u044d\u043d\u043d\u0435 \u0456 \u043c\u0430\u0440\u043a\u0435\u0442\u044b\u043d\u0433\u0430\u0432\u0430\u0435 \u0440\u044d\u0434\u0430\u0433\u0430\u0432\u0430\u043d\u043d\u0435: \u041d\u0456\u043a\u043b\u0430\u0441 \u0411\u0451\u043d\u0435\u043c\u0430\u0440\u043a.<\/em><\/p>\n<\/div>\n\n\n\n<div class=\"wp-block-column is-layout-flow wp-block-column-is-layout-flow\" style=\"flex-basis:33.33%\">\n<div class=\"wp-block-group has-background is-layout-flow wp-block-group-is-layout-flow\" style=\"background-color:#f4f4f4\">\n<p class=\"has-text-align-center has-large-font-size\">\u0423 \u0441\u0443\u043f\u0440\u0430\u0446\u043e\u045e\u043d\u0456\u0446\u0442\u0432\u0435 \u0437<\/p>\n\n\n\n<figure class=\"wp-block-image aligncenter size-full\"><img decoding=\"async\" src=\"https:\/\/skruv.nu\/wp-content\/uploads\/\" alt=\"\u041b\u0430\u0433\u0430\u0442\u044b\u043f \u0441\u0442\u0443\u0434\u044b\u0456\" class=\"wp-image-424998\"\/><\/figure>\n<\/div>\n<\/div>\n<\/div>\n\n\n\n<p class=\"has-theme-palette-9-color has-theme-palette-3-background-color has-text-color has-background\">I evenemanget deltog 7 personer.<\/p>\n\n\n\n<h2 class=\"wp-block-heading\">Sammanfattning av f\u00f6redraget<\/h2>\n\n\n\n<p>Elsa Br\u00e4ndstr\u00f6m f\u00f6ddes i Sankt Petersburg som barn till Edvard och Anna Br\u00e4ndstr\u00f6m. Fadern var milit\u00e4rattach\u00e9 vid Sveriges ambassad. Familjen flyttade tillbaka till Sverige n\u00e4r hon var tre \u00e5r. Efter h\u00f6gre flickskola i Link\u00f6ping utbildade sig Elsa Br\u00e4ndstr\u00f6m vid Anna Sandstr\u00f6ms h\u00f6gre l\u00e4rarinneseminarium i Stockholm 1906\u20131908.<\/p>\n\n\n\n<p>\u00c5r 1908 flyttade hon tillbaka till Sankt Petersburg, d\u00e4r fadern d\u00e5 var svenskt s\u00e4ndebud. N\u00e4r hennes mor avled 1913 fick hon sj\u00e4lv ta hand om sk\u00f6tseln av ministerbostaden.<\/p>\n\n\n\n<p>Vid utbrottet av f\u00f6rsta v\u00e4rldskriget 1914 fick Elsa Br\u00e4ndstr\u00f6m och hennes v\u00e4ninna Ethel von Heinestam som frivillig en snabbutbildning till krigssjuksk\u00f6terska i Petrograd. P\u00e5 den tiden i Ryssland studerade m\u00e5nga representanter f\u00f6r det h\u00f6ga samh\u00e4llet p\u00e5 sjuksk\u00f6terskekurser, fick ett barmh\u00e4rtighetscertifikat med r\u00e4tt att b\u00e4ra en systers uniform. Svenska f\u00f6reningen inr\u00e4ttade ett sjukhus i Petrograd f\u00f6r s\u00e5rade ryska soldater, d\u00e4r Elsa arbetade som sjuksk\u00f6terska i ungef\u00e4r ett \u00e5r. F\u00f6rst tj\u00e4nstgjorde hon p\u00e5 krigslasarettet Nikolaevskij p\u00e5 Suvorovskijavenyn i Petrograd och tog hand om s\u00e5rade ryska soldater. Men sedan utv\u00e4xlingen av krigsf\u00e5ngar mellan Tyskland och Ryssland kommit ig\u00e5ng tj\u00e4nstgjorde hon p\u00e5 t\u00e5gen som transporterade s\u00e5rade f\u00e5ngar mellan Ryssland och Tyskland p\u00e5 str\u00e4ckan Trelleborg\u2013Karungi.<\/p>\n\n\n\n<p>Fr\u00e5n 1915 anst\u00e4lldes hon i st\u00e4llet av Svenska R\u00f6da korset f\u00f6r att arbeta i f\u00e5ngl\u00e4gren i Sibirien med organisation av hj\u00e4lpverksamheten dit.<\/p>\n\n\n\n<p>Hon gjorde betydande insatser f\u00f6r f\u00e5ngarna och k\u00e4mpade med envis kraft mot all likgiltighet inf\u00f6r f\u00e5ngarnas \u00f6de. Hon samarbetade med Wilhelm Sarwe, en svensk mission\u00e4r som verkade st\u00f6rre delen av sitt liv i Ryssland.<\/p>\n\n\n\n<p>F\u00f6rh\u00e5llandena var sv\u00e5ra i l\u00e4gren: f\u00e5ngarna saknade vinterkl\u00e4der, filtar, medicinska f\u00f6rn\u00f6denheter och andra grundl\u00e4ggande f\u00f6rn\u00f6denheter.<\/p>\n\n\n\n<p>Under resandet \u00e5drog sig Br\u00e4ndstr\u00f6m fl\u00e4cktyfus, och i samband med oktoberrevolutionen greps hon i Omsk och undkom med knapp n\u00f6d arkebusering anklagad f\u00f6r att vara spion.<\/p>\n\n\n\n<p>Under resorna till f\u00e5ngl\u00e4gren delade hon ut mat, kl\u00e4der och medicinska f\u00f6rn\u00f6denheter.<\/p>\n\n\n\n<p>I l\u00e4gret Sretensk (\u0421\u0440\u0435\u0442\u0435\u043d\u0441\u043a\u0438\u0439 \u043b\u0430\u0433\u0435\u0440\u044c \u0432\u043e\u0435\u043d\u043d\u043e\u043f\u043b\u0435\u043d\u043d\u044b\u0445) i Zabajkalskaja oblast ledde hennes inspektioner till att f\u00f6rb\u00e4ttra f\u00f6rh\u00e5llandena s\u00e5 mycket att tyfusepidemin avv\u00e4rjdes.<\/p>\n\n\n\n<p>Hon \u00e5terv\u00e4nde till Sverige i juli 1920. Fr\u00e5n Sverige fortsatte hon att st\u00f6dja krigsf\u00e5ngar i Sibirien. Hon samlade in g\u00e5vor och skickade vinterkl\u00e4der till dem.<\/p>\n\n\n\n<p>Efter kriget skrev Br\u00e4ndstr\u00f6m boken <em>Bland krigsf\u00e5ngar i Ryssland och Sibirien<\/em> (1921) om sina erfarenheter. Int\u00e4kterna fr\u00e5n f\u00f6rs\u00e4ljningen av boken samt fr\u00e5n en f\u00f6rel\u00e4sningsturn\u00e9 finansierade s\u00e5dant som skulle beh\u00f6vas vid krigsf\u00e5ngarnas hemkomst: ett h\u00e4lsohem, ett hem f\u00f6r barn till f.d. krigsf\u00e5ngar och ett arbetssanatorium, d\u00e4r de f\u00f6re detta krigsf\u00e5ngarna kunde utbilda sig f\u00f6r att jobba inom jordbruk och fiske.<\/p>\n\n\n\n<p>Hon samlade \u00e4ven in medel till ett st\u00f6rre barnhem i Neusorge i Sachsen. P\u00e5 barnhemmet tog hon bara emot barn som hade blivit \u201df\u00f6rsta klassens m\u00e4nniskor\u201d och v\u00e4grade ta emot dem med funktionsneds\u00e4ttningar och karakt\u00e4rsdrag som ans\u00e5gs oacceptabla.<\/p>\n\n\n\n<p>Hon bosatte sig i Tyskland, d\u00e4r hon tr\u00e4ffade den tyske pedagogikprofessorn Robert Ulich, som hon ocks\u00e5 gifte sig med 1929. De fick en dotter tillsammans 1932.<\/p>\n\n\n\n<p>Br\u00e4ndstr\u00f6m k\u00f6pte kuranstalten Marienborn i Schmeckwitz i Sachsen och mj\u00f6lnarg\u00e5rden Schreiberm\u00fchle i Brandenburg, d\u00e4r hon inr\u00e4ttade ett barnhem. I Marienborn bedrevs ett sanatorium f\u00f6r tidigare tyska krigsf\u00e5ngar.<\/p>\n\n\n\n<p>Som erk\u00e4nnande f\u00f6r sin insats erh\u00f6ll hon medaljerna Illis Quorum och Florence Nightingale-medaljen och utn\u00e4mndes till medicine hedersdoktor i Uppsala och vid flera utl\u00e4ndska universitet. Hon f\u00f6rdes fram som kandidat f\u00f6r Nobels fredspris fem g\u00e5nger.<\/p>\n\n\n\n<p>N\u00e4r nazisterna kom till makten i Tyskland blev Br\u00e4ndstr\u00f6ms make p\u00e5 olika s\u00e4tt hotad och familjen emigrerade d\u00e4rf\u00f6r till USA 1934. Hon fortsatte i USA att engagera sig f\u00f6r flyktingar och var i samband med andra v\u00e4rldskrigets slut bland annat engagerad i organisationen CARE. Hon avled den 4 mars 1948 i Cambridge, Massachusetts i USA, och ligger begravd p\u00e5 Norra begravningsplatsen i Solna.<\/p>\n\n\n\n<p>K\u00e4llor:<\/p>\n\n\n\n<figure class=\"wp-block-embed is-type-rich is-provider-spotify wp-block-embed-spotify wp-embed-aspect-21-9 wp-has-aspect-ratio\"><div class=\"wp-block-embed__wrapper\">\n<iframe title=\"Spotify Embed: Elsa Br\u00e4ndstr\u00f6m born - March 26, 1888\" style=\"border-radius: 12px\" width=\"100%\" height=\"152\" frameborder=\"0\" allowfullscreen allow=\"autoplay; clipboard-write; encrypted-media; fullscreen; picture-in-picture\" loading=\"lazy\" src=\"https:\/\/open.spotify.com\/embed\/episode\/1st0gFpRREUCgskLdGfm2x?si=d00af5b12ccf454f&#038;utm_source=oembed\"><\/iframe>\n<\/div><\/figure>\n\n\n\n<p><a href=\"https:\/\/sv.wikipedia.org\/wiki\/Elsa_Br%C3%A4ndstr%C3%B6m\">https:\/\/sv.wikipedia.org\/wiki\/Elsa_Br%C3%A4ndstr%C3%B6m<\/a><\/p>\n\n\n\n<p><a href=\"https:\/\/ru.wikipedia.org\/wiki\/%D0%91%D1%80%D0%B5%D0%BD%D0%B4%D1%81%D1%82%D1%80%D1%91%D0%BC,_%D0%AD%D0%BB%D1%8C%D0%B7%D0%B0\">https:\/\/ru.wikipedia.org\/wiki\/%D0%91%D1%80%D0%B5%D0%BD%D0%B4%D1%81%D1%82%D1%80%D1%91%D0%BC,_%D0%AD%D0%BB%D1%8C%D0%B7%D0%B0<\/a><\/p>\n","protected":false},"excerpt":{"rendered":"<p>Vem var Sibiriens \u00e4ngel? Varf\u00f6r kallades hon det? P\u00e5 mars m\u00e5nads Skruvkaf\u00e9 ber\u00e4ttar Niklas B\u00f6nnemark om Elsa Br\u00e4ndstr\u00f6m. Vi uppm\u00e4rksammar ocks\u00e5 internationella kvinnodagen.<\/p>\n","protected":false},"author":1,"featured_media":431435,"comment_status":"closed","ping_status":"open","sticky":false,"template":"","format":"standard","meta":{"_acf_changed":false,"_seopress_robots_primary_cat":"none","_seopress_titles_title":"","_seopress_titles_desc":"","_seopress_robots_index":"","_kad_post_transparent":"","_kad_post_title":"","_kad_post_layout":"","_kad_post_sidebar_id":"","_kad_post_content_style":"","_kad_post_vertical_padding":"","_kad_post_feature":"","_kad_post_feature_position":"","_kad_post_header":false,"_kad_post_footer":false,"_kad_post_classname":"","footnotes":""},"categories":[41,67],"tags":[222,177],"class_list":["post-430930","post","type-post","status-publish","format-standard","has-post-thumbnail","hentry","category-aktiviteter","category-kafe","tag-malmo","tag-tidigare"],"acf":[],"_links":{"self":[{"href":"https:\/\/skruv.nu\/be\/wp-json\/wp\/v2\/posts\/430930","targetHints":{"allow":["GET"]}}],"collection":[{"href":"https:\/\/skruv.nu\/be\/wp-json\/wp\/v2\/posts"}],"about":[{"href":"https:\/\/skruv.nu\/be\/wp-json\/wp\/v2\/types\/post"}],"author":[{"embeddable":true,"href":"https:\/\/skruv.nu\/be\/wp-json\/wp\/v2\/users\/1"}],"replies":[{"embeddable":true,"href":"https:\/\/skruv.nu\/be\/wp-json\/wp\/v2\/comments?post=430930"}],"version-history":[{"count":0,"href":"https:\/\/skruv.nu\/be\/wp-json\/wp\/v2\/posts\/430930\/revisions"}],"wp:featuredmedia":[{"embeddable":true,"href":"https:\/\/skruv.nu\/be\/wp-json\/wp\/v2\/media\/431435"}],"wp:attachment":[{"href":"https:\/\/skruv.nu\/be\/wp-json\/wp\/v2\/media?parent=430930"}],"wp:term":[{"taxonomy":"category","embeddable":true,"href":"https:\/\/skruv.nu\/be\/wp-json\/wp\/v2\/categories?post=430930"},{"taxonomy":"post_tag","embeddable":true,"href":"https:\/\/skruv.nu\/be\/wp-json\/wp\/v2\/tags?post=430930"}],"curies":[{"name":"wp","href":"https:\/\/api.w.org\/{rel}","templated":true}]}}