{"id":431170,"date":"2023-05-05T18:00:00","date_gmt":"2023-05-05T16:00:00","guid":{"rendered":"https:\/\/skruv.nu\/?p=431170"},"modified":"2024-08-09T15:06:17","modified_gmt":"2024-08-09T13:06:17","slug":"skruv-deltar-i-malmo-stads-foreningsgala-5-maj-2023","status":"publish","type":"post","link":"https:\/\/skruv.nu\/be\/aktiviteter\/skruv-deltar-i-malmo-stads-foreningsgala-5-maj-2023\/","title":{"rendered":"Skruv deltar i Malm\u00f6 stads f\u00f6reningsgala"},"content":{"rendered":"\t\t<div data-elementor-type=\"wp-post\" data-elementor-id=\"431170\" class=\"elementor elementor-431170\" data-elementor-post-type=\"post\">\n\t\t\t\t\t\t<section class=\"elementor-section elementor-top-section elementor-element elementor-element-b805dee elementor-section-boxed elementor-section-height-default elementor-section-height-default\" data-id=\"b805dee\" data-element_type=\"section\" data-e-type=\"section\" data-settings=\"{&quot;background_background&quot;:&quot;classic&quot;}\">\n\t\t\t\t\t\t<div class=\"elementor-container elementor-column-gap-default\">\n\t\t\t\t\t<div class=\"elementor-column elementor-col-100 elementor-top-column elementor-element elementor-element-96c4a28\" data-id=\"96c4a28\" data-element_type=\"column\" data-e-type=\"column\">\n\t\t\t<div class=\"elementor-widget-wrap elementor-element-populated\">\n\t\t\t\t\t\t<div class=\"elementor-element elementor-element-13331ee elementor-widget elementor-widget-text-editor\" data-id=\"13331ee\" data-element_type=\"widget\" data-e-type=\"widget\" data-widget_type=\"text-editor.default\">\n\t\t\t\t<div class=\"elementor-widget-container\">\n\t\t\t\t\t\t\t\t\t<p>Restaurang 1910, Eleda Stadion, Eric Perssons v\u00e4g 31, Malm\u00f6<br \/>Fredag 5 maj 2023 kl 17.45\u201323.15<\/p>\t\t\t\t\t\t\t\t<\/div>\n\t\t\t\t<\/div>\n\t\t\t\t\t<\/div>\n\t\t<\/div>\n\t\t\t\t\t<\/div>\n\t\t<\/section>\n\t\t\t\t<section class=\"elementor-section elementor-top-section elementor-element elementor-element-eba2ebd elementor-section-full_width elementor-section-stretched elementor-section-height-default elementor-section-height-default\" data-id=\"eba2ebd\" data-element_type=\"section\" data-e-type=\"section\" data-settings=\"{&quot;stretch_section&quot;:&quot;section-stretched&quot;,&quot;background_background&quot;:&quot;classic&quot;}\">\n\t\t\t\t\t\t<div class=\"elementor-container elementor-column-gap-default\">\n\t\t\t\t\t<div class=\"elementor-column elementor-col-100 elementor-top-column elementor-element elementor-element-d0b081a\" data-id=\"d0b081a\" data-element_type=\"column\" data-e-type=\"column\">\n\t\t\t<div class=\"elementor-widget-wrap elementor-element-populated\">\n\t\t\t\t\t\t<div class=\"elementor-element elementor-element-988ead0 elementor-widget elementor-widget-text-editor\" data-id=\"988ead0\" data-element_type=\"widget\" data-e-type=\"widget\" data-widget_type=\"text-editor.default\">\n\t\t\t\t<div class=\"elementor-widget-container\">\n\t\t\t\t\t\t\t\t\t<p style=\"text-align: center;\"><a href=\"#anmalan\">Obs! F\u00f6ranm\u00e4lan, se nedan<\/a><\/p>\t\t\t\t\t\t\t\t<\/div>\n\t\t\t\t<\/div>\n\t\t\t\t\t<\/div>\n\t\t<\/div>\n\t\t\t\t\t<\/div>\n\t\t<\/section>\n\t\t\t\t<section class=\"elementor-section elementor-top-section elementor-element elementor-element-5f7fbef0 elementor-section-boxed elementor-section-height-default elementor-section-height-default\" data-id=\"5f7fbef0\" data-element_type=\"section\" data-e-type=\"section\">\n\t\t\t\t\t\t<div class=\"elementor-container elementor-column-gap-default\">\n\t\t\t\t\t<div class=\"elementor-column elementor-col-100 elementor-top-column elementor-element elementor-element-331bb063\" data-id=\"331bb063\" data-element_type=\"column\" data-e-type=\"column\">\n\t\t\t<div class=\"elementor-widget-wrap elementor-element-populated\">\n\t\t\t\t\t\t<section class=\"elementor-section elementor-inner-section elementor-element elementor-element-fc6b333 elementor-section-content-middle elementor-section-boxed elementor-section-height-default elementor-section-height-default\" data-id=\"fc6b333\" data-element_type=\"section\" data-e-type=\"section\">\n\t\t\t\t\t\t<div class=\"elementor-container elementor-column-gap-default\">\n\t\t\t\t\t<div class=\"elementor-column elementor-col-50 elementor-inner-column elementor-element elementor-element-8cc915d\" data-id=\"8cc915d\" data-element_type=\"column\" data-e-type=\"column\">\n\t\t\t<div class=\"elementor-widget-wrap elementor-element-populated\">\n\t\t\t\t\t\t<div class=\"elementor-element elementor-element-81f1407 elementor-widget elementor-widget-text-editor\" data-id=\"81f1407\" data-element_type=\"widget\" data-e-type=\"widget\" data-widget_type=\"text-editor.default\">\n\t\t\t\t<div class=\"elementor-widget-container\">\n\t\t\t\t\t\t\t\t\t<p><\/p><h2>Program<\/h2><p> <\/p><p>D\u00f6rrarna \u00f6ppnar kl 17.45.<br \/>Till bords kl 18.30.<br \/>Fritidsf\u00f6rvaltningens husband st\u00e5r f\u00f6r underh\u00e5llningen tillsammans med en hemlig artist. Programmet leds av en ny konferencier varje \u00e5r. Vem som leder det i \u00e5r har \u00e4nnu inte offentliggjorts.<br \/>Kv\u00e4llen avslutas med dans ungef\u00e4r 22.30\u201323.15.<\/p><p> <\/p><h2>Kl\u00e4dsel<\/h2><p> <\/p><p>V\u00e5rfin.<\/p><p> <\/p><h2>Avgift<\/h2><p> <\/p><p>Avgiften \u00e4r 300 kr. Den inkluderar tv\u00e5r\u00e4tters middag, kaffe, kaka och alkoholfri dryck.<\/p><p> <\/p><p>Ledarna p\u00e5 barnverksamheten, styrelsen och vissa andra som utf\u00f6r uppdrag f\u00f6r f\u00f6reningen har specialpris.<\/p>\t\t\t\t\t\t\t\t<\/div>\n\t\t\t\t<\/div>\n\t\t\t\t\t<\/div>\n\t\t<\/div>\n\t\t\t\t<div class=\"elementor-column elementor-col-50 elementor-inner-column elementor-element elementor-element-87f74de\" data-id=\"87f74de\" data-element_type=\"column\" data-e-type=\"column\">\n\t\t\t<div class=\"elementor-widget-wrap elementor-element-populated\">\n\t\t\t\t\t\t<div class=\"elementor-element elementor-element-2bc815f dce_masking-none elementor-widget elementor-widget-image\" data-id=\"2bc815f\" data-element_type=\"widget\" data-e-type=\"widget\" data-widget_type=\"image.default\">\n\t\t\t\t<div class=\"elementor-widget-container\">\n\t\t\t\t\t\t\t\t\t\t\t\t<figure class=\"wp-caption\">\n\t\t\t\t\t\t\t\t\t\t<img fetchpriority=\"high\" decoding=\"async\" width=\"768\" height=\"402\" src=\"https:\/\/skruv.nu\/wp-content\/uploads\/2022\/03\/dsc_02491_foto-niklas-bonnemark_1920x1005-768x402.jpg\" class=\"attachment-medium_large size-medium_large wp-image-452563\" alt=\"folk p\u00e5 golvet framf\u00f6r en scen\" srcset=\"https:\/\/skruv.nu\/wp-content\/uploads\/2022\/03\/dsc_02491_foto-niklas-bonnemark_1920x1005-768x402.jpg 768w, https:\/\/skruv.nu\/wp-content\/uploads\/2022\/03\/dsc_02491_foto-niklas-bonnemark_1920x1005-300x157.jpg 300w, https:\/\/skruv.nu\/wp-content\/uploads\/2022\/03\/dsc_02491_foto-niklas-bonnemark_1920x1005-150x79.jpg 150w, https:\/\/skruv.nu\/wp-content\/uploads\/2022\/03\/dsc_02491_foto-niklas-bonnemark_1920x1005-1536x804.jpg 1536w, https:\/\/skruv.nu\/wp-content\/uploads\/2022\/03\/dsc_02491_foto-niklas-bonnemark_1920x1005.jpg 1920w\" sizes=\"(max-width: 768px) 100vw, 768px\" \/>\t\t\t\t\t\t\t\t\t\t\t<figcaption class=\"widget-image-caption wp-caption-text\">Skruv p\u00e5 Malm\u00f6 stads f\u00f6reningsgala 27 \u043c\u0430\u0439 2016. Foto: Niklas B\u00f6nnemark. <\/figcaption>\n\t\t\t\t\t\t\t\t\t\t<\/figure>\n\t\t\t\t\t\t\t\t\t<\/div>\n\t\t\t\t<\/div>\n\t\t\t\t\t<\/div>\n\t\t<\/div>\n\t\t\t\t\t<\/div>\n\t\t<\/section>\n\t\t\t\t<section class=\"elementor-section elementor-inner-section elementor-element elementor-element-97360a5 elementor-section-content-top elementor-section-boxed elementor-section-height-default elementor-section-height-default\" data-id=\"97360a5\" data-element_type=\"section\" data-e-type=\"section\">\n\t\t\t\t\t\t<div class=\"elementor-container elementor-column-gap-default\">\n\t\t\t\t\t<div class=\"elementor-column elementor-col-50 elementor-inner-column elementor-element elementor-element-42a97da\" data-id=\"42a97da\" data-element_type=\"column\" data-e-type=\"column\">\n\t\t\t<div class=\"elementor-widget-wrap elementor-element-populated\">\n\t\t\t\t\t\t<div class=\"elementor-element elementor-element-c2cd55b elementor-widget elementor-widget-text-editor\" data-id=\"c2cd55b\" data-element_type=\"widget\" data-e-type=\"widget\" data-widget_type=\"text-editor.default\">\n\t\t\t\t<div class=\"elementor-widget-container\">\n\t\t\t\t\t\t\t\t\t<h2>Mat och dryck<\/h2><p> <\/p><p>All mat \u00e4r laktos- &amp; glutenfri. I samband med anm\u00e4lan v\u00e4ljer du meny 1 eller 2. Valet av meny f\u00f6ljer med om du \u00f6verl\u00e5ter biljetten till n\u00e5gon annan medlem.<\/p><p>Alkoholfri dryck ing\u00e5r. \u00d6l och vin finns till f\u00f6rs\u00e4ljning vid bordet och i baren.<\/p><p> <\/p><h3>Meny 1<\/h3><p> <\/p><p>Tempererad vit sparris med ramsl\u00f6ksolja, sandefjordss\u00e5s och forellrom<\/p><p> <\/p><p>Sk\u00e5nskt tuppbr\u00f6st med potatiskaka, picklad f\u00e4nk\u00e5l, r\u00f6dvinss\u00e5s\u00a0och grillad morot<\/p><p> <\/p><p>Husets kaka<\/p><p> <\/p><h3>Meny 2 (vegetarisk)<\/h3><p> <\/p><p>Tempererad vit sparris med ramsl\u00f6ksolja, sandefjordss\u00e5s och t\u00e5ngkaviar<\/p><p> <\/p><p>B\u00f6nterrin med potatiskaka, picklad f\u00e4nk\u00e5l, brynt sm\u00f6rs\u00e5s och grillad morot<\/p><p> <\/p><p>Husets kaka<\/p>\t\t\t\t\t\t\t\t<\/div>\n\t\t\t\t<\/div>\n\t\t\t\t\t<\/div>\n\t\t<\/div>\n\t\t\t\t<div class=\"elementor-column elementor-col-50 elementor-inner-column elementor-element elementor-element-c9b5f8c\" data-id=\"c9b5f8c\" data-element_type=\"column\" data-e-type=\"column\">\n\t\t\t<div class=\"elementor-widget-wrap elementor-element-populated\">\n\t\t\t\t\t\t<div class=\"elementor-element elementor-element-05f5c05 elementor-widget elementor-widget-text-editor\" data-id=\"05f5c05\" data-element_type=\"widget\" data-e-type=\"widget\" data-widget_type=\"text-editor.default\">\n\t\t\t\t<div class=\"elementor-widget-container\">\n\t\t\t\t\t\t\t\t\t<h2>Mer information<\/h2><p>\u00a0<\/p><p>Se\u00a0<a href=\"https:\/\/malmo.se\/foreningsgalan\" target=\"_blank\" rel=\"noreferrer noopener\">https:\/\/malmo.se\/foreningsgalan<\/a>\u00a0f\u00f6r mer information.<\/p><p>\u00a0<\/p><h2>Anm\u00e4lan<\/h2><p>\u00a0<\/p><p>Skruvs medlemmar anm\u00e4ler sig\u00a0<strong>senast 10 april<\/strong> via anm\u00e4lningsformul\u00e4ret nedan.<\/p><p>\u00a0<\/p><p>Efter 10 april \u00e4r anm\u00e4lan bindande men inte personlig. Vid f\u00f6rhinder efter 10 april kan du utan kostnad anm\u00e4la n\u00e5gon annan medlem i ditt st\u00e4lle.<\/p>\t\t\t\t\t\t\t\t<\/div>\n\t\t\t\t<\/div>\n\t\t\t\t\t<\/div>\n\t\t<\/div>\n\t\t\t\t\t<\/div>\n\t\t<\/section>\n\t\t\t\t<div class=\"elementor-element elementor-element-116ab8e elementor-widget elementor-widget-menu-anchor\" data-id=\"116ab8e\" data-element_type=\"widget\" data-e-type=\"widget\" data-widget_type=\"menu-anchor.default\">\n\t\t\t\t<div class=\"elementor-widget-container\">\n\t\t\t\t\t\t\t<div class=\"elementor-menu-anchor\" id=\"anmalan\"><\/div>\n\t\t\t\t\t\t<\/div>\n\t\t\t\t<\/div>\n\t\t\t\t<div class=\"elementor-element elementor-element-e07f66b elementor-widget elementor-widget-heading\" data-id=\"e07f66b\" data-element_type=\"widget\" data-e-type=\"widget\" data-widget_type=\"heading.default\">\n\t\t\t\t<div class=\"elementor-widget-container\">\n\t\t\t\t\t<h2 class=\"elementor-heading-title elementor-size-default\">Anm\u00e4lan<\/h2>\t\t\t\t<\/div>\n\t\t\t\t<\/div>\n\t\t\t\t<div class=\"elementor-element elementor-element-293595a elementor-widget elementor-widget-text-editor\" data-id=\"293595a\" data-element_type=\"widget\" data-e-type=\"widget\" data-widget_type=\"text-editor.default\">\n\t\t\t\t<div class=\"elementor-widget-container\">\n\t\t\t\t\t\t\t\t\t<h3>En anm\u00e4lan per person. Om du vill anm\u00e4la flera personer, fyller du i formul\u00e4ret flera g\u00e5nger.<\/h3>\t\t\t\t\t\t\t\t<\/div>\n\t\t\t\t<\/div>\n\t\t<!-- dce invisible element e6260c5 -->\t\t<div class=\"elementor-element elementor-element-d7887f4 elementor-widget elementor-widget-text-editor\" data-id=\"d7887f4\" data-element_type=\"widget\" data-e-type=\"widget\" data-widget_type=\"text-editor.default\">\n\t\t\t\t<div class=\"elementor-widget-container\">\n\t\t\t\t\t\t\t\t\t<p>Fr\u00e5n Skruv deltog 20 personer.<\/p>\t\t\t\t\t\t\t\t<\/div>\n\t\t\t\t<\/div>\n\t\t\t\t\t<\/div>\n\t\t<\/div>\n\t\t\t\t\t<\/div>\n\t\t<\/section>\n\t\t\t\t<\/div>\n\t\t","protected":false},"excerpt":{"rendered":"<p>Malm\u00f6s fritidsn\u00e4mnd v\u00e4lkomnar oss till \u00e5rets f\u00f6reningsgala. F\u00f6reningsgalan \u00e4r en gala f\u00f6r att hylla v\u00e5ra eldsj\u00e4lar och f\u00f6reningar i Malm\u00f6. En f\u00e4rgsprakande kv\u00e4ll med mingel, mat, underh\u00e5llning och prisutdelning.<\/p>\n","protected":false},"author":1,"featured_media":432617,"comment_status":"closed","ping_status":"open","sticky":false,"template":"","format":"standard","meta":{"_acf_changed":false,"_seopress_robots_primary_cat":"none","_seopress_titles_title":"","_seopress_titles_desc":"","_seopress_robots_index":"","_kad_post_transparent":"","_kad_post_title":"","_kad_post_layout":"","_kad_post_sidebar_id":"","_kad_post_content_style":"","_kad_post_vertical_padding":"","_kad_post_feature":"","_kad_post_feature_position":"","_kad_post_header":false,"_kad_post_footer":false,"_kad_post_classname":"","footnotes":""},"categories":[41,166],"tags":[222,177],"class_list":["post-431170","post","type-post","status-publish","format-standard","has-post-thumbnail","hentry","category-aktiviteter","category-foreningsdemokrati","tag-malmo","tag-tidigare"],"acf":[],"_links":{"self":[{"href":"https:\/\/skruv.nu\/be\/wp-json\/wp\/v2\/posts\/431170","targetHints":{"allow":["GET"]}}],"collection":[{"href":"https:\/\/skruv.nu\/be\/wp-json\/wp\/v2\/posts"}],"about":[{"href":"https:\/\/skruv.nu\/be\/wp-json\/wp\/v2\/types\/post"}],"author":[{"embeddable":true,"href":"https:\/\/skruv.nu\/be\/wp-json\/wp\/v2\/users\/1"}],"replies":[{"embeddable":true,"href":"https:\/\/skruv.nu\/be\/wp-json\/wp\/v2\/comments?post=431170"}],"version-history":[{"count":4,"href":"https:\/\/skruv.nu\/be\/wp-json\/wp\/v2\/posts\/431170\/revisions"}],"predecessor-version":[{"id":443411,"href":"https:\/\/skruv.nu\/be\/wp-json\/wp\/v2\/posts\/431170\/revisions\/443411"}],"wp:featuredmedia":[{"embeddable":true,"href":"https:\/\/skruv.nu\/be\/wp-json\/wp\/v2\/media\/432617"}],"wp:attachment":[{"href":"https:\/\/skruv.nu\/be\/wp-json\/wp\/v2\/media?parent=431170"}],"wp:term":[{"taxonomy":"category","embeddable":true,"href":"https:\/\/skruv.nu\/be\/wp-json\/wp\/v2\/categories?post=431170"},{"taxonomy":"post_tag","embeddable":true,"href":"https:\/\/skruv.nu\/be\/wp-json\/wp\/v2\/tags?post=431170"}],"curies":[{"name":"wp","href":"https:\/\/api.w.org\/{rel}","templated":true}]}}