{"id":431994,"date":"2023-08-11T10:00:00","date_gmt":"2023-08-11T08:00:00","guid":{"rendered":"https:\/\/skruv.nu\/?p=431994"},"modified":"2023-08-13T07:38:08","modified_gmt":"2023-08-13T05:38:08","slug":"utflykt-till-kvidinge-och-klippan-11-augusti-2023","status":"publish","type":"post","link":"https:\/\/skruv.nu\/be\/aktiviteter\/utflykt-till-kvidinge-och-klippan-11-augusti-2023\/","title":{"rendered":"Utflykt till Kvidinge och Klippan"},"content":{"rendered":"\t\t<div data-elementor-type=\"wp-post\" data-elementor-id=\"431994\" class=\"elementor elementor-431994\" data-elementor-post-type=\"post\">\n\t\t\t\t\t\t<section class=\"elementor-section elementor-top-section elementor-element elementor-element-b805dee elementor-section-boxed elementor-section-height-default elementor-section-height-default\" data-id=\"b805dee\" data-element_type=\"section\" data-e-type=\"section\">\n\t\t\t\t\t\t<div class=\"elementor-container elementor-column-gap-default\">\n\t\t\t\t\t<div class=\"elementor-column elementor-col-100 elementor-top-column elementor-element elementor-element-96c4a28\" data-id=\"96c4a28\" data-element_type=\"column\" data-e-type=\"column\">\n\t\t\t<div class=\"elementor-widget-wrap elementor-element-populated\">\n\t\t\t\t\t\t<div class=\"elementor-element elementor-element-13331ee elementor-widget elementor-widget-text-editor\" data-id=\"13331ee\" data-element_type=\"widget\" data-e-type=\"widget\" data-widget_type=\"text-editor.default\">\n\t\t\t\t<div class=\"elementor-widget-container\">\n\t\t\t\t\t\t\t\t\t<p class=\"has-background has-medium-font-size\" style=\"background-color: #f4f4f4;\">Kvidinge, Klippan och Klippans bruk<br \/>Fredag 11 augusti 2023 kl 10.45\u201316.00<\/p>\t\t\t\t\t\t\t\t<\/div>\n\t\t\t\t<\/div>\n\t\t\t\t\t<\/div>\n\t\t<\/div>\n\t\t\t\t\t<\/div>\n\t\t<\/section>\n\t\t\t\t<section class=\"elementor-section elementor-top-section elementor-element elementor-element-eba2ebd elementor-section-full_width elementor-section-stretched elementor-section-height-default elementor-section-height-default\" data-id=\"eba2ebd\" data-element_type=\"section\" data-e-type=\"section\" data-settings=\"{&quot;stretch_section&quot;:&quot;section-stretched&quot;,&quot;background_background&quot;:&quot;classic&quot;}\">\n\t\t\t\t\t\t<div class=\"elementor-container elementor-column-gap-default\">\n\t\t\t\t\t<div class=\"elementor-column elementor-col-100 elementor-top-column elementor-element elementor-element-d0b081a\" data-id=\"d0b081a\" data-element_type=\"column\" data-e-type=\"column\">\n\t\t\t<div class=\"elementor-widget-wrap elementor-element-populated\">\n\t\t\t\t\t\t<div class=\"elementor-element elementor-element-988ead0 elementor-widget elementor-widget-text-editor\" data-id=\"988ead0\" data-element_type=\"widget\" data-e-type=\"widget\" data-widget_type=\"text-editor.default\">\n\t\t\t\t<div class=\"elementor-widget-container\">\n\t\t\t\t\t\t\t\t\t<p style=\"text-align: center;\"><a href=\"#anmalan\">Obs! F\u00f6ranm\u00e4lan, se nedan<\/a><\/p>\t\t\t\t\t\t\t\t<\/div>\n\t\t\t\t<\/div>\n\t\t\t\t\t<\/div>\n\t\t<\/div>\n\t\t\t\t\t<\/div>\n\t\t<\/section>\n\t\t\t\t<section class=\"elementor-section elementor-top-section elementor-element elementor-element-5f7fbef0 elementor-section-boxed elementor-section-height-default elementor-section-height-default\" data-id=\"5f7fbef0\" data-element_type=\"section\" data-e-type=\"section\">\n\t\t\t\t\t\t<div class=\"elementor-container elementor-column-gap-default\">\n\t\t\t\t\t<div class=\"elementor-column elementor-col-100 elementor-top-column elementor-element elementor-element-331bb063\" data-id=\"331bb063\" data-element_type=\"column\" data-e-type=\"column\">\n\t\t\t<div class=\"elementor-widget-wrap elementor-element-populated\">\n\t\t\t\t\t\t<div class=\"elementor-element elementor-element-81f1407 elementor-widget elementor-widget-text-editor\" data-id=\"81f1407\" data-element_type=\"widget\" data-e-type=\"widget\" data-widget_type=\"text-editor.default\">\n\t\t\t\t<div class=\"elementor-widget-container\">\n\t\t\t\t\t\t\t\t\t<p>Den h\u00e4r dagen bes\u00f6ker vi det kungliga monumentet i Kvidinge och Sankt Petri kyrka i Klippan. Vi tittar ocks\u00e5 p\u00e5 Klippans bruk strax s\u00f6der om Klippan, d\u00e4r vi hittar platsen f\u00f6r radio- och teveprogramledaren Jacob Dahlins f\u00f6r\u00e4ldrahem.<\/p>\t\t\t\t\t\t\t\t<\/div>\n\t\t\t\t<\/div>\n\t\t\t\t<section class=\"elementor-section elementor-inner-section elementor-element elementor-element-97360a5 elementor-section-content-middle elementor-section-boxed elementor-section-height-default elementor-section-height-default\" data-id=\"97360a5\" data-element_type=\"section\" data-e-type=\"section\" data-settings=\"{&quot;background_background&quot;:&quot;classic&quot;}\">\n\t\t\t\t\t\t<div class=\"elementor-container elementor-column-gap-default\">\n\t\t\t\t\t<div class=\"elementor-column elementor-col-50 elementor-inner-column elementor-element elementor-element-42a97da\" data-id=\"42a97da\" data-element_type=\"column\" data-e-type=\"column\">\n\t\t\t<div class=\"elementor-widget-wrap elementor-element-populated\">\n\t\t\t\t\t\t<div class=\"elementor-element elementor-element-72cd43f dce_masking-none elementor-widget elementor-widget-image\" data-id=\"72cd43f\" data-element_type=\"widget\" data-e-type=\"widget\" data-widget_type=\"image.default\">\n\t\t\t\t<div class=\"elementor-widget-container\">\n\t\t\t\t\t\t\t\t\t\t\t\t<figure class=\"wp-caption\">\n\t\t\t\t\t\t\t\t\t\t<img fetchpriority=\"high\" decoding=\"async\" width=\"576\" height=\"1024\" src=\"https:\/\/skruv.nu\/wp-content\/uploads\/2003\/08\/dsc_2731-576x1024.jpg\" class=\"attachment-large size-large wp-image-455633\" alt=\"obelisk p\u00e5 sl\u00e4tt\" srcset=\"https:\/\/skruv.nu\/wp-content\/uploads\/2003\/08\/dsc_2731-576x1024.jpg 576w, https:\/\/skruv.nu\/wp-content\/uploads\/2003\/08\/dsc_2731-169x300.jpg 169w, https:\/\/skruv.nu\/wp-content\/uploads\/2003\/08\/dsc_2731-84x150.jpg 84w, https:\/\/skruv.nu\/wp-content\/uploads\/2003\/08\/dsc_2731-768x1365.jpg 768w, https:\/\/skruv.nu\/wp-content\/uploads\/2003\/08\/dsc_2731-864x1536.jpg 864w, https:\/\/skruv.nu\/wp-content\/uploads\/2003\/08\/dsc_2731-1152x2048.jpg 1152w, https:\/\/skruv.nu\/wp-content\/uploads\/2003\/08\/dsc_2731-scaled.jpg 1440w\" sizes=\"(max-width: 576px) 100vw, 576px\" \/>\t\t\t\t\t\t\t\t\t\t\t<figcaption class=\"widget-image-caption wp-caption-text\">Kvidingemonumentet. Foto: Niklas B\u00f6nnemark. <\/figcaption>\n\t\t\t\t\t\t\t\t\t\t<\/figure>\n\t\t\t\t\t\t\t\t\t<\/div>\n\t\t\t\t<\/div>\n\t\t\t\t\t<\/div>\n\t\t<\/div>\n\t\t\t\t<div class=\"elementor-column elementor-col-50 elementor-inner-column elementor-element elementor-element-c9b5f8c\" data-id=\"c9b5f8c\" data-element_type=\"column\" data-e-type=\"column\" data-settings=\"{&quot;background_background&quot;:&quot;classic&quot;}\">\n\t\t\t<div class=\"elementor-widget-wrap elementor-element-populated\">\n\t\t\t\t\t\t<div class=\"elementor-element elementor-element-a498eb6 elementor-widget elementor-widget-heading\" data-id=\"a498eb6\" data-element_type=\"widget\" data-e-type=\"widget\" data-widget_type=\"heading.default\">\n\t\t\t\t<div class=\"elementor-widget-container\">\n\t\t\t\t\t<h2 class=\"elementor-heading-title elementor-size-default\">Program<\/h2>\t\t\t\t<\/div>\n\t\t\t\t<\/div>\n\t\t\t\t<div class=\"elementor-element elementor-element-e4e7ca9 elementor-widget elementor-widget-heading\" data-id=\"e4e7ca9\" data-element_type=\"widget\" data-e-type=\"widget\" data-widget_type=\"heading.default\">\n\t\t\t\t<div class=\"elementor-widget-container\">\n\t\t\t\t\t<h3 class=\"elementor-heading-title elementor-size-default\">Kvidinge<\/h3>\t\t\t\t<\/div>\n\t\t\t\t<\/div>\n\t\t\t\t<div class=\"elementor-element elementor-element-c2cd55b elementor-widget elementor-widget-text-editor\" data-id=\"c2cd55b\" data-element_type=\"widget\" data-e-type=\"widget\" data-widget_type=\"text-editor.default\">\n\t\t\t\t<div class=\"elementor-widget-container\">\n\t\t\t\t\t\t\t\t\t<p><strong>10.45<\/strong> Samling p\u00e5 Kvidinge station. V\u00e5r ciceron f\u00f6r dagen, Skruvs ordf\u00f6rande Niklas B\u00f6nnemark, h\u00e4lsar v\u00e4lkomna och vi g\u00e5r tillsammans till Kvidingemonumentet (1 km, ca 10 minuters promenad).<\/p><p>P\u00e5 plats vid monumentet ber\u00e4ttar Niklas B\u00f6nnemark n\u00e5got om historien som gjorde att det uppf\u00f6rdes. N\u00e4r vi \u00e4r f\u00e4rdiga d\u00e4r g\u00e5r vi tillbaka till Kvidinge station.<\/p><p><strong>11.44<\/strong> Avresa fr\u00e5n Kvidinge station till Klippan (5 minuter med P\u00e5gat\u00e5g).<\/p>\t\t\t\t\t\t\t\t<\/div>\n\t\t\t\t<\/div>\n\t\t\t\t<div class=\"elementor-element elementor-element-38bbf56 elementor-widget elementor-widget-heading\" data-id=\"38bbf56\" data-element_type=\"widget\" data-e-type=\"widget\" data-widget_type=\"heading.default\">\n\t\t\t\t<div class=\"elementor-widget-container\">\n\t\t\t\t\t<h3 class=\"elementor-heading-title elementor-size-default\">Klippan<\/h3>\t\t\t\t<\/div>\n\t\t\t\t<\/div>\n\t\t\t\t<div class=\"elementor-element elementor-element-395d567 elementor-widget elementor-widget-text-editor\" data-id=\"395d567\" data-element_type=\"widget\" data-e-type=\"widget\" data-widget_type=\"text-editor.default\">\n\t\t\t\t<div class=\"elementor-widget-container\">\n\t\t\t\t\t\t\t\t\t<p><strong>12.00<\/strong> \u00e4ter vi lunch p\u00e5 ett trevligt matst\u00e4lle i Klippan.<\/p><p>Efter lunchen, <b>13.00<\/b>, bes\u00f6ker vi Sankt Petri kyrka, en modern kyrkobyggnad med m\u00e5nga intressanta delar.<\/p>\t\t\t\t\t\t\t\t<\/div>\n\t\t\t\t<\/div>\n\t\t\t\t<div class=\"elementor-element elementor-element-fd457bb elementor-widget elementor-widget-heading\" data-id=\"fd457bb\" data-element_type=\"widget\" data-e-type=\"widget\" data-widget_type=\"heading.default\">\n\t\t\t\t<div class=\"elementor-widget-container\">\n\t\t\t\t\t<h3 class=\"elementor-heading-title elementor-size-default\">Klippans bruk<\/h3>\t\t\t\t<\/div>\n\t\t\t\t<\/div>\n\t\t\t\t<div class=\"elementor-element elementor-element-3176c30 elementor-widget elementor-widget-text-editor\" data-id=\"3176c30\" data-element_type=\"widget\" data-e-type=\"widget\" data-widget_type=\"text-editor.default\">\n\t\t\t\t<div class=\"elementor-widget-container\">\n\t\t\t\t\t\t\t\t\t<p><b style=\"background-color: var( --e-global-color-6311eff0 ); color: var(--global-palette4);\">13.45<\/b><span style=\"background-color: var( --e-global-color-6311eff0 ); color: var(--global-palette4);\">\u00a0g\u00e5r vi och tittar p\u00e5 platsen f\u00f6r\u00a0<\/span><a href=\"https:\/\/skruv.nu\/interkultur\/till-25-arsminnet-av-jacob-dahlins-bortgang\/\">radio- och teveprogramledaren Jacob Dahlins<\/a><span style=\"background-color: var( --e-global-color-6311eff0 ); color: var(--global-palette4);\"> barndomshem.<\/span><\/p>\t\t\t\t\t\t\t\t<\/div>\n\t\t\t\t<\/div>\n\t\t\t\t<div class=\"elementor-element elementor-element-23bf010 elementor-widget elementor-widget-heading\" data-id=\"23bf010\" data-element_type=\"widget\" data-e-type=\"widget\" data-widget_type=\"heading.default\">\n\t\t\t\t<div class=\"elementor-widget-container\">\n\t\t\t\t\t<h3 class=\"elementor-heading-title elementor-size-default\">Avslutning<\/h3>\t\t\t\t<\/div>\n\t\t\t\t<\/div>\n\t\t\t\t<div class=\"elementor-element elementor-element-5474160 elementor-widget elementor-widget-text-editor\" data-id=\"5474160\" data-element_type=\"widget\" data-e-type=\"widget\" data-widget_type=\"text-editor.default\">\n\t\t\t\t<div class=\"elementor-widget-container\">\n\t\t\t\t\t\t\t\t\t<p><b>16.00<\/b> avslutas utflykten p\u00e5 Klippans station, d\u00e5 P\u00e5gat\u00e5get avg\u00e5r mot Helsingborg (byte i Raml\u00f6sa till t\u00e5g mot Lund och Malm\u00f6). Om du tog dig till Kvidinge med bil och l\u00e4mnade den d\u00e4r, kan du ta det h\u00e4r t\u00e5get och g\u00e5 av p\u00e5 f\u00f6rsta stationen, som \u00e4r Kvidinge.<\/p>\t\t\t\t\t\t\t\t<\/div>\n\t\t\t\t<\/div>\n\t\t\t\t\t<\/div>\n\t\t<\/div>\n\t\t\t\t\t<\/div>\n\t\t<\/section>\n\t\t\t\t<section class=\"elementor-section elementor-inner-section elementor-element elementor-element-fc6b333 elementor-section-content-middle elementor-section-boxed elementor-section-height-default elementor-section-height-default\" data-id=\"fc6b333\" data-element_type=\"section\" data-e-type=\"section\" data-settings=\"{&quot;background_background&quot;:&quot;classic&quot;}\">\n\t\t\t\t\t\t<div class=\"elementor-container elementor-column-gap-default\">\n\t\t\t\t\t<div class=\"elementor-column elementor-col-50 elementor-inner-column elementor-element elementor-element-8cc915d\" data-id=\"8cc915d\" data-element_type=\"column\" data-e-type=\"column\">\n\t\t\t<div class=\"elementor-widget-wrap elementor-element-populated\">\n\t\t\t\t\t\t<div data-dce-title-color=\"#52606D\" class=\"elementor-element elementor-element-0f87226 elementor-widget elementor-widget-heading\" data-id=\"0f87226\" data-element_type=\"widget\" data-e-type=\"widget\" data-widget_type=\"heading.default\">\n\t\t\t\t<div class=\"elementor-widget-container\">\n\t\t\t\t\t<h2 class=\"elementor-heading-title elementor-size-default\">11.00<\/h2>\t\t\t\t<\/div>\n\t\t\t\t<\/div>\n\t\t\t\t<div class=\"elementor-element elementor-element-e4ed579 elementor-widget elementor-widget-heading\" data-id=\"e4ed579\" data-element_type=\"widget\" data-e-type=\"widget\" data-widget_type=\"heading.default\">\n\t\t\t\t<div class=\"elementor-widget-container\">\n\t\t\t\t\t<h2 class=\"elementor-heading-title elementor-size-default\">Kvidingemonumentet<\/h2>\t\t\t\t<\/div>\n\t\t\t\t<\/div>\n\t\t\t\t<div class=\"elementor-element elementor-element-9ff8596 elementor-widget elementor-widget-text-editor\" data-id=\"9ff8596\" data-element_type=\"widget\" data-e-type=\"widget\" data-widget_type=\"text-editor.default\">\n\t\t\t\t<div class=\"elementor-widget-container\">\n\t\t\t\t\t\t\t\t\t<p>F\u00f6r att trygga tronf\u00f6ljden adopterades den danske prinsen Kristian August av den barnl\u00f6se kung Karl XIII \u00e5r 1809. Prinsen \u00e4ndrade sitt namn till det mer svenskklingande Karl August. Under en ridtur p\u00e5 Kvidingehed den 28 maj 1810 drabbades Karl August troligtvis av en stroke och f\u00f6rlorade kontrollen \u00f6ver sin h\u00e4st, vilket resulterade i att han kastades av. Karl August f\u00f6ll medvetsl\u00f6s till marken och avled kort d\u00e4refter utan att \u00e5terf\u00e5 medvetandet.<\/p><p>N\u00e5gra m\u00e5nader senare blev den franske marskalken Bernadotte kontaktad, och snart blev en ny \u00e4tt inristad i den svenska kungahistorien. Vid platsen d\u00e4r kronprinsen f\u00f6ll av h\u00e4sten b\u00f6rjade f\u00f6rbipasserande allmoge genast kasta stenar eller pinnar, en sed som var vanlig p\u00e5 platser d\u00e4r n\u00e5gon hade d\u00f6tt. N\u00e4r den nye kronprinsen Karl (XIV) Johan fick veta att platsen var markerad med en h\u00f6g av kvistar sju \u00e5r senare, f\u00f6reslog han ist\u00e4llet att en ordentlig minnessten skulle resas. Det \u00e4r detta minnesm\u00e4rke som vi ser p\u00e5 platsen idag.<\/p>\t\t\t\t\t\t\t\t<\/div>\n\t\t\t\t<\/div>\n\t\t\t\t\t<\/div>\n\t\t<\/div>\n\t\t\t\t<div class=\"elementor-column elementor-col-50 elementor-inner-column elementor-element elementor-element-87f74de\" data-id=\"87f74de\" data-element_type=\"column\" data-e-type=\"column\">\n\t\t\t<div class=\"elementor-widget-wrap elementor-element-populated\">\n\t\t\t\t\t\t<div class=\"elementor-element elementor-element-a210a28 dce_masking-none elementor-widget elementor-widget-image\" data-id=\"a210a28\" data-element_type=\"widget\" data-e-type=\"widget\" data-widget_type=\"image.default\">\n\t\t\t\t<div class=\"elementor-widget-container\">\n\t\t\t\t\t\t\t\t\t\t\t\t<figure class=\"wp-caption\">\n\t\t\t\t\t\t\t\t\t\t<img decoding=\"async\" width=\"1024\" height=\"1024\" src=\"https:\/\/skruv.nu\/wp-content\/uploads\/2003\/08\/dsc_0000_burst20200731120731815_1200x1200-1024x1024.jpg\" class=\"attachment-large size-large wp-image-455634\" alt=\"gjutet lejon\" srcset=\"https:\/\/skruv.nu\/wp-content\/uploads\/2003\/08\/dsc_0000_burst20200731120731815_1200x1200-1024x1024.jpg 1024w, https:\/\/skruv.nu\/wp-content\/uploads\/2003\/08\/dsc_0000_burst20200731120731815_1200x1200-300x300.jpg 300w, https:\/\/skruv.nu\/wp-content\/uploads\/2003\/08\/dsc_0000_burst20200731120731815_1200x1200-150x150.jpg 150w, https:\/\/skruv.nu\/wp-content\/uploads\/2003\/08\/dsc_0000_burst20200731120731815_1200x1200-768x768.jpg 768w, https:\/\/skruv.nu\/wp-content\/uploads\/2003\/08\/dsc_0000_burst20200731120731815_1200x1200.jpg 1200w\" sizes=\"(max-width: 1024px) 100vw, 1024px\" \/>\t\t\t\t\t\t\t\t\t\t\t<figcaption class=\"widget-image-caption wp-caption-text\">Lejon p\u00e5 Kvidingemonumentet. Foto: Niklas B\u00f6nnemark. <\/figcaption>\n\t\t\t\t\t\t\t\t\t\t<\/figure>\n\t\t\t\t\t\t\t\t\t<\/div>\n\t\t\t\t<\/div>\n\t\t\t\t\t<\/div>\n\t\t<\/div>\n\t\t\t\t\t<\/div>\n\t\t<\/section>\n\t\t\t\t<section class=\"elementor-section elementor-inner-section elementor-element elementor-element-88f9299 elementor-section-content-middle elementor-section-boxed elementor-section-height-default elementor-section-height-default\" data-id=\"88f9299\" data-element_type=\"section\" data-e-type=\"section\" data-settings=\"{&quot;background_background&quot;:&quot;classic&quot;}\">\n\t\t\t\t\t\t<div class=\"elementor-container elementor-column-gap-default\">\n\t\t\t\t\t<div class=\"elementor-column elementor-col-50 elementor-inner-column elementor-element elementor-element-c238c8e\" data-id=\"c238c8e\" data-element_type=\"column\" data-e-type=\"column\">\n\t\t\t<div class=\"elementor-widget-wrap elementor-element-populated\">\n\t\t\t\t\t\t<div data-dce-title-color=\"#52606D\" class=\"elementor-element elementor-element-e1449f1 elementor-widget elementor-widget-heading\" data-id=\"e1449f1\" data-element_type=\"widget\" data-e-type=\"widget\" data-widget_type=\"heading.default\">\n\t\t\t\t<div class=\"elementor-widget-container\">\n\t\t\t\t\t<h2 class=\"elementor-heading-title elementor-size-default\">13.00<\/h2>\t\t\t\t<\/div>\n\t\t\t\t<\/div>\n\t\t\t\t<div class=\"elementor-element elementor-element-70df733 elementor-widget elementor-widget-heading\" data-id=\"70df733\" data-element_type=\"widget\" data-e-type=\"widget\" data-widget_type=\"heading.default\">\n\t\t\t\t<div class=\"elementor-widget-container\">\n\t\t\t\t\t<h2 class=\"elementor-heading-title elementor-size-default\">Sankt Petri kyrka<\/h2>\t\t\t\t<\/div>\n\t\t\t\t<\/div>\n\t\t\t\t<div class=\"elementor-element elementor-element-26f1761 elementor-widget elementor-widget-text-editor\" data-id=\"26f1761\" data-element_type=\"widget\" data-e-type=\"widget\" data-widget_type=\"text-editor.default\">\n\t\t\t\t<div class=\"elementor-widget-container\">\n\t\t\t\t\t\t\t\t\t<p>Sankt Petri kyrka i Klippan invigdes 1966 och betraktas som en av de mest bem\u00e4rkelsesv\u00e4rda byggnaderna f\u00f6r sin tid. Kyrkan v\u00e4cker starka k\u00e4nslor, och det f\u00f6rsta intrycket kan vara att den endast best\u00e5r av en massa tegelstenar. Men n\u00e4r man f\u00e5r en \u00f6kad kunskap om de dolda symbolerna i kyrkan blir upplevelsen helt annorlunda.<\/p><p>Sankt Petri kyrka har uppn\u00e5tt internationell kultstatus, och arkitekter fr\u00e5n hela v\u00e4rlden g\u00f6r pilgrimsf\u00e4rder till kyrkan. Varje \u00e5r bes\u00f6ks den av tiotusentals m\u00e4nniskor som lockas av dess charm och betydelse. Kyrkans arkitektoniska betydelse str\u00e4cker sig bortom dess tid, och den forts\u00e4tter att fascinera och inspirera bes\u00f6kare med sin unika design och symbolik.<\/p>\t\t\t\t\t\t\t\t<\/div>\n\t\t\t\t<\/div>\n\t\t\t\t\t<\/div>\n\t\t<\/div>\n\t\t\t\t<div class=\"elementor-column elementor-col-50 elementor-inner-column elementor-element elementor-element-32e0c0d\" data-id=\"32e0c0d\" data-element_type=\"column\" data-e-type=\"column\">\n\t\t\t<div class=\"elementor-widget-wrap elementor-element-populated\">\n\t\t\t\t\t\t<div class=\"elementor-element elementor-element-8a427b3 dce_masking-none elementor-widget elementor-widget-image\" data-id=\"8a427b3\" data-element_type=\"widget\" data-e-type=\"widget\" data-widget_type=\"image.default\">\n\t\t\t\t<div class=\"elementor-widget-container\">\n\t\t\t\t\t\t\t\t\t\t\t\t<figure class=\"wp-caption\">\n\t\t\t\t\t\t\t\t\t\t<img decoding=\"async\" width=\"1200\" height=\"1200\" src=\"https:\/\/skruv.nu\/wp-content\/uploads\/2003\/08\/dsc_0580_foto-niklas-bonnemark_1200x1200.jpg\" class=\"attachment-full size-full wp-image-455636\" alt=\"\" srcset=\"https:\/\/skruv.nu\/wp-content\/uploads\/2003\/08\/dsc_0580_foto-niklas-bonnemark_1200x1200.jpg 1200w, https:\/\/skruv.nu\/wp-content\/uploads\/2003\/08\/dsc_0580_foto-niklas-bonnemark_1200x1200-300x300.jpg 300w, https:\/\/skruv.nu\/wp-content\/uploads\/2003\/08\/dsc_0580_foto-niklas-bonnemark_1200x1200-1024x1024.jpg 1024w, https:\/\/skruv.nu\/wp-content\/uploads\/2003\/08\/dsc_0580_foto-niklas-bonnemark_1200x1200-150x150.jpg 150w, https:\/\/skruv.nu\/wp-content\/uploads\/2003\/08\/dsc_0580_foto-niklas-bonnemark_1200x1200-768x768.jpg 768w\" sizes=\"(max-width: 1200px) 100vw, 1200px\" \/>\t\t\t\t\t\t\t\t\t\t\t<figcaption class=\"widget-image-caption wp-caption-text\">Sankt Petri kyrka, Klippan. Foto: Niklas B\u00f6nnemark. <\/figcaption>\n\t\t\t\t\t\t\t\t\t\t<\/figure>\n\t\t\t\t\t\t\t\t\t<\/div>\n\t\t\t\t<\/div>\n\t\t\t\t\t<\/div>\n\t\t<\/div>\n\t\t\t\t\t<\/div>\n\t\t<\/section>\n\t\t\t\t<section class=\"elementor-section elementor-inner-section elementor-element elementor-element-0896860 elementor-section-content-middle elementor-section-boxed elementor-section-height-default elementor-section-height-default\" data-id=\"0896860\" data-element_type=\"section\" data-e-type=\"section\" data-settings=\"{&quot;background_background&quot;:&quot;classic&quot;}\">\n\t\t\t\t\t\t<div class=\"elementor-container elementor-column-gap-default\">\n\t\t\t\t\t<div class=\"elementor-column elementor-col-50 elementor-inner-column elementor-element elementor-element-6d6fb7b\" data-id=\"6d6fb7b\" data-element_type=\"column\" data-e-type=\"column\">\n\t\t\t<div class=\"elementor-widget-wrap elementor-element-populated\">\n\t\t\t\t\t\t<div data-dce-title-color=\"#52606D\" class=\"elementor-element elementor-element-ae8305c elementor-widget elementor-widget-heading\" data-id=\"ae8305c\" data-element_type=\"widget\" data-e-type=\"widget\" data-widget_type=\"heading.default\">\n\t\t\t\t<div class=\"elementor-widget-container\">\n\t\t\t\t\t<h2 class=\"elementor-heading-title elementor-size-default\">14.15<\/h2>\t\t\t\t<\/div>\n\t\t\t\t<\/div>\n\t\t\t\t<div class=\"elementor-element elementor-element-1aa9efe elementor-widget elementor-widget-heading\" data-id=\"1aa9efe\" data-element_type=\"widget\" data-e-type=\"widget\" data-widget_type=\"heading.default\">\n\t\t\t\t<div class=\"elementor-widget-container\">\n\t\t\t\t\t<h2 class=\"elementor-heading-title elementor-size-default\">Jacob Dahlins barndomshem<br>och Klippans bruk<\/h2>\t\t\t\t<\/div>\n\t\t\t\t<\/div>\n\t\t\t\t<div class=\"elementor-element elementor-element-84473b9 elementor-widget elementor-widget-text-editor\" data-id=\"84473b9\" data-element_type=\"widget\" data-e-type=\"widget\" data-widget_type=\"text-editor.default\">\n\t\t\t\t<div class=\"elementor-widget-container\">\n\t\t\t\t\t\t\t\t\t<p>Radio- och teveprogramledaren Jacob Dahlin, som talade ryska, spelade en viktig roll i spridandet av sovjetisk popul\u00e4rkultur i V\u00e4st under 1970- och 1980-talet. <a href=\"https:\/\/skruv.nu\/interkultur\/till-25-arsminnet-av-jacob-dahlins-bortgang\/\">L\u00e4s mer om honom h\u00e4r \u00bb<\/a><\/p><p>Platsen d\u00e4r Jacob Dahlin bodde med sina f\u00f6r\u00e4ldrar fr\u00e5n sin f\u00f6delse 1952 till 1958 hittar vi i t\u00e4torten Klippans bruk strax s\u00f6der om sj\u00e4lva Klippan. Sj\u00e4lva huset \u00e4r rivet, men vi f\u00e5r k\u00e4nna atmosf\u00e4ren i den lilla orten.<\/p><p>Pappersbruket som har gett orten sitt namn firar i \u00e5r <a href=\"https:\/\/klippansbruk.se\/news\/\">450 \u00e5r av papperstillverkning<\/a>.<\/p><p>P\u00e5 v\u00e4gen tillbaka till Klippans station passerar vi ett av de tre vattenkraftverk som kommunen planerar att riva de n\u00e4rmaste \u00e5ren f\u00f6r att g\u00f6ra det m\u00f6jligt f\u00f6r lax, \u00f6ring och \u00e5l att vandra fritt i R\u00f6nne \u00e5.<\/p>\t\t\t\t\t\t\t\t<\/div>\n\t\t\t\t<\/div>\n\t\t\t\t\t<\/div>\n\t\t<\/div>\n\t\t\t\t<div class=\"elementor-column elementor-col-50 elementor-inner-column elementor-element elementor-element-ca4e68d\" data-id=\"ca4e68d\" data-element_type=\"column\" data-e-type=\"column\">\n\t\t\t<div class=\"elementor-widget-wrap elementor-element-populated\">\n\t\t\t\t\t\t<div class=\"elementor-element elementor-element-1eb74ca dce_masking-none elementor-widget elementor-widget-image\" data-id=\"1eb74ca\" data-element_type=\"widget\" data-e-type=\"widget\" data-widget_type=\"image.default\">\n\t\t\t\t<div class=\"elementor-widget-container\">\n\t\t\t\t\t\t\t\t\t\t\t\t<figure class=\"wp-caption\">\n\t\t\t\t\t\t\t\t\t\t<img loading=\"lazy\" decoding=\"async\" width=\"1024\" height=\"1024\" src=\"https:\/\/skruv.nu\/wp-content\/uploads\/2003\/08\/dsc_0578_grindstugan_foto-niklas-bonnemark_1200x1200-1024x1024.jpg\" class=\"attachment-large size-large wp-image-455637\" alt=\"g\u00e5rd med r\u00f6da tegelhus\" srcset=\"https:\/\/skruv.nu\/wp-content\/uploads\/2003\/08\/dsc_0578_grindstugan_foto-niklas-bonnemark_1200x1200-1024x1024.jpg 1024w, https:\/\/skruv.nu\/wp-content\/uploads\/2003\/08\/dsc_0578_grindstugan_foto-niklas-bonnemark_1200x1200-300x300.jpg 300w, https:\/\/skruv.nu\/wp-content\/uploads\/2003\/08\/dsc_0578_grindstugan_foto-niklas-bonnemark_1200x1200-150x150.jpg 150w, https:\/\/skruv.nu\/wp-content\/uploads\/2003\/08\/dsc_0578_grindstugan_foto-niklas-bonnemark_1200x1200-768x768.jpg 768w, https:\/\/skruv.nu\/wp-content\/uploads\/2003\/08\/dsc_0578_grindstugan_foto-niklas-bonnemark_1200x1200.jpg 1200w\" sizes=\"(max-width: 1024px) 100vw, 1024px\" \/>\t\t\t\t\t\t\t\t\t\t\t<figcaption class=\"widget-image-caption wp-caption-text\">Byggnader p\u00e5 Klippans \u0431\u0440\u0443\u043a. Foto: Niklas B\u00f6nnemark. <\/figcaption>\n\t\t\t\t\t\t\t\t\t\t<\/figure>\n\t\t\t\t\t\t\t\t\t<\/div>\n\t\t\t\t<\/div>\n\t\t\t\t\t<\/div>\n\t\t<\/div>\n\t\t\t\t\t<\/div>\n\t\t<\/section>\n\t\t\t\t<div class=\"elementor-element elementor-element-3c3b782 elementor-widget elementor-widget-heading\" data-id=\"3c3b782\" data-element_type=\"widget\" data-e-type=\"widget\" data-widget_type=\"heading.default\">\n\t\t\t\t<div class=\"elementor-widget-container\">\n\t\t\t\t\t<h2 class=\"elementor-heading-title elementor-size-default\">F\u00f6rslag till resa med Sk\u00e5netrafiken<\/h2>\t\t\t\t<\/div>\n\t\t\t\t<\/div>\n\t\t\t\t<section class=\"elementor-section elementor-inner-section elementor-element elementor-element-ead5847 elementor-section-boxed elementor-section-height-default elementor-section-height-default\" data-id=\"ead5847\" data-element_type=\"section\" data-e-type=\"section\" data-settings=\"{&quot;background_background&quot;:&quot;classic&quot;}\">\n\t\t\t\t\t\t<div class=\"elementor-container elementor-column-gap-default\">\n\t\t\t\t\t<div class=\"elementor-column elementor-col-50 elementor-inner-column elementor-element elementor-element-e153574\" data-id=\"e153574\" data-element_type=\"column\" data-e-type=\"column\">\n\t\t\t<div class=\"elementor-widget-wrap elementor-element-populated\">\n\t\t\t\t\t\t<div class=\"elementor-element elementor-element-037b16f elementor-widget elementor-widget-heading\" data-id=\"037b16f\" data-element_type=\"widget\" data-e-type=\"widget\" data-widget_type=\"heading.default\">\n\t\t\t\t<div class=\"elementor-widget-container\">\n\t\t\t\t\t<h3 class=\"elementor-heading-title elementor-size-default\">F\u00f6r resen\u00e4rer fr\u00e5n Trelleborg, Malm\u00f6 och Lund<\/h3>\t\t\t\t<\/div>\n\t\t\t\t<\/div>\n\t\t\t\t<div class=\"elementor-element elementor-element-6115b9a elementor-widget elementor-widget-text-editor\" data-id=\"6115b9a\" data-element_type=\"widget\" data-e-type=\"widget\" data-widget_type=\"text-editor.default\">\n\t\t\t\t<div class=\"elementor-widget-container\">\n\t\t\t\t\t\t\t\t\t<p>TILL KVIDINGE<br \/>08.40 fr\u00e5n Trelleborg C, P\u00e5gat\u00e5g 1760 mot Helsingborg C<br \/>09.14 fr\u00e5n Malm\u00f6 C<br \/>09.30 fr\u00e5n Lund C<br \/>10.06 till Raml\u00f6sa station<br \/>\u2192 byte \u2192<br \/>10.19 fr\u00e5n Raml\u00f6sa station, P\u00e5gat\u00e5g 1814 mot H\u00e4ssleholm<br \/>10.44 till Kvidinge station<\/p><p>FR\u00c5N KLIPPAN<br \/>16.00 fr\u00e5n Klippans station, P\u00e5gat\u00e5g 1825 mot Helsingborg C<br \/>16.31 till Raml\u00f6sa station<br \/>\u2192 byte \u2192<br \/>16.53 fr\u00e5n Raml\u00f6sa station, P\u00e5gat\u00e5g 1727 mot Trelleborg C<br \/>17.31 till Lund C<br \/>17.47 till Malm\u00f6 C<br \/>18.19 till Trelleborg C<\/p>\t\t\t\t\t\t\t\t<\/div>\n\t\t\t\t<\/div>\n\t\t\t\t\t<\/div>\n\t\t<\/div>\n\t\t\t\t<div class=\"elementor-column elementor-col-50 elementor-inner-column elementor-element elementor-element-9e9fdc6\" data-id=\"9e9fdc6\" data-element_type=\"column\" data-e-type=\"column\">\n\t\t\t<div class=\"elementor-widget-wrap elementor-element-populated\">\n\t\t\t\t\t\t<div class=\"elementor-element elementor-element-a47e37e elementor-widget elementor-widget-heading\" data-id=\"a47e37e\" data-element_type=\"widget\" data-e-type=\"widget\" data-widget_type=\"heading.default\">\n\t\t\t\t<div class=\"elementor-widget-container\">\n\t\t\t\t\t<h3 class=\"elementor-heading-title elementor-size-default\">F\u00f6r resen\u00e4rer fr\u00e5n Helsingborg<\/h3>\t\t\t\t<\/div>\n\t\t\t\t<\/div>\n\t\t\t\t<div class=\"elementor-element elementor-element-f05f131 elementor-widget elementor-widget-text-editor\" data-id=\"f05f131\" data-element_type=\"widget\" data-e-type=\"widget\" data-widget_type=\"text-editor.default\">\n\t\t\t\t<div class=\"elementor-widget-container\">\n\t\t\t\t\t\t\t\t\t<p>TILL KVIDINGE<br \/>10.16 fr\u00e5n Helsingborg C, P\u00e5gat\u00e5g 1814 mot H\u00e4ssleholm<br \/>10.44 till Kvidinge station<\/p><p>FR\u00c5N KLIPPAN<br \/>16.00 fr\u00e5n Klippans station, P\u00e5gat\u00e5g 1825 mot Helsingborg C<br \/>16.35 till Helsingborg C<\/p>\t\t\t\t\t\t\t\t<\/div>\n\t\t\t\t<\/div>\n\t\t\t\t<div class=\"elementor-element elementor-element-ac5ae9e elementor-widget elementor-widget-heading\" data-id=\"ac5ae9e\" data-element_type=\"widget\" data-e-type=\"widget\" data-widget_type=\"heading.default\">\n\t\t\t\t<div class=\"elementor-widget-container\">\n\t\t\t\t\t<h3 class=\"elementor-heading-title elementor-size-default\">F\u00f6r resen\u00e4rer fr\u00e5n Kristianstad och H\u00e4ssleholm<\/h3>\t\t\t\t<\/div>\n\t\t\t\t<\/div>\n\t\t\t\t<div class=\"elementor-element elementor-element-db0d1d9 elementor-widget elementor-widget-text-editor\" data-id=\"db0d1d9\" data-element_type=\"widget\" data-e-type=\"widget\" data-widget_type=\"text-editor.default\">\n\t\t\t\t<div class=\"elementor-widget-container\">\n\t\t\t\t\t\t\t\t\t<p>TILL KVIDINGE<br \/>09.01 fr\u00e5n Kristianstad C, P\u00e5gat\u00e5g 12.13 mot Malm\u00f6 C<br \/>09.23 till H\u00e4ssleholm C<br \/>\u2192 byte \u2192<br \/>09.30 fr\u00e5n H\u00e4ssleholm C, P\u00e5gat\u00e5g 1813 mot Helsingborg C<br \/>10.05 till Kvidinge station<br \/>(40 minuters v\u00e4ntan)<\/p><p>FR\u00c5N KLIPPAN<br \/>16.18 fr\u00e5n Klippans station, P\u00e5gat\u00e5g 1876 mot Kristianstad C<br \/>16.48 till H\u00e4ssleholm C<br \/>17.14 till Kristianstad C<\/p>\t\t\t\t\t\t\t\t<\/div>\n\t\t\t\t<\/div>\n\t\t\t\t\t<\/div>\n\t\t<\/div>\n\t\t\t\t\t<\/div>\n\t\t<\/section>\n\t\t\t\t<div class=\"elementor-element elementor-element-f574ad2 elementor-widget elementor-widget-text-editor\" data-id=\"f574ad2\" data-element_type=\"widget\" data-e-type=\"widget\" data-widget_type=\"text-editor.default\">\n\t\t\t\t<div class=\"elementor-widget-container\">\n\t\t\t\t\t\t\t\t\t<p>Spr\u00e5k: svenska, vid behov tolkning till ryska.<\/p><p>Skruv tar inte ut n\u00e5gon avgift av dig som deltar, men <strong>vi vill att du anm\u00e4ler dig i f\u00f6rv\u00e4g<\/strong>, f\u00f6r att underl\u00e4tta planeringen. Se anm\u00e4lningsformul\u00e4r l\u00e4ngre ner p\u00e5 sidan.<\/p><p><a href=\"https:\/\/www.facebook.com\/events\/993962324872439\/\" target=\"_blank\" rel=\"noopener\">Se \u00e4ven evenemangets Facebooksida \u00bb<\/a><\/p><p><em>Detta \u00e4r ett Skruvevenemang.<br \/>Id\u00e9, planering och genomf\u00f6rande: Niklas B\u00f6nnemark.<\/em><\/p>\t\t\t\t\t\t\t\t<\/div>\n\t\t\t\t<\/div>\n\t\t\t\t<div class=\"elementor-element elementor-element-116ab8e elementor-widget elementor-widget-menu-anchor\" data-id=\"116ab8e\" data-element_type=\"widget\" data-e-type=\"widget\" data-widget_type=\"menu-anchor.default\">\n\t\t\t\t<div class=\"elementor-widget-container\">\n\t\t\t\t\t\t\t<div class=\"elementor-menu-anchor\" id=\"anmalan\"><\/div>\n\t\t\t\t\t\t<\/div>\n\t\t\t\t<\/div>\n\t\t\t\t<div class=\"elementor-element elementor-element-e07f66b elementor-widget elementor-widget-heading\" data-id=\"e07f66b\" data-element_type=\"widget\" data-e-type=\"widget\" data-widget_type=\"heading.default\">\n\t\t\t\t<div class=\"elementor-widget-container\">\n\t\t\t\t\t<h2 class=\"elementor-heading-title elementor-size-default\">Anm\u00e4lan<\/h2>\t\t\t\t<\/div>\n\t\t\t\t<\/div>\n\t\t<!-- dce invisible element e6260c5 -->\t\t<div data-dce-advanced-background-color=\"#FECC15\" class=\"dce-visibility-event elementor-element elementor-element-e6260c5 elementor-button-align-end elementor-widget elementor-widget-form\" data-id=\"e6260c5\" data-element_type=\"widget\" data-e-type=\"widget\" data-settings=\"{&quot;step_next_label&quot;:&quot;N\\u00e4sta&quot;,&quot;step_previous_label&quot;:&quot;F\\u00f6reg\\u00e5ende&quot;,&quot;enabled_visibility&quot;:&quot;yes&quot;,&quot;step_type&quot;:&quot;number_text&quot;,&quot;step_icon_shape&quot;:&quot;circle&quot;,&quot;label_icon_size&quot;:{&quot;unit&quot;:&quot;px&quot;,&quot;size&quot;:&quot;&quot;,&quot;sizes&quot;:[]},&quot;field_icon_size&quot;:{&quot;unit&quot;:&quot;px&quot;,&quot;size&quot;:&quot;&quot;,&quot;sizes&quot;:[]},&quot;dce_visibility_selected&quot;:&quot;yes&quot;}\" data-widget_type=\"form.default\">\n\t\t<p>Anm\u00e4lan \u00e4r st\u00e4ngd.<\/p>\t\t<\/div>\n\t\t\t\t\t<\/div>\n\t\t<\/div>\n\t\t\t\t\t<\/div>\n\t\t<\/section>\n\t\t\t\t<section class=\"elementor-section elementor-top-section elementor-element elementor-element-41ea535 elementor-section-boxed elementor-section-height-default elementor-section-height-default\" data-id=\"41ea535\" data-element_type=\"section\" data-e-type=\"section\" data-settings=\"{&quot;background_background&quot;:&quot;classic&quot;}\">\n\t\t\t\t\t\t<div class=\"elementor-container elementor-column-gap-default\">\n\t\t\t\t\t<div class=\"elementor-column elementor-col-100 elementor-top-column elementor-element elementor-element-7575cfb\" data-id=\"7575cfb\" data-element_type=\"column\" data-e-type=\"column\">\n\t\t\t<div class=\"elementor-widget-wrap elementor-element-populated\">\n\t\t\t\t\t\t<div class=\"elementor-element elementor-element-c87ee76 elementor-widget elementor-widget-text-editor\" data-id=\"c87ee76\" data-element_type=\"widget\" data-e-type=\"widget\" data-widget_type=\"text-editor.default\">\n\t\t\t\t<div class=\"elementor-widget-container\">\n\t\t\t\t\t\t\t\t\t<p>I evenemanget deltog 10 personer.<\/p>\t\t\t\t\t\t\t\t<\/div>\n\t\t\t\t<\/div>\n\t\t\t\t\t<\/div>\n\t\t<\/div>\n\t\t\t\t\t<\/div>\n\t\t<\/section>\n\t\t\t\t<\/div>\n\t\t","protected":false},"excerpt":{"rendered":"<p>Vi bes\u00f6ker Kvidinge och Klippan i nordv\u00e4stra Sk\u00e5ne och tittar p\u00e5 ett kungligt monument fr\u00e5n 1800-talet, ett v\u00e4rldsber\u00f6mt arkitektoniskt m\u00e4sterverk fr\u00e5n 1960-talet och programledaren Jacob Dahlins barndomsmilj\u00f6.<\/p>\n","protected":false},"author":1,"featured_media":434595,"comment_status":"closed","ping_status":"open","sticky":false,"template":"","format":"standard","meta":{"_acf_changed":false,"_seopress_robots_primary_cat":"none","_seopress_titles_title":"","_seopress_titles_desc":"","_seopress_robots_index":"","_kad_post_transparent":"","_kad_post_title":"","_kad_post_layout":"","_kad_post_sidebar_id":"","_kad_post_content_style":"","_kad_post_vertical_padding":"","_kad_post_feature":"","_kad_post_feature_position":"","_kad_post_header":false,"_kad_post_footer":false,"_kad_post_classname":"","footnotes":""},"categories":[41,160],"tags":[228,177],"class_list":["post-431994","post","type-post","status-publish","format-standard","has-post-thumbnail","hentry","category-aktiviteter","category-picknickar","tag-oresund","tag-tidigare"],"acf":[],"_links":{"self":[{"href":"https:\/\/skruv.nu\/be\/wp-json\/wp\/v2\/posts\/431994","targetHints":{"allow":["GET"]}}],"collection":[{"href":"https:\/\/skruv.nu\/be\/wp-json\/wp\/v2\/posts"}],"about":[{"href":"https:\/\/skruv.nu\/be\/wp-json\/wp\/v2\/types\/post"}],"author":[{"embeddable":true,"href":"https:\/\/skruv.nu\/be\/wp-json\/wp\/v2\/users\/1"}],"replies":[{"embeddable":true,"href":"https:\/\/skruv.nu\/be\/wp-json\/wp\/v2\/comments?post=431994"}],"version-history":[{"count":0,"href":"https:\/\/skruv.nu\/be\/wp-json\/wp\/v2\/posts\/431994\/revisions"}],"wp:featuredmedia":[{"embeddable":true,"href":"https:\/\/skruv.nu\/be\/wp-json\/wp\/v2\/media\/434595"}],"wp:attachment":[{"href":"https:\/\/skruv.nu\/be\/wp-json\/wp\/v2\/media?parent=431994"}],"wp:term":[{"taxonomy":"category","embeddable":true,"href":"https:\/\/skruv.nu\/be\/wp-json\/wp\/v2\/categories?post=431994"},{"taxonomy":"post_tag","embeddable":true,"href":"https:\/\/skruv.nu\/be\/wp-json\/wp\/v2\/tags?post=431994"}],"curies":[{"name":"wp","href":"https:\/\/api.w.org\/{rel}","templated":true}]}}