{"id":432091,"date":"2023-06-10T14:30:00","date_gmt":"2023-06-10T12:30:00","guid":{"rendered":"https:\/\/skruv.nu\/?p=432091"},"modified":"2023-06-11T13:09:31","modified_gmt":"2023-06-11T11:09:31","slug":"stickpicknick-i-landskrona-10-juni-2023","status":"publish","type":"post","link":"https:\/\/skruv.nu\/be\/aktiviteter\/stickpicknick-i-landskrona-10-juni-2023\/","title":{"rendered":"Stickpicknick i Landskrona"},"content":{"rendered":"\n<p class=\"has-theme-palette-7-background-color has-background has-medium-font-size\">Landskrona slott (Citadellet), Landskrona (samling vid Konditori Citadellet)<br>L\u00f6rdag 10 juni 2023 kl 14.30\u201317.00<\/p>\n\n\n\n<p>Vi spelar kubb och sjunger s\u00e5nger p\u00e5 olika spr\u00e5k. Kom och var med p\u00e5 en rolig eftermiddag!<\/p>\n\n\n\n<div class=\"wp-block-columns are-vertically-aligned-center is-layout-flex wp-container-core-columns-is-layout-9d6595d7 wp-block-columns-is-layout-flex\">\n<div class=\"wp-block-column is-vertically-aligned-center is-layout-flow wp-block-column-is-layout-flow\">\n<p>Ta g\u00e4rna med stickor och garn, eller dra p\u00e5 dig en stickad tr\u00f6ja! Den 10 juni \u00e4r det <a rel=\"noreferrer noopener\" href=\"https:\/\/sv.wikipedia.org\/wiki\/V%C3%A4rldsstickningsdagen\" target=\"_blank\">v\u00e4rldsstickardagen<\/a>, en \u00e5rlig manifestation som synligg\u00f6r stickandet som en social syssla.<\/p>\n<\/div>\n\n\n\n<div class=\"wp-block-column is-vertically-aligned-center is-layout-flow wp-block-column-is-layout-flow\">\n<figure class=\"wp-block-image size-large\"><img fetchpriority=\"high\" decoding=\"async\" width=\"1024\" height=\"1024\" src=\"https:\/\/skruv.nu\/wp-content\/uploads\/2003\/06\/dall\u00b7e-2023-05-15-09.09_1200x1200-1024x1024.jpg\" alt=\"bild i impressionistisk stil av m\u00e4nniskor som stickar utomhus\" class=\"wp-image-432882\" srcset=\"https:\/\/skruv.nu\/wp-content\/uploads\/2003\/06\/dall\u00b7e-2023-05-15-09.09_1200x1200-1024x1024.jpg 1024w, https:\/\/skruv.nu\/wp-content\/uploads\/2003\/06\/dall\u00b7e-2023-05-15-09.09_1200x1200-300x300.jpg 300w, https:\/\/skruv.nu\/wp-content\/uploads\/2003\/06\/dall\u00b7e-2023-05-15-09.09_1200x1200-150x150.jpg 150w, https:\/\/skruv.nu\/wp-content\/uploads\/2003\/06\/dall\u00b7e-2023-05-15-09.09_1200x1200-768x768.jpg 768w, https:\/\/skruv.nu\/wp-content\/uploads\/2003\/06\/dall\u00b7e-2023-05-15-09.09_1200x1200.jpg 1200w\" sizes=\"(max-width: 1024px) 100vw, 1024px\" \/><figcaption class=\"wp-element-caption\">Stickning utomhus. Illustration: DALL\u00b7E.<\/figcaption><\/figure>\n<\/div>\n<\/div>\n\n\n\n<p>Ta med n\u00e5got som du vill \u00e4ta och dricka, och n\u00e5got att sitta p\u00e5, s\u00e5 ses vi.<\/p>\n\n\n\n<div class=\"wp-block-columns are-vertically-aligned-center is-layout-flex wp-container-core-columns-is-layout-9d6595d7 wp-block-columns-is-layout-flex\">\n<div class=\"wp-block-column is-vertically-aligned-center is-layout-flow wp-block-column-is-layout-flow\">\n<p>Landskrona har Sveriges enda tr\u00e5dbusslinje, och i \u00e5r \u00e4r det 20 \u00e5r sedan tr\u00e5dbussarna b\u00f6rjade k\u00f6ra. Kom till Landskrona en stund tidigare och prova p\u00e5 att \u00e5ka tr\u00e5dbuss! Ta buss 3 fr\u00e5n Landskrona station till R\u00e5dhustorget. Avg\u00e5ngstider till exempel kl 13.40 eller 14.03.<\/p>\n<\/div>\n\n\n\n<div class=\"wp-block-column is-vertically-aligned-center is-layout-flow wp-block-column-is-layout-flow\">\n<figure class=\"wp-block-image size-large\"><img decoding=\"async\" width=\"683\" height=\"1024\" src=\"https:\/\/skruv.nu\/wp-content\/uploads\/2003\/06\/20230522_162412_foto-niklas-bonnemark_800x1200-683x1024.jpg\" alt=\"tr\u00e5dbuss\" class=\"wp-image-432885\" srcset=\"https:\/\/skruv.nu\/wp-content\/uploads\/2003\/06\/20230522_162412_foto-niklas-bonnemark_800x1200-683x1024.jpg 683w, https:\/\/skruv.nu\/wp-content\/uploads\/2003\/06\/20230522_162412_foto-niklas-bonnemark_800x1200-200x300.jpg 200w, https:\/\/skruv.nu\/wp-content\/uploads\/2003\/06\/20230522_162412_foto-niklas-bonnemark_800x1200-100x150.jpg 100w, https:\/\/skruv.nu\/wp-content\/uploads\/2003\/06\/20230522_162412_foto-niklas-bonnemark_800x1200-768x1152.jpg 768w, https:\/\/skruv.nu\/wp-content\/uploads\/2003\/06\/20230522_162412_foto-niklas-bonnemark_800x1200.jpg 800w\" sizes=\"(max-width: 683px) 100vw, 683px\" \/><figcaption class=\"wp-element-caption\">Tr\u00e5dbuss i Landskrona. Foto: Niklas B\u00f6nnemark.<\/figcaption><\/figure>\n<\/div>\n<\/div>\n\n\n\n<p>Spr\u00e5k (introduktion, kubb och alls\u00e5ng): svenska, ryska.<\/p>\n\n\n\n<p>Evenemanget \u00e4r gratis, \u00f6ppet f\u00f6r alla oavsett \u00e5lder och modersm\u00e5l. Ingen f\u00f6ranm\u00e4lan kr\u00e4vs. Picknicken \u00e4ger rum oavsett v\u00e4der.<\/p>\n\n\n\n<p>Picknicken \u00e4r \u00f6ppen f\u00f6r b\u00e5de medlemmar och icke-medlemmar. Passa g\u00e4rna p\u00e5 att betala medlemsavgiften till f\u00f6reningen (kontant eller Swish).<\/p>\n\n\n\n<p><em>Id\u00e9, planering och genomf\u00f6rande: Skruvs styrelse.<\/em><\/p>\n\n\n\n<p><a rel=\"noreferrer noopener\" href=\"https:\/\/www.facebook.com\/events\/1918110761884821\/\" target=\"_blank\">Se \u00e4ven evenemangets Facebooksida \u00bb<\/a><\/p>\n\n\n\n<p class=\"has-theme-palette-9-color has-theme-palette-3-background-color has-text-color has-background\">I evenemanget deltog 5 personer.<\/p>\n","protected":false},"excerpt":{"rendered":"<p>Skruv inbjuder till picknick vid Landskrona slott (citadellet). Eftersom det \u00e4r v\u00e4rldsstickardagen, \u00e4r det trevligt om m\u00e5nga tar med stickor och garn.<\/p>\n","protected":false},"author":1,"featured_media":433262,"comment_status":"closed","ping_status":"open","sticky":false,"template":"","format":"standard","meta":{"_acf_changed":false,"_seopress_robots_primary_cat":"none","_seopress_titles_title":"","_seopress_titles_desc":"","_seopress_robots_index":"","_kad_post_transparent":"","_kad_post_title":"","_kad_post_layout":"","_kad_post_sidebar_id":"","_kad_post_content_style":"","_kad_post_vertical_padding":"","_kad_post_feature":"","_kad_post_feature_position":"","_kad_post_header":false,"_kad_post_footer":false,"_kad_post_classname":"","footnotes":""},"categories":[41,160],"tags":[228,177],"class_list":["post-432091","post","type-post","status-publish","format-standard","has-post-thumbnail","hentry","category-aktiviteter","category-picknickar","tag-oresund","tag-tidigare"],"acf":[],"_links":{"self":[{"href":"https:\/\/skruv.nu\/be\/wp-json\/wp\/v2\/posts\/432091","targetHints":{"allow":["GET"]}}],"collection":[{"href":"https:\/\/skruv.nu\/be\/wp-json\/wp\/v2\/posts"}],"about":[{"href":"https:\/\/skruv.nu\/be\/wp-json\/wp\/v2\/types\/post"}],"author":[{"embeddable":true,"href":"https:\/\/skruv.nu\/be\/wp-json\/wp\/v2\/users\/1"}],"replies":[{"embeddable":true,"href":"https:\/\/skruv.nu\/be\/wp-json\/wp\/v2\/comments?post=432091"}],"version-history":[{"count":0,"href":"https:\/\/skruv.nu\/be\/wp-json\/wp\/v2\/posts\/432091\/revisions"}],"wp:featuredmedia":[{"embeddable":true,"href":"https:\/\/skruv.nu\/be\/wp-json\/wp\/v2\/media\/433262"}],"wp:attachment":[{"href":"https:\/\/skruv.nu\/be\/wp-json\/wp\/v2\/media?parent=432091"}],"wp:term":[{"taxonomy":"category","embeddable":true,"href":"https:\/\/skruv.nu\/be\/wp-json\/wp\/v2\/categories?post=432091"},{"taxonomy":"post_tag","embeddable":true,"href":"https:\/\/skruv.nu\/be\/wp-json\/wp\/v2\/tags?post=432091"}],"curies":[{"name":"wp","href":"https:\/\/api.w.org\/{rel}","templated":true}]}}