{"id":432145,"date":"2023-07-04T12:00:00","date_gmt":"2023-07-04T10:00:00","guid":{"rendered":"https:\/\/skruv.nu\/?p=432145"},"modified":"2023-07-04T19:45:56","modified_gmt":"2023-07-04T17:45:56","slug":"promenadpicknick-pa-soderasen-4-juli-2023","status":"publish","type":"post","link":"https:\/\/skruv.nu\/be\/aktiviteter\/promenadpicknick-pa-soderasen-4-juli-2023\/","title":{"rendered":"Promenadpicknick p\u00e5 S\u00f6der\u00e5sen"},"content":{"rendered":"\n<p class=\"has-theme-palette-7-background-color has-background has-medium-font-size\">Nackarpsdalsv\u00e4gen, R\u00f6st\u00e5nga (m\u00f6tesplats: s\u00f6dra entr\u00e9n till S\u00f6der\u00e5sens nationalpark)<br>Tisdag 4 juli 2023 kl 11.00\u201314.00<\/p>\n\n\n\n<p>Vi tr\u00e4ffas och promenerar tillsammans till Odensj\u00f6n, d\u00e4r vi sl\u00e5r oss ner f\u00f6r picknick.<\/p>\n\n\n\n<p>Ta med n\u00e5got som du vill \u00e4ta och dricka, och n\u00e5got att sitta p\u00e5, s\u00e5 ses vi.<\/p>\n\n\n\n<p>Spr\u00e5k (introduktion och alls\u00e5ng): svenska, ryska.<\/p>\n\n\n\n<p>Evenemanget \u00e4r gratis, \u00f6ppet f\u00f6r alla oavsett \u00e5lder och modersm\u00e5l. Ingen f\u00f6ranm\u00e4lan kr\u00e4vs. Picknicken \u00e4ger rum oavsett v\u00e4der.<\/p>\n\n\n\n<p>Picknicken \u00e4r \u00f6ppen f\u00f6r b\u00e5de medlemmar och icke-medlemmar. Passa g\u00e4rna p\u00e5 att betala medlemsavgiften till f\u00f6reningen (kontant eller Swish).<\/p>\n\n\n\n<p><em>Id\u00e9, planering och genomf\u00f6rande: Skruvs styrelse.<\/em><\/p>\n\n\n\n<p><a rel=\"noreferrer noopener\" href=\"https:\/\/www.facebook.com\/events\/978065406540822\" target=\"_blank\">Se \u00e4ven evenemangets Facebooksida \u00bb<\/a><\/p>\n\n\n\n<div class=\"wp-block-group has-theme-palette-7-background-color has-background is-layout-constrained wp-block-group-is-layout-constrained\">\n<h2 class=\"wp-block-heading\">F\u00f6rslag till resa med Sk\u00e5netrafiken<\/h2>\n\n\n\n<div class=\"wp-block-columns is-layout-flex wp-container-core-columns-is-layout-9d6595d7 wp-block-columns-is-layout-flex\">\n<div class=\"wp-block-column is-layout-flow wp-block-column-is-layout-flow\">\n<h3 class=\"wp-block-heading\">F\u00f6r resen\u00e4rer fr\u00e5n Malm\u00f6 och Lund<\/h3>\n\n\n\n<p>TILL R\u00d6ST\u00c5NGA<br>09.31 fr\u00e5n Malm\u00f6 C, P\u00e5gat\u00e5g 1212 mot Kristianstad C<br>09.45 fr\u00e5n Lund C<br>10.05 till Stehags station<br>\u2192 byte \u2192<br>10.23 fr\u00e5n Stehags station, Regionbuss 518 mot Klippan<br>10.44 till R\u00f6st\u00e5nga busstation<\/p>\n\n\n\n<p>FR\u00c5N R\u00d6ST\u00c5NGA<br>14.08 fr\u00e5n R\u00f6st\u00e5nga busstn, Regionbuss 518 mot Stehag<br>14.31 till Stehags station<br>\u2192 byte \u2192<br>14.52 fr\u00e5n Stehags station, P\u00e5gat\u00e5g 1223 mot Malm\u00f6 C<br>15.15 till Lund C<br>15.27 till Malm\u00f6 C<\/p>\n<\/div>\n\n\n\n<div class=\"wp-block-column is-layout-flow wp-block-column-is-layout-flow\">\n<h3 class=\"wp-block-heading\">F\u00f6r resen\u00e4rer fr\u00e5n Helsingborg<\/h3>\n\n\n\n<p>TILL R\u00d6ST\u00c5NGA<br>09.10 fr\u00e5n Helsingborg C, \u00d6resundst\u00e5g 1047 mot \u00d8sterport<br>09.21 till Landskrona station<br>\u2192 byte \u2192<br>09.27 fr\u00e5n Landskrona station, Regionbuss 240 mot Sval\u00f6v<br>10.04 till Sval\u00f6v Skolgatan<br>\u2192 byte \u2192<br>10.20 fr\u00e5n Sval\u00f6v Skolgatan, Regionbuss 243 mot R\u00f6st\u00e5nga<br>10.45 till R\u00f6st\u00e5nga busstation<\/p>\n\n\n\n<p>FR\u00c5N R\u00d6ST\u00c5NGA<br>14.05 fr\u00e5n R\u00f6st\u00e5nga busstn, Regionbuss 243 mot Sval\u00f6v<br>14.25 till Sval\u00f6vs station<br>\u2192 byte \u2192<br>14.32 fr\u00e5n Sval\u00f6vs station, P\u00e5gat\u00e5g 1420 mot \u00c5storp<br>14.50 till \u00c5storp<br>\u2192 byte \u2192<br>15.10 fr\u00e5n \u00c5storps station, P\u00e5gat\u00e5g 1823 mot Helsingborg C<br>15.35 till Helsingborg C<br>(alternativt fr\u00e5n R\u00f6st\u00e5nga som till Lund och d\u00e4rifr\u00e5n \u00d6resundst\u00e5g 15.22, ankomst 15.49)<\/p>\n<\/div>\n<\/div>\n<\/div>\n\n\n\n<p class=\"has-theme-palette-9-color has-theme-palette-3-background-color has-text-color has-background\">I aktiviteten deltog 4 personer.<\/p>\n","protected":false},"excerpt":{"rendered":"<p>Skruv inbjuder till promenad och picknick p\u00e5 S\u00f6der\u00e5sen, n\u00e4ra R\u00f6st\u00e5nga.<\/p>\n","protected":false},"author":1,"featured_media":433524,"comment_status":"closed","ping_status":"open","sticky":false,"template":"","format":"standard","meta":{"_acf_changed":false,"_seopress_robots_primary_cat":"none","_seopress_titles_title":"","_seopress_titles_desc":"","_seopress_robots_index":"","_kad_post_transparent":"","_kad_post_title":"","_kad_post_layout":"","_kad_post_sidebar_id":"","_kad_post_content_style":"","_kad_post_vertical_padding":"","_kad_post_feature":"","_kad_post_feature_position":"","_kad_post_header":false,"_kad_post_footer":false,"_kad_post_classname":"","footnotes":""},"categories":[41,160],"tags":[228,177],"class_list":["post-432145","post","type-post","status-publish","format-standard","has-post-thumbnail","hentry","category-aktiviteter","category-picknickar","tag-oresund","tag-tidigare"],"acf":[],"_links":{"self":[{"href":"https:\/\/skruv.nu\/be\/wp-json\/wp\/v2\/posts\/432145","targetHints":{"allow":["GET"]}}],"collection":[{"href":"https:\/\/skruv.nu\/be\/wp-json\/wp\/v2\/posts"}],"about":[{"href":"https:\/\/skruv.nu\/be\/wp-json\/wp\/v2\/types\/post"}],"author":[{"embeddable":true,"href":"https:\/\/skruv.nu\/be\/wp-json\/wp\/v2\/users\/1"}],"replies":[{"embeddable":true,"href":"https:\/\/skruv.nu\/be\/wp-json\/wp\/v2\/comments?post=432145"}],"version-history":[{"count":0,"href":"https:\/\/skruv.nu\/be\/wp-json\/wp\/v2\/posts\/432145\/revisions"}],"wp:featuredmedia":[{"embeddable":true,"href":"https:\/\/skruv.nu\/be\/wp-json\/wp\/v2\/media\/433524"}],"wp:attachment":[{"href":"https:\/\/skruv.nu\/be\/wp-json\/wp\/v2\/media?parent=432145"}],"wp:term":[{"taxonomy":"category","embeddable":true,"href":"https:\/\/skruv.nu\/be\/wp-json\/wp\/v2\/categories?post=432145"},{"taxonomy":"post_tag","embeddable":true,"href":"https:\/\/skruv.nu\/be\/wp-json\/wp\/v2\/tags?post=432145"}],"curies":[{"name":"wp","href":"https:\/\/api.w.org\/{rel}","templated":true}]}}