{"id":432202,"date":"2023-08-13T13:45:00","date_gmt":"2023-08-13T11:45:00","guid":{"rendered":"https:\/\/skruv.nu\/?p=432202"},"modified":"2023-08-13T21:20:56","modified_gmt":"2023-08-13T19:20:56","slug":"picknick-vid-ales-stenar-ystad-13-augusti-2023","status":"publish","type":"post","link":"https:\/\/skruv.nu\/be\/aktiviteter\/picknick-vid-ales-stenar-ystad-13-augusti-2023\/","title":{"rendered":"Picknick vid Ales stenar (Ystad)"},"content":{"rendered":"\n<p class=\"has-theme-palette-7-background-color has-background has-medium-font-size\">Ales stenar, K\u00e5seberga, 18 km \u00f6ster om Ystad (samling vid stenarna)<br>S\u00f6ndag 13 augusti 2023 kl 13.45\u201316.30<\/p>\n\n\n\n<p>En varm tr\u00f6ja \u00e4r alltid l\u00e4mpligt att ha med sig till Ales stenar, eftersom det kan vara lite bl\u00e5sigt vid havet.<\/p>\n\n\n\n<p>Samling vid stenarna kl. 13.45.<\/p>\n\n\n\n<p>Vi spelar kubb och sjunger s\u00e5nger p\u00e5 olika spr\u00e5k. Kom och var med p\u00e5 en rolig eftermiddag!<\/p>\n\n\n\n<p>Ta med n\u00e5got som du vill \u00e4ta och dricka, och n\u00e5got att sitta p\u00e5, s\u00e5 ses vi.<\/p>\n\n\n\n<p>Spr\u00e5k (introduktion, kubb och alls\u00e5ng): svenska, ryska.<\/p>\n\n\n\n<p>Evenemanget \u00e4r gratis, \u00f6ppet f\u00f6r alla oavsett \u00e5lder och modersm\u00e5l. Ingen f\u00f6ranm\u00e4lan kr\u00e4vs. Picknicken \u00e4ger rum oavsett v\u00e4der.<\/p>\n\n\n\n<p>Picknicken \u00e4r \u00f6ppen f\u00f6r b\u00e5de medlemmar och icke-medlemmar. Passa g\u00e4rna p\u00e5 att betala medlemsavgiften till f\u00f6reningen (kontant eller Swish).<\/p>\n\n\n\n<p><a href=\"https:\/\/www.facebook.com\/events\/251273174064426\/\" target=\"_blank\" rel=\"noreferrer noopener\">Se \u00e4ven evenemangets Facebooksida \u00bb<\/a><\/p>\n\n\n\n<p><em>Id\u00e9, planering och genomf\u00f6rande: Skruvs styrelse.<\/em><\/p>\n\n\n\n<div class=\"wp-block-group has-theme-palette-7-background-color has-background is-layout-constrained wp-block-group-is-layout-constrained\">\n<h2 class=\"wp-block-heading\">F\u00f6rslag till resv\u00e4g fr\u00e5n Malm\u00f6<\/h2>\n\n\n\n<p>P\u00e5gat\u00e5g mot Simrishamn avg\u00e5r fr\u00e5n Malm\u00f6 C 11.07 och ankommer till Ystad 11.56.<br>Buss 322 avg\u00e5r fr\u00e5n Ystads station 12.35 och ankommer till K\u00e5seberga 13.01.<br>Fr\u00e5n bussh\u00e5llplatsen i K\u00e5seberga \u00e4r det cirka 15\u201320 minuters g\u00e5ngv\u00e4g till&nbsp;Ales&nbsp;stenar.<\/p>\n\n\n\n<h3 class=\"wp-block-heading\">F\u00f6rslag p\u00e5&nbsp;\u00e5terresa<\/h3>\n\n\n\n<p>Fr\u00e5n K\u00e5seberga g\u00e5r bussen tillbaka 17.01, byte till t\u00e5g i Ystad och ankomst till Malm\u00f6 18.20.<\/p>\n<\/div>\n\n\n\n<p><\/p>\n\n\n\n<p class=\"has-theme-palette-9-color has-theme-palette-3-background-color has-text-color has-background\">I evenemanget deltog 19 personer.<\/p>\n","protected":false},"excerpt":{"rendered":"<p>Skruv ordnar picknick med en makal\u00f6s utsikt \u00f6ver havet och den sk\u00e5nska sydkusten.<\/p>\n","protected":false},"author":1,"featured_media":434604,"comment_status":"closed","ping_status":"open","sticky":false,"template":"","format":"standard","meta":{"_acf_changed":false,"_seopress_robots_primary_cat":"none","_seopress_titles_title":"","_seopress_titles_desc":"","_seopress_robots_index":"","_kad_post_transparent":"","_kad_post_title":"","_kad_post_layout":"","_kad_post_sidebar_id":"","_kad_post_content_style":"","_kad_post_vertical_padding":"","_kad_post_feature":"","_kad_post_feature_position":"","_kad_post_header":false,"_kad_post_footer":false,"_kad_post_classname":"","footnotes":""},"categories":[41,160],"tags":[228,177],"class_list":["post-432202","post","type-post","status-publish","format-standard","has-post-thumbnail","hentry","category-aktiviteter","category-picknickar","tag-oresund","tag-tidigare"],"acf":[],"_links":{"self":[{"href":"https:\/\/skruv.nu\/be\/wp-json\/wp\/v2\/posts\/432202","targetHints":{"allow":["GET"]}}],"collection":[{"href":"https:\/\/skruv.nu\/be\/wp-json\/wp\/v2\/posts"}],"about":[{"href":"https:\/\/skruv.nu\/be\/wp-json\/wp\/v2\/types\/post"}],"author":[{"embeddable":true,"href":"https:\/\/skruv.nu\/be\/wp-json\/wp\/v2\/users\/1"}],"replies":[{"embeddable":true,"href":"https:\/\/skruv.nu\/be\/wp-json\/wp\/v2\/comments?post=432202"}],"version-history":[{"count":0,"href":"https:\/\/skruv.nu\/be\/wp-json\/wp\/v2\/posts\/432202\/revisions"}],"wp:featuredmedia":[{"embeddable":true,"href":"https:\/\/skruv.nu\/be\/wp-json\/wp\/v2\/media\/434604"}],"wp:attachment":[{"href":"https:\/\/skruv.nu\/be\/wp-json\/wp\/v2\/media?parent=432202"}],"wp:term":[{"taxonomy":"category","embeddable":true,"href":"https:\/\/skruv.nu\/be\/wp-json\/wp\/v2\/categories?post=432202"},{"taxonomy":"post_tag","embeddable":true,"href":"https:\/\/skruv.nu\/be\/wp-json\/wp\/v2\/tags?post=432202"}],"curies":[{"name":"wp","href":"https:\/\/api.w.org\/{rel}","templated":true}]}}