{"id":432443,"date":"2023-05-02T16:00:00","date_gmt":"2023-05-02T14:00:00","guid":{"rendered":"https:\/\/skruv.nu\/?p=432443"},"modified":"2023-05-02T17:52:23","modified_gmt":"2023-05-02T15:52:23","slug":"skruv-deltar-i-workshop-i-malmo-om-arbetet-med-sociala-medier","status":"publish","type":"post","link":"https:\/\/skruv.nu\/be\/aktiviteter\/skruv-deltar-i-workshop-i-malmo-om-arbetet-med-sociala-medier\/","title":{"rendered":"Skruv deltar i workshop i Malm\u00f6 om arbetet med sociala medier"},"content":{"rendered":"\n<p class=\"has-theme-palette-7-background-color has-background has-medium-font-size\">F\u00f6reningscenter Nobel 21, Nobelv\u00e4gen 21, Malm\u00f6<br>Tisdag 2 maj 2023 kl 16.00\u201317.00<\/p>\n\n\n\n<p>Vi f\u00e5r bra och anv\u00e4ndbara tips f\u00f6r oss som jobbar med sociala medier i ideella f\u00f6reningar.<\/p>\n\n\n\n<p>Som representant f\u00f6r Skruv deltar f\u00f6reningens ordf\u00f6rande Niklas B\u00f6nnemark.<\/p>\n","protected":false},"excerpt":{"rendered":"<p>Malm\u00f6 Ideella ordnar workshop med den sociala medierbyr\u00e5n Delumo.<\/p>\n","protected":false},"author":1,"featured_media":430779,"comment_status":"closed","ping_status":"open","sticky":false,"template":"","format":"standard","meta":{"_acf_changed":false,"_seopress_robots_primary_cat":"none","_seopress_titles_title":"","_seopress_titles_desc":"","_seopress_robots_index":"","_kad_post_transparent":"","_kad_post_title":"","_kad_post_layout":"","_kad_post_sidebar_id":"","_kad_post_content_style":"","_kad_post_vertical_padding":"","_kad_post_feature":"","_kad_post_feature_position":"","_kad_post_header":false,"_kad_post_footer":false,"_kad_post_classname":"","footnotes":""},"categories":[41,166],"tags":[222,177],"class_list":["post-432443","post","type-post","status-publish","format-standard","has-post-thumbnail","hentry","category-aktiviteter","category-foreningsdemokrati","tag-malmo","tag-tidigare"],"acf":[],"_links":{"self":[{"href":"https:\/\/skruv.nu\/be\/wp-json\/wp\/v2\/posts\/432443","targetHints":{"allow":["GET"]}}],"collection":[{"href":"https:\/\/skruv.nu\/be\/wp-json\/wp\/v2\/posts"}],"about":[{"href":"https:\/\/skruv.nu\/be\/wp-json\/wp\/v2\/types\/post"}],"author":[{"embeddable":true,"href":"https:\/\/skruv.nu\/be\/wp-json\/wp\/v2\/users\/1"}],"replies":[{"embeddable":true,"href":"https:\/\/skruv.nu\/be\/wp-json\/wp\/v2\/comments?post=432443"}],"version-history":[{"count":0,"href":"https:\/\/skruv.nu\/be\/wp-json\/wp\/v2\/posts\/432443\/revisions"}],"wp:featuredmedia":[{"embeddable":true,"href":"https:\/\/skruv.nu\/be\/wp-json\/wp\/v2\/media\/430779"}],"wp:attachment":[{"href":"https:\/\/skruv.nu\/be\/wp-json\/wp\/v2\/media?parent=432443"}],"wp:term":[{"taxonomy":"category","embeddable":true,"href":"https:\/\/skruv.nu\/be\/wp-json\/wp\/v2\/categories?post=432443"},{"taxonomy":"post_tag","embeddable":true,"href":"https:\/\/skruv.nu\/be\/wp-json\/wp\/v2\/tags?post=432443"}],"curies":[{"name":"wp","href":"https:\/\/api.w.org\/{rel}","templated":true}]}}