{"id":436156,"date":"2023-12-17T12:30:00","date_gmt":"2023-12-17T11:30:00","guid":{"rendered":"https:\/\/skruv.nu\/okategoriserad\/farfar-frost-och-snoflickans-nyarsaventyr-interaktiv-forestallning-i-malmo-17-december-2023\/"},"modified":"2025-01-19T19:26:12","modified_gmt":"2025-01-19T18:26:12","slug":"farfar-frost-och-snoflickans-nyarsaventyr-interaktiv-forestallning-i-malmo-17-december-2023","status":"publish","type":"post","link":"https:\/\/skruv.nu\/be\/aktiviteter\/barn\/barn-malmo\/farfar-frost-och-snoflickans-nyarsaventyr-interaktiv-forestallning-i-malmo-17-december-2023\/","title":{"rendered":"Farfar Frost och Sn\u00f6flickans ny\u00e5rs\u00e4ventyr, interaktiv f\u00f6rest\u00e4llning i Malm\u00f6"},"content":{"rendered":"\n<p class=\"has-theme-palette-7-background-color has-background has-medium-font-size\">Studiefr\u00e4mjandet, Ystadsgatan 53, Malm\u00f6<br\/>S\u00f6ndag 17 december 2023 kl 12.30\u201315.00<\/p>\n\n<p>Vi bjuder in er till ny\u00e5rets interaktiva showprogram, d\u00e4r b\u00e5de barn och vuxna kommer att bli aktiva deltagare i en h\u00e4rlig f\u00f6rest\u00e4llning. Teaterf\u00f6rest\u00e4llning baserad p\u00e5 ryska folksagor, s\u00e5nger, danser, ringlekar, magiska f\u00f6rvandlingar och f\u00e4rgglada kostymer kommer att skapa en of\u00f6rgl\u00f6mlig ny\u00e5rsst\u00e4mning f\u00f6r alla. Rekommenderad \u00e5lder \u00e4r fr\u00e5n 3 \u00e5r och programmet varar ca 1 timme, d\u00e4refter har du m\u00f6jlighet att bli fotograferad med artisterna och fika i popupkaf\u00e9et i foaj\u00e9n.<\/p>\n\n<p>B\u00e5da f\u00f6rest\u00e4llningarna \u00e4r likadana, men du har m\u00f6jlighet att best\u00e4lla en ny\u00e5rspresent efter ditt barns \u00e5lder. Vi uppmanar alla, b\u00e5de vuxna och barn, att komma utkl\u00e4dda och med ett par ombytesskor f\u00f6r allas trevnad.<\/p>\n\n<h2 class=\"wp-block-heading\">Avgifter<\/h2>\n\n<div class=\"wp-block-columns is-layout-flex wp-container-core-columns-is-layout-9d6595d7 wp-block-columns-is-layout-flex\">\n<div class=\"wp-block-column is-layout-flow wp-block-column-is-layout-flow\">\n<h3 class=\"wp-block-heading\">Biljett (utan present)<\/h3>\n\n\n\n<p>Entr\u00e9biljett f\u00f6r vuxna och barn fr\u00e5n 1 \u00e5r: <strong>140 kr<\/strong> (biljett utan present).<\/p>\n\n\n\n<p>Biljettpris f\u00f6r Skruv-medlemmar: <strong>110 kronor<\/strong>.<\/p>\n\n\n\n<p class=\"has-theme-palette-7-background-color has-background\">Medlemskap kan tecknas i v\u00e5r webbutik innan du k\u00f6per biljetter. Genom att g\u00e5 med i Skruv st\u00f6der du m\u00e5nga viktiga och v\u00e4rdefulla insatser som v\u00e5ra volont\u00e4rer g\u00f6r. Alla int\u00e4kter fr\u00e5n biljettf\u00f6rs\u00e4ljningen g\u00e5r till utvecklingen av Skruvs barnverksamhet.<\/p>\n<\/div>\n\n\n\n<div class=\"wp-block-column is-layout-flow wp-block-column-is-layout-flow\">\n<h3 class=\"wp-block-heading\">Present<\/h3>\n\n\n\n<p>Present ing\u00e5r inte i priset f\u00f6r entr\u00e9biljetten utan m\u00e5ste best\u00e4llas och betalas separat. Pris: 80 kr. Antalet g\u00e5vor f\u00f6r varje \u00e5lder och varje f\u00f6rest\u00e4llning \u00e4r begr\u00e4nsat.<\/p>\n\n\n\n<p class=\"has-theme-palette-7-background-color has-background\">Presenten best\u00e5r av en liten bok, ett konstset eller en leksak f\u00f6r barn, gel\u00e9godis, en kaka och en chokladtomte. Presenterna f\u00f6r olika \u00e5ldrar inneh\u00e5ller olika aktivitetsset\/leksaker och b\u00f6cker, men godiset i alla presenterna \u00e4r detsamma.<\/p>\n<\/div>\n<\/div>\n\n<h2 class=\"wp-block-heading\">Var kan jag k\u00f6pa biljetter och presenter?<\/h2>\n\n<p>Biljetterna s\u00e4ljs till och med den 10 december i Skruvs webbutik.<\/p>\n\n<div class=\"wp-block-buttons is-content-justification-center is-layout-flex wp-container-core-buttons-is-layout-16018d1d wp-block-buttons-is-layout-flex\">\n<div class=\"wp-block-button\"><a class=\"wp-block-button__link has-text-align-center wp-element-button\" href=\"https:\/\/butik.skruv.nu\/\">\n          <strong>K\u00d6P BILJETTER OCH PRESENTER<\/strong>\n        <\/a><\/div>\n<\/div>\n\n<div style=\"height:50px\" aria-hidden=\"true\" class=\"wp-block-spacer\"><\/div>\n\n<div class=\"wp-block-group has-theme-palette-7-background-color has-background is-layout-constrained wp-block-group-is-layout-constrained\">\n<h2 class=\"wp-block-heading\">Regler vid biljettk\u00f6p<\/h2>\n\n\n\n<p>Biljetterna \u00e4r inte personliga, s\u00e5 en konsument som inte sj\u00e4lv kommer att utnyttja en k\u00f6pt biljett har r\u00e4tt att s\u00e4lja denna vidare. En bokning kan \u00e5ngras fram till dess att betalning har skett. Distansavtalslagens regler om \u00e5ngerr\u00e4tt g\u00e4ller ej vid k\u00f6p av evenemangsbiljetter. N\u00e4r betalning har skett \u00e4r du som kund d\u00e4rf\u00f6r bunden av ditt k\u00f6p.<\/p>\n\n\n\n<p>K\u00f6pt biljett \u00e5terl\u00f6ses ej, med undantag f\u00f6r om f\u00f6rest\u00e4llningen\/konserten st\u00e4lls in. Kunden skall i dessa fall senast en (1) m\u00e5nad fr\u00e5n evenemangsdatumet\/dagen d\u00e5 evenemanget skulle ha varit, meddela sitt anspr\u00e5k p\u00e5 \u00e5terbetalning till det f\u00f6retag varifr\u00e5n biljetten k\u00f6pts. Om s\u00e5 inte sker har kunden ej r\u00e4tt till \u00e5terbetalning. Detta g\u00e4ller b\u00e5de vid inst\u00e4llt evenemang och i de fall d\u00e5 biljett makulerats och kunden har haft r\u00e4tt till \u00e5terbetalning.<\/p>\n\n\n\n<p>Kunden ansvarar sj\u00e4lv f\u00f6r att kontrollera att f\u00f6rest\u00e4llning ej \u00e4r inst\u00e4lld eller flyttad.<\/p>\n\n\n\n<p>Det kan finnas andra, eller ytterligare lagar och regler som g\u00e4ller f\u00f6r k\u00f6p som genomf\u00f6rs av konsumenter. F\u00f6r mer information om dina r\u00e4ttigheter som konsument h\u00e4nvisar vi dig till Konsumentverket, se <a href=\"https:\/\/www.konsumentverket.se\/\">www.konsumentverket.se<\/a>.<\/p>\n<\/div>\n\n<p>\n          <a href=\"https:\/\/www.facebook.com\/events\/249717778117120\/\" target=\"_blank\" rel=\"noreferrer noopener\">Se \u00e4ven evenemanget p\u00e5 Facebook.<\/a>\n        <\/p>\n\n<div class=\"wp-block-columns is-layout-flex wp-container-core-columns-is-layout-9d6595d7 wp-block-columns-is-layout-flex\">\n<div class=\"wp-block-column is-layout-flow wp-block-column-is-layout-flow\" style=\"flex-basis:66.66%\">\n<p>\n          <em>Det h\u00e4r \u00e4r ett arrangemang av Skruv i samarbete med Studiefr\u00e4mjandet.<br\/>Regiss\u00f6r: Snezjana Dmitrijevna.<br\/>Lokal tillhandah\u00e5lls av: Studiefr\u00e4mjandet.<br\/>Organisation av arbetet med sk\u00e5despelarna: Daria Barmouk.<br\/>I rollerna: Anna, Eugene, Elena, Inna, Jeanne, Roman, Marina, Natasha, Svyatoslav.<br\/>Koreografi: Uliana Storozhylova och Inna Zolotova.<br\/>Kass\u00f6r: Nuria B\u00f6nnemark.<br\/>Affisch: Albina Durova.<br\/>Redigering och \u00f6vers\u00e4ttning av inbjudan, marknadsf\u00f6ring: Niklas B\u00f6nnemark.<br\/>Iordningsst\u00e4llande\/\u00e5terst\u00e4llande av lokal: deltagarna.<\/em>\n        <\/p>\n<\/div>\n\n\n\n<div class=\"wp-block-column is-layout-flow wp-block-column-is-layout-flow\" style=\"flex-basis:33.33%\">\n<div class=\"wp-block-group has-background is-layout-flow wp-block-group-is-layout-flow\" style=\"background-color:#f4f4f4\">\n<p class=\"has-text-align-center has-large-font-size\">I samarbete med<\/p>\n\n\n\n<figure class=\"wp-block-image aligncenter size-full\"><img fetchpriority=\"high\" decoding=\"async\" width=\"300\" height=\"194\" src=\"https:\/\/skruv.nu\/wp-content\/uploads\/2022\/01\/sfr-logo-red-transparent-bakgrund_b300.png\" alt=\"Studiefr&#xE4;mjandets logotyp\" class=\"wp-image-424998\" srcset=\"https:\/\/skruv.nu\/wp-content\/uploads\/2022\/01\/sfr-logo-red-transparent-bakgrund_b300.png 300w, https:\/\/skruv.nu\/wp-content\/uploads\/2022\/01\/sfr-logo-red-transparent-bakgrund_b300-150x97.png 150w\" sizes=\"(max-width: 300px) 100vw, 300px\" \/><\/figure>\n<\/div>\n<\/div>\n<\/div>\n\n<figure class=\"wp-block-gallery has-nested-images columns-default is-cropped wp-block-gallery-2 is-layout-flex wp-block-gallery-is-layout-flex\">\n<figure class=\"wp-block-image\"><img decoding=\"async\" width=\"2560\" height=\"1340\" data-id=\"436149\" src=\"https:\/\/skruv.nu\/wp-content\/uploads\/2023\/11\/20231217-skazka_3840x2010-scaled.jpg\" alt=\"Farfar Frost och Sn&#xF6;flickan mellan en sn&#xF6;gubbe och en ny&#xE5;rsgran\" class=\"wp-image-436149\" srcset=\"https:\/\/skruv.nu\/wp-content\/uploads\/2023\/11\/20231217-skazka_3840x2010-scaled.jpg 2560w, https:\/\/skruv.nu\/wp-content\/uploads\/2023\/11\/20231217-skazka_3840x2010-300x157.jpg 300w, https:\/\/skruv.nu\/wp-content\/uploads\/2023\/11\/20231217-skazka_3840x2010-1920x1005.jpg 1920w, https:\/\/skruv.nu\/wp-content\/uploads\/2023\/11\/20231217-skazka_3840x2010-150x79.jpg 150w, https:\/\/skruv.nu\/wp-content\/uploads\/2023\/11\/20231217-skazka_3840x2010-768x402.jpg 768w, https:\/\/skruv.nu\/wp-content\/uploads\/2023\/11\/20231217-skazka_3840x2010-1536x804.jpg 1536w, https:\/\/skruv.nu\/wp-content\/uploads\/2023\/11\/20231217-skazka_3840x2010-2048x1072.jpg 2048w\" sizes=\"(max-width: 2560px) 100vw, 2560px\" \/><figcaption class=\"wp-element-caption\">Affisch: Albina Durova.<\/figcaption><\/figure>\n<\/figure>\n","protected":false},"excerpt":{"rendered":"<p>Skruvs ryska barnverksamhet presenterar den interaktiva f\u00f6rest\u00e4llningen Farfar Frost och Sn\u00f6flickans ny\u00e5rs\u00e4ventyr f\u00f6r barn mellan 3 och 103 \u00e5r.<\/p>\n","protected":false},"author":1,"featured_media":436642,"comment_status":"closed","ping_status":"open","sticky":false,"template":"","format":"standard","meta":{"_acf_changed":false,"_seopress_robots_primary_cat":"none","_seopress_titles_title":"","_seopress_titles_desc":"","_seopress_robots_index":"","_kad_post_transparent":"","_kad_post_title":"","_kad_post_layout":"","_kad_post_sidebar_id":"","_kad_post_content_style":"","_kad_post_vertical_padding":"","_kad_post_feature":"","_kad_post_feature_position":"","_kad_post_header":false,"_kad_post_footer":false,"_kad_post_classname":"","footnotes":""},"categories":[41,32,397],"tags":[222,177],"class_list":["post-436156","post","type-post","status-publish","format-standard","has-post-thumbnail","hentry","category-aktiviteter","category-barn-malmo","category-teater","tag-malmo","tag-tidigare"],"acf":[],"_links":{"self":[{"href":"https:\/\/skruv.nu\/be\/wp-json\/wp\/v2\/posts\/436156","targetHints":{"allow":["GET"]}}],"collection":[{"href":"https:\/\/skruv.nu\/be\/wp-json\/wp\/v2\/posts"}],"about":[{"href":"https:\/\/skruv.nu\/be\/wp-json\/wp\/v2\/types\/post"}],"author":[{"embeddable":true,"href":"https:\/\/skruv.nu\/be\/wp-json\/wp\/v2\/users\/1"}],"replies":[{"embeddable":true,"href":"https:\/\/skruv.nu\/be\/wp-json\/wp\/v2\/comments?post=436156"}],"version-history":[{"count":2,"href":"https:\/\/skruv.nu\/be\/wp-json\/wp\/v2\/posts\/436156\/revisions"}],"predecessor-version":[{"id":445876,"href":"https:\/\/skruv.nu\/be\/wp-json\/wp\/v2\/posts\/436156\/revisions\/445876"}],"wp:featuredmedia":[{"embeddable":true,"href":"https:\/\/skruv.nu\/be\/wp-json\/wp\/v2\/media\/436642"}],"wp:attachment":[{"href":"https:\/\/skruv.nu\/be\/wp-json\/wp\/v2\/media?parent=436156"}],"wp:term":[{"taxonomy":"category","embeddable":true,"href":"https:\/\/skruv.nu\/be\/wp-json\/wp\/v2\/categories?post=436156"},{"taxonomy":"post_tag","embeddable":true,"href":"https:\/\/skruv.nu\/be\/wp-json\/wp\/v2\/tags?post=436156"}],"curies":[{"name":"wp","href":"https:\/\/api.w.org\/{rel}","templated":true}]}}